{"id":222975,"date":"2026-01-10T01:19:13","date_gmt":"2026-01-10T01:19:13","guid":{"rendered":"https:\/\/www.europesays.com\/pt\/222975\/"},"modified":"2026-01-10T01:19:13","modified_gmt":"2026-01-10T01:19:13","slug":"so-seis-das-16-ambulancias-do-inem-na-area-metropolitana-de-lisboa-estao-operacionais","status":"publish","type":"post","link":"https:\/\/www.europesays.com\/pt\/222975\/","title":{"rendered":"S\u00f3 seis das 16 ambul\u00e2ncias do INEM na \u00c1rea Metropolitana de Lisboa est\u00e3o operacionais"},"content":{"rendered":"<p data-remotead-prev-elm=\"true\" data-remotead-elm-id=\"inread\">A revela\u00e7\u00e3o foi feita na Comiss\u00e3o Parlamentar de Inqu\u00e9rito (CPI) ao INEM, na quinta-feira, pelo coordenador da comiss\u00e3o de trabalhadores do Instituto.<strong> &#8220;Das 16 ambul\u00e2ncias que quer\u00edamos ter, temos duas. E com trabalho extraordin\u00e1rio conseguimos completar seis&#8221;<\/strong>, explicou Rui Gon\u00e7alves, indicando que s\u00f3 \u00e9 poss\u00edvel colocar seis ambul\u00e2ncias ao servi\u00e7o da popula\u00e7\u00e3o devido \u00e0s horas extraordin\u00e1rias feitas pelos profissionais.<\/p>\n","protected":false},"excerpt":{"rendered":"A revela\u00e7\u00e3o foi feita na Comiss\u00e3o Parlamentar de Inqu\u00e9rito (CPI) ao INEM, na quinta-feira, pelo coordenador da comiss\u00e3o&hellip;\n","protected":false},"author":2,"featured_media":222976,"comment_status":"","ping_status":"","sticky":false,"template":"","format":"standard","meta":{"footnotes":""},"categories":[10],"tags":[42771,27,28,15,16,14,7923,25,26,21,22,619,12,13,19,20,32,23,24,33,17,18,29,30,31],"class_list":{"0":"post-222975","1":"post","2":"type-post","3":"status-publish","4":"format-standard","5":"has-post-thumbnail","7":"category-portugal","8":"tag-ambulancias","9":"tag-breaking-news","10":"tag-breakingnews","11":"tag-featured-news","12":"tag-featurednews","13":"tag-headlines","14":"tag-inem","15":"tag-latest-news","16":"tag-latestnews","17":"tag-main-news","18":"tag-mainnews","19":"tag-nacional","20":"tag-news","21":"tag-noticias","22":"tag-noticias-principais","23":"tag-noticiasprincipais","24":"tag-portugal","25":"tag-principais-noticias","26":"tag-principaisnoticias","27":"tag-pt","28":"tag-top-stories","29":"tag-topstories","30":"tag-ultimas","31":"tag-ultimas-noticias","32":"tag-ultimasnoticias"},"share_on_mastodon":{"url":"https:\/\/pubeurope.com\/@pt\/115868176914191075","error":""},"_links":{"self":[{"href":"https:\/\/www.europesays.com\/pt\/wp-json\/wp\/v2\/posts\/222975","targetHints":{"allow":["GET"]}}],"collection":[{"href":"https:\/\/www.europesays.com\/pt\/wp-json\/wp\/v2\/posts"}],"about":[{"href":"https:\/\/www.europesays.com\/pt\/wp-json\/wp\/v2\/types\/post"}],"author":[{"embeddable":true,"href":"https:\/\/www.europesays.com\/pt\/wp-json\/wp\/v2\/users\/2"}],"replies":[{"embeddable":true,"href":"https:\/\/www.europesays.com\/pt\/wp-json\/wp\/v2\/comments?post=222975"}],"version-history":[{"count":0,"href":"https:\/\/www.europesays.com\/pt\/wp-json\/wp\/v2\/posts\/222975\/revisions"}],"wp:featuredmedia":[{"embeddable":true,"href":"https:\/\/www.europesays.com\/pt\/wp-json\/wp\/v2\/media\/222976"}],"wp:attachment":[{"href":"https:\/\/www.europesays.com\/pt\/wp-json\/wp\/v2\/media?parent=222975"}],"wp:term":[{"taxonomy":"category","embeddable":true,"href":"https:\/\/www.europesays.com\/pt\/wp-json\/wp\/v2\/categories?post=222975"},{"taxonomy":"post_tag","embeddable":true,"href":"https:\/\/www.europesays.com\/pt\/wp-json\/wp\/v2\/tags?post=222975"}],"curies":[{"name":"wp","href":"https:\/\/api.w.org\/{rel}","templated":true}]}}