{"id":223001,"date":"2026-01-10T01:42:26","date_gmt":"2026-01-10T01:42:26","guid":{"rendered":"https:\/\/www.europesays.com\/pt\/223001\/"},"modified":"2026-01-10T01:42:26","modified_gmt":"2026-01-10T01:42:26","slug":"entenda-a-relacao-entre-desigualdade-social-e-envelhecimento","status":"publish","type":"post","link":"https:\/\/www.europesays.com\/pt\/223001\/","title":{"rendered":"Entenda a rela\u00e7\u00e3o entre desigualdade social e envelhecimento"},"content":{"rendered":"<p>A <strong>desigualdade social e envelhecimento<\/strong> caminham juntos em sociedades marcadas por grandes diferen\u00e7as econ\u00f4micas. Pesquisas recentes mostram que renda, escolaridade e acesso a servi\u00e7os influenciam expectativas, sa\u00fade e qualidade de vida ao longo do tempo. O impacto aparece tanto na forma como pessoas idosas avaliam o pr\u00f3prio envelhecimento quanto na exposi\u00e7\u00e3o a doen\u00e7as cr\u00f4nicas e neurodegenerativas.<\/p>\n<p>Estudo do Pew Research Center analisou percep\u00e7\u00f5es sobre envelhecer entre adultos norte-americanos. Os resultados indicam diferen\u00e7as claras segundo a renda. Entre pessoas com 65 anos ou mais, 61% das que est\u00e3o na faixa de renda mais alta afirmam envelhecer muito bem. Na renda m\u00e9dia, esse percentual cai para 51%. Na faixa mais baixa, apenas 39% compartilham essa percep\u00e7\u00e3o.<\/p>\n<p>A renda tamb\u00e9m influencia h\u00e1bitos e oportunidades na velhice, o que refor\u00e7a a rela\u00e7\u00e3o entre desigualdade social e envelhecimento. Pessoas com maior renda tendem a avaliar melhor a pr\u00f3pria sa\u00fade f\u00edsica e mental. Elas dedicam mais tempo a hobbies e atividades culturais. Tamb\u00e9m socializam com mais frequ\u00eancia e participam de associa\u00e7\u00f5es ou clubes. Esses fatores contribuem para maior bem-estar ao longo dos anos.<\/p>\n<p>O levantamento mostra ainda diferen\u00e7as entre gera\u00e7\u00f5es. Quase metade das pessoas com 65 anos ou mais avalia positivamente o pr\u00f3prio envelhecimento. Entre adultos mais jovens, apenas 30% esperam envelhecer da mesma forma. Ao pensar na vida ap\u00f3s os 70 anos, 67% relatam preocupa\u00e7\u00e3o. Apenas 51% demonstram entusiasmo com essa etapa.<\/p>\n<p>Quest\u00f5es financeiras aparecem como fator central nessas percep\u00e7\u00f5es. Cerca de 45% dos adultos abaixo dos 65 anos n\u00e3o confiam que ter\u00e3o renda suficiente na aposentadoria. Muitos acreditam que talvez n\u00e3o consigam se aposentar. A inseguran\u00e7a econ\u00f4mica influencia expectativas sobre sa\u00fade, autonomia e qualidade de vida futura.<\/p>\n<p><img decoding=\"async\" src=\"https:\/\/www.europesays.com\/pt\/wp-content\/uploads\/2026\/01\/desigualdade-social-e-envelhecimento-instituto-de-longevidade-meio-min.jpg\" class=\"fr-fic fr-dii\" alt=\"M\u00e3os envelhecidas de uma pessoa idosa segurando notas de dinheiro para ilustrar a mat\u00e9ria sobre desigualdade social e envelhecimento.\"\/>&#13;<br \/>\n\tCr\u00e9dito: Andrzej Rostek\/Shutterstock&#13;<br \/>\n\t<br \/>&#13;\n<\/p>\n<p>Desigualdade social e envelhecimento ampliam riscos para dem\u00eancia<\/p>\n<p>A rela\u00e7\u00e3o entre desigualdade social e envelhecimento tamb\u00e9m se manifesta na sa\u00fade neurol\u00f3gica. Um estudo publicado na revista Neurology analisou fatores de risco para dem\u00eancia associados \u00e0 renda. A pesquisa incluiu mais de cinco mil participantes, divididos em seis grupos econ\u00f4micos distintos.<\/p>\n<p>Os pesquisadores avaliaram 13 fatores de risco considerados modific\u00e1veis. Entre eles est\u00e3o baixa escolaridade, tabagismo, obesidade, depress\u00e3o e inatividade f\u00edsica. Tamb\u00e9m foram analisados perda auditiva n\u00e3o tratada, perda de vis\u00e3o, isolamento social e press\u00e3o alta sem controle. Esses fatores podem ser prevenidos ou tratados ao longo da vida.<\/p>\n<p>Os resultados mostram maior concentra\u00e7\u00e3o desses riscos entre pessoas de baixa renda. Rendas mais altas foram associadas a menor preval\u00eancia da maioria dos fatores. As exce\u00e7\u00f5es foram obesidade, colesterol alto e les\u00e3o cerebral traum\u00e1tica. A cada aumento de 100% da renda acima da linha da pobreza, houve redu\u00e7\u00e3o de 9% no risco adicional.<\/p>\n<p>Entre participantes abaixo da linha da pobreza, destacaram-se perda de vis\u00e3o e isolamento social. Os pesquisadores estimaram que 21% dos casos de dem\u00eancia poderiam ser mitigados com tratamento da vis\u00e3o. Outros 20% poderiam ser reduzidos com menor isolamento social. Pa\u00edses de m\u00e9dia e baixa renda concentram cerca de dois ter\u00e7os dos casos globais.<\/p>\n<p>Alzheimer, desigualdade social e envelhecimento<\/p>\n<p>A Doen\u00e7a de Alzheimer representa aproximadamente 70% dos diagn\u00f3sticos de dem\u00eancia no mundo. Estima-se que 55 milh\u00f5es de pessoas convivam com a condi\u00e7\u00e3o. No Brasil, s\u00e3o cerca de 1,2 milh\u00e3o de casos. O cen\u00e1rio refor\u00e7a o peso das desigualdades sociais no envelhecimento populacional.<\/p>\n<p>\u201cPessoas que vivem abaixo da linha da pobreza e aquelas de grupos historicamente com menos recursos carregam um fardo maior de muitos fatores de risco modific\u00e1veis para dem\u00eancia\u201d, afirmou o m\u00e9dico Eric L. Stulberg, autor do estudo e membro da Academia Americana de Neurologia.<\/p>\n<p>Os dados refor\u00e7am que envelhecer n\u00e3o \u00e9 apenas um processo biol\u00f3gico. Trata-se de uma experi\u00eancia moldada por condi\u00e7\u00f5es sociais, econ\u00f4micas e ambientais. A desigualdade social e envelhecimento permanecem interligados, afetando sa\u00fade, autonomia e perspectivas ao longo da vida.<\/p>\n<p style=\"text-align: center;\">Quer ter acesso a uma s\u00e9rie de benef\u00edcios para viver com mais qualidade de vida? <strong>Fa\u00e7a parte<\/strong><strong>\u00a0do Instituto de Longevidade MAG<\/strong>. Tenha acesso a Tele Sa\u00fade, descontos em medicamentos, Seguro de Vida, assist\u00eancia residencial e outros benef\u00edcios.<\/p>\n<p style=\"text-align: center;\">Fale com nossos consultores e saiba mais!<\/p>\n<p>&#13;<br \/>\n\t&#13;<\/p>\n<p>Leia tamb\u00e9m:<\/p>\n<p>\n                <a class=\"content-hiperlink-veja-tambem\" href=\"https:\/\/institutodelongevidade.org\/longevidade-e-saude\/saude-mental\/alzheimer-e-desigualdade-socioeconomica\" rel=\"noopener noreferrer nofollow\" target=\"_blank\"><br \/>\n                Alzheimer e desigualdade socioecon\u00f4mica: qual \u00e9 a rela\u00e7\u00e3o entre a renda e a doen\u00e7a?<br \/>\n                <\/a>\n            <\/p>\n<p>\n                <a class=\"content-hiperlink-veja-tambem\" href=\"https:\/\/institutodelongevidade.org\/longevidade-financeira\/financas\/desigualdade-financeira-feminina\" rel=\"noopener noreferrer nofollow\" target=\"_blank\"><br \/>\n                Desigualdade financeira feminina: como a disparidade salarial afeta o futuro das mulheres<br \/>\n                <\/a>\n            <\/p>\n<p>\n                <a class=\"content-hiperlink-veja-tambem\" href=\"https:\/\/institutodelongevidade.org\/longevidade-e-cidades\/direitos-e-cidadania\/desigualdade-racial\" rel=\"noopener noreferrer nofollow\" target=\"_blank\"><br \/>\n                Desigualdade racial impacta no envelhecimento de pessoas negras no Brasil<br \/>\n                <\/a>\n            <\/p>\n<p>            Compartilhe com seus amigos<\/p>\n<p>    Receba os conte\u00fados do Instituto de Longevidade em seu e-mail. Inscreva-se:<\/p>\n","protected":false},"excerpt":{"rendered":"A desigualdade social e envelhecimento caminham juntos em sociedades marcadas por grandes diferen\u00e7as econ\u00f4micas. Pesquisas recentes mostram que&hellip;\n","protected":false},"author":2,"featured_media":223002,"comment_status":"","ping_status":"","sticky":false,"template":"","format":"standard","meta":{"footnotes":""},"categories":[86],"tags":[43021,116,32,33,117],"class_list":{"0":"post-223001","1":"post","2":"type-post","3":"status-publish","4":"format-standard","5":"has-post-thumbnail","7":"category-saude","8":"tag-desigualdade-social-e-envelhecimento","9":"tag-health","10":"tag-portugal","11":"tag-pt","12":"tag-saude"},"share_on_mastodon":{"url":"https:\/\/pubeurope.com\/@pt\/115868266826149727","error":""},"_links":{"self":[{"href":"https:\/\/www.europesays.com\/pt\/wp-json\/wp\/v2\/posts\/223001","targetHints":{"allow":["GET"]}}],"collection":[{"href":"https:\/\/www.europesays.com\/pt\/wp-json\/wp\/v2\/posts"}],"about":[{"href":"https:\/\/www.europesays.com\/pt\/wp-json\/wp\/v2\/types\/post"}],"author":[{"embeddable":true,"href":"https:\/\/www.europesays.com\/pt\/wp-json\/wp\/v2\/users\/2"}],"replies":[{"embeddable":true,"href":"https:\/\/www.europesays.com\/pt\/wp-json\/wp\/v2\/comments?post=223001"}],"version-history":[{"count":0,"href":"https:\/\/www.europesays.com\/pt\/wp-json\/wp\/v2\/posts\/223001\/revisions"}],"wp:featuredmedia":[{"embeddable":true,"href":"https:\/\/www.europesays.com\/pt\/wp-json\/wp\/v2\/media\/223002"}],"wp:attachment":[{"href":"https:\/\/www.europesays.com\/pt\/wp-json\/wp\/v2\/media?parent=223001"}],"wp:term":[{"taxonomy":"category","embeddable":true,"href":"https:\/\/www.europesays.com\/pt\/wp-json\/wp\/v2\/categories?post=223001"},{"taxonomy":"post_tag","embeddable":true,"href":"https:\/\/www.europesays.com\/pt\/wp-json\/wp\/v2\/tags?post=223001"}],"curies":[{"name":"wp","href":"https:\/\/api.w.org\/{rel}","templated":true}]}}