{"id":223005,"date":"2026-01-10T01:46:09","date_gmt":"2026-01-10T01:46:09","guid":{"rendered":"https:\/\/www.europesays.com\/pt\/223005\/"},"modified":"2026-01-10T01:46:09","modified_gmt":"2026-01-10T01:46:09","slug":"rocio-san-miguel-a-analista-politica-detida-pelos-chavistas-observador","status":"publish","type":"post","link":"https:\/\/www.europesays.com\/pt\/223005\/","title":{"rendered":"Roc\u00edo San Miguel, a analista pol\u00edtica detida pelos chavistas \u2013 Observador"},"content":{"rendered":"<p>Acompanhe aqui o <a href=\"https:\/\/observador.pt\/liveblogs\/trump-declara-que-estados-unidos-vao-iniciar-ataques-terrestres-contra-carteis-de-droga-e-diz-que-seria-uma-honra-receber-nobel-da-paz-de-corina-machado\/\" rel=\"nofollow noopener\" target=\"_blank\">nosso artigo em direto<\/a> da interven\u00e7\u00e3o dos EUA na Venezuela<\/p>\n<p>Roc\u00edo San Miguel, uma das mais conhecidas especialistas em <strong>seguran\u00e7a e defesa<\/strong> e, nos \u00faltimos quase dois anos, uma das <strong>presas pol\u00edticas do regime chavista<\/strong>, foi libertada esta quinta-feira pelas autoridades venezuelanas. A informa\u00e7\u00e3o foi confirmada pela fam\u00edlia \u00e0 imprensa e pelo Minist\u00e9rio dos Neg\u00f3cios Estrangeiros de Espanha, pa\u00eds de que San Miguel tamb\u00e9m \u00e9 cidad\u00e3. A liberta\u00e7\u00e3o ocorre num momento pol\u00edtico fr\u00e1gil, dias depois da <a href=\"https:\/\/observador.pt\/2026\/01\/03\/os-espioes-da-cia-a-emboscada-e-o-ataque-a-fortaleza-como-os-eua-capturaram-nicolas-maduro-e-a-mulher\/\" rel=\"nofollow noopener\" target=\"_blank\">captura de Nicol\u00e1s Maduro pelas for\u00e7as norte-americanas<\/a>.<\/p>\n<p>Com 59 anos, San Miguel \u00e9 advogada de forma\u00e7\u00e3o e uma analista pol\u00edtica descrita pelo <a href=\"https:\/\/elpais.com\/espana\/2026-01-08\/venezuela-libera-a-los-cuatro-presos-con-nacionalidad-exclusivamente-espanola.html\" rel=\"nofollow noopener\" target=\"_blank\">El Pa\u00eds<\/a> como sendo \u201c<strong>perita em assuntos militares venezuelanos<\/strong>\u201c. At\u00e9 \u00e0 data da sua deten\u00e7\u00e3o, em fevereiro de 2024, era presidente da organiza\u00e7\u00e3o n\u00e3o-governamental Controlo Cidad\u00e3o, uma associa\u00e7\u00e3o dedicada \u00e0 monitoriza\u00e7\u00e3o das For\u00e7as Armadas e \u00e0 den\u00fancia do uso excessivo da for\u00e7a por parte dos servi\u00e7os de seguran\u00e7a do Estado.<\/p>\n<p>A analista foi detida pelo regime venezuelano por suspeitas de participar numa <a href=\"https:\/\/www.elpais.com.uy\/mundo\/conocida-activista-contra-el-regimen-de-maduro-fue-detenida-por-supuesta-conspiracion-de-magnicidio\" rel=\"nofollow noopener\" target=\"_blank\">alegada conspira\u00e7\u00e3o para assassinar Nicol\u00e1s Maduro<\/a>, a chamada opera\u00e7\u00e3o \u201c<strong>Bracelete Branca<\/strong>\u201c. As autoridades acusaram-na de \u201cterrorismo, trai\u00e7\u00e3o \u00e0 p\u00e1tria e conspira\u00e7\u00e3o\u201d. O seu antigo companheiro, um oficial militar aposentado, acabou por ser igualmente preso no \u00e2mbito do mesmo processo. Na altura, a Amnistia Internacional chegou mesmo a pedir, nas redes sociais, que Roc\u00edo fosse libertada.<\/p>\n<p>Durante o per\u00edodo em que esteve detida em Caracas apenas recebeu visitas regulares da <strong>filha<\/strong>, segundo familiares e organiza\u00e7\u00f5es de direitos humanos.<\/p>\n<p>A pris\u00e3o de Roc\u00edo San Miguel provocou <strong>indigna\u00e7\u00e3o<\/strong> de v\u00e1rios ativistas e organiza\u00e7\u00f5es n\u00e3o-governamentais. At\u00e9 ent\u00e3o, acreditava-se que o \u201c<strong>perfil moderado<\/strong>\u201c, a proje\u00e7\u00e3o internacional e os contactos no meio das pr\u00f3prias For\u00e7as Armadas garantiriam \u00e0 analista alguma prote\u00e7\u00e3o. \u201cSe isto aconteceu \u00e0 Roc\u00edo San Miguel, ent\u00e3o o que resta para todos os outros?\u201d, questionou na altura Laura Dib, diretora do programa da Venezuela no Washington Office on Latin America, citada pelo<a href=\"https:\/\/www.nytimes.com\/2026\/01\/08\/world\/americas\/san-miguel-venezuela-prisoner-released.html\" rel=\"nofollow noopener\" target=\"_blank\"> New York Times<\/a>.\u00a0Para muitas organiza\u00e7\u00f5es, a deten\u00e7\u00e3o marcou uma <strong>nova fase de repress\u00e3o<\/strong> na Venezuela.<\/p>\n<blockquote class=\"twitter-tweet\" data-width=\"500\" data-dnt=\"true\">\n<p lang=\"es\" dir=\"ltr\"><a href=\"https:\/\/twitter.com\/hashtag\/AlMomento?src=hash&amp;ref_src=twsrc%5Etfw\" rel=\"nofollow noopener\" target=\"_blank\">#AlMomento<\/a> | Confirman la excarcelaci\u00f3n de nuestra profesora Roc\u00edo San Miguel, <a href=\"https:\/\/twitter.com\/rociosanmiguel?ref_src=twsrc%5Etfw\" rel=\"nofollow noopener\" target=\"_blank\">@rociosanmiguel<\/a> defensora de DDHH. Estar\u00eda entre los ciudadanos con nacionalidad espa\u00f1ola que fueron liberados.<\/p>\n<p>Nunca debi\u00f3 estar presa por pensar distinto. No m\u00e1s presos pol\u00edticos <a href=\"https:\/\/t.co\/LaLYKPEsro\" rel=\"nofollow\">pic.twitter.com\/LaLYKPEsro<\/a><\/p>\n<p>\u2014 Viva la UCV (@VivaLaUCV) <a href=\"https:\/\/twitter.com\/VivaLaUCV\/status\/2009329274134909159?ref_src=twsrc%5Etfw\" rel=\"nofollow noopener\" target=\"_blank\">January 8, 2026<\/a><\/p>\n<\/blockquote>\n<p>Roc\u00edo San Miguel \u201cfoi v\u00edtima de um processo que <strong>criminaliza a defesa dos direitos humanos<\/strong>, procurando silenciar a sua voz\u201d, escreveu, tamb\u00e9m, o Observat\u00f3rio de Pris\u00f5es da Venezuela na <a href=\"https:\/\/x.com\/oveprisiones\" rel=\"nofollow\">rede social X<\/a>.<\/p>\n<p>A liberta\u00e7\u00e3o de Roc\u00edo San Miguel integra o primeiro grupo de presos libertados pelo novo poder interino, liderado\u00a0por Delcy Rodr\u00edguez. Segundo a publica\u00e7\u00e3o do ministro dos Neg\u00f3cios Estrangeiros espanhol na <a href=\"https:\/\/x.com\/jmalbares\/status\/2009382395447816469?ref_src=twsrc%5Etfw%7Ctwcamp%5Etweetembed%7Ctwterm%5E2009382395447816469%7Ctwgr%5Ee8de3c04668f6c60d462dc78aea37ce5c36416d6%7Ctwcon%5Es1_&amp;ref_url=https%3A%2F%2Fobservador.pt%2F2026%2F01%2F09%2Fos-cinco-presos-espanhois-que-foram-libertados-na-venezuela%2F\" rel=\"nofollow\">rede social X<\/a>, s\u00e3o cinco cidad\u00e3os espanh\u00f3is, todos \u201cem bom estado de sa\u00fade\u201d.<\/p>\n<blockquote class=\"twitter-tweet\" data-width=\"500\" data-dnt=\"true\">\n<p lang=\"es\" dir=\"ltr\">Vuelan ya hacia Espa\u00f1a los 5 compatriotas liberados hoy en Venezuela. Pronto estar\u00e1n en casa con sus seres queridos. <\/p>\n<p>He hablado con ellos para transmitirles mi alegr\u00eda por su liberaci\u00f3n.<\/p>\n<p>Agradezco a <a href=\"https:\/\/twitter.com\/EmbEspVenezuela?ref_src=twsrc%5Etfw\" rel=\"nofollow noopener\" target=\"_blank\">@EmbEspVenezuela<\/a> y todos los que han contribuido a que haya sido posible.<\/p>\n<p>\u2014 Jos\u00e9 Manuel Albares (@jmalbares) <a href=\"https:\/\/twitter.com\/jmalbares\/status\/2009382395447816469?ref_src=twsrc%5Etfw\" rel=\"nofollow noopener\" target=\"_blank\">January 8, 2026<\/a><\/p>\n<\/blockquote>\n<p>De acordo com a organiza\u00e7\u00e3o n\u00e3o-governamental Foro Penal, citado pelo <a href=\"https:\/\/elpais.com\/espana\/2026-01-08\/venezuela-libera-a-los-cuatro-presos-con-nacionalidad-exclusivamente-espanola.html\" rel=\"nofollow noopener\" target=\"_blank\">El Pa\u00eds<\/a>, contabilizam-se mais de <strong>18 mil deten\u00e7\u00f5es<\/strong> por motivos pol\u00edticos desde 2014. Atualmente, pelo menos 863 pessoas est\u00e3o presas, entre dirigentes partid\u00e1rios, ativistas, jornalistas e manifestantes.<\/p>\n<p>            <script async src=\"https:\/\/platform.twitter.com\/widgets.js\" charset=\"utf-8\"><\/script><\/p>\n","protected":false},"excerpt":{"rendered":"Acompanhe aqui o nosso artigo em direto da interven\u00e7\u00e3o dos EUA na Venezuela Roc\u00edo San Miguel, uma das&hellip;\n","protected":false},"author":2,"featured_media":223006,"comment_status":"","ping_status":"","sticky":false,"template":"","format":"standard","meta":{"footnotes":""},"categories":[50],"tags":[27,28,640,445,15,16,14,25,26,21,22,62,12,11336,13,19,20,23,24,17,18,29,30,31,3023,63,64,65],"class_list":{"0":"post-223005","1":"post","2":"type-post","3":"status-publish","4":"format-standard","5":"has-post-thumbnail","7":"category-mundo","8":"tag-breaking-news","9":"tag-breakingnews","10":"tag-espanha","11":"tag-europa","12":"tag-featured-news","13":"tag-featurednews","14":"tag-headlines","15":"tag-latest-news","16":"tag-latestnews","17":"tag-main-news","18":"tag-mainnews","19":"tag-mundo","20":"tag-news","21":"tag-nicolu00e1s-maduro","22":"tag-noticias","23":"tag-noticias-principais","24":"tag-noticiasprincipais","25":"tag-principais-noticias","26":"tag-principaisnoticias","27":"tag-top-stories","28":"tag-topstories","29":"tag-ultimas","30":"tag-ultimas-noticias","31":"tag-ultimasnoticias","32":"tag-venezuela","33":"tag-world","34":"tag-world-news","35":"tag-worldnews"},"share_on_mastodon":{"url":"https:\/\/pubeurope.com\/@pt\/115868282579295545","error":""},"_links":{"self":[{"href":"https:\/\/www.europesays.com\/pt\/wp-json\/wp\/v2\/posts\/223005","targetHints":{"allow":["GET"]}}],"collection":[{"href":"https:\/\/www.europesays.com\/pt\/wp-json\/wp\/v2\/posts"}],"about":[{"href":"https:\/\/www.europesays.com\/pt\/wp-json\/wp\/v2\/types\/post"}],"author":[{"embeddable":true,"href":"https:\/\/www.europesays.com\/pt\/wp-json\/wp\/v2\/users\/2"}],"replies":[{"embeddable":true,"href":"https:\/\/www.europesays.com\/pt\/wp-json\/wp\/v2\/comments?post=223005"}],"version-history":[{"count":0,"href":"https:\/\/www.europesays.com\/pt\/wp-json\/wp\/v2\/posts\/223005\/revisions"}],"wp:featuredmedia":[{"embeddable":true,"href":"https:\/\/www.europesays.com\/pt\/wp-json\/wp\/v2\/media\/223006"}],"wp:attachment":[{"href":"https:\/\/www.europesays.com\/pt\/wp-json\/wp\/v2\/media?parent=223005"}],"wp:term":[{"taxonomy":"category","embeddable":true,"href":"https:\/\/www.europesays.com\/pt\/wp-json\/wp\/v2\/categories?post=223005"},{"taxonomy":"post_tag","embeddable":true,"href":"https:\/\/www.europesays.com\/pt\/wp-json\/wp\/v2\/tags?post=223005"}],"curies":[{"name":"wp","href":"https:\/\/api.w.org\/{rel}","templated":true}]}}