{"id":223007,"date":"2026-01-10T01:47:19","date_gmt":"2026-01-10T01:47:19","guid":{"rendered":"https:\/\/www.europesays.com\/pt\/223007\/"},"modified":"2026-01-10T01:47:19","modified_gmt":"2026-01-10T01:47:19","slug":"militar-da-gnr-detido-por-burlas-a-idosos-continuou-a-cometer-crimes-cmjornal-pt","status":"publish","type":"post","link":"https:\/\/www.europesays.com\/pt\/223007\/","title":{"rendered":"Militar da GNR detido por burlas a idosos continuou a cometer crimes &#8211; cmjornal.pt"},"content":{"rendered":"<ol>\n<li><a href=\"https:\/\/news.google.com\/rss\/articles\/CBMisgFBVV95cUxQSDJIQTNXcjlDTWY3VERVdnpwUkZ2QTZ0eVF4YUlncmFDaEpyWG1OWWg3NFFHeVFlVmxKaHhqTWoxWkttaGoyazR4cDF0VXRmOEgtZTRybEE4WEtLMGhXbGllZUM4TU1ocUJySXBEZWdHOGR3aDdqQVZXWm02UHA1U1JhWXRFdm1zQjdPYm5OQzJudHJPYmhRS0tXY29fcnBDeGVpaHJqdDBnQzZpS1pCV0RR?oc=5\" target=\"_blank\" rel=\"nofollow noopener\">Militar da GNR detido por burlas a idosos continuou a cometer crimes<\/a>&nbsp;&nbsp;cmjornal.pt<\/li>\n<li><a href=\"https:\/\/news.google.com\/rss\/articles\/CBMijAFBVV95cUxOQ0wtbWhfd1BaYTZIcXUtaGh6VWNWNnJycklKMUVKQXd1UzJrY00zS2U2cHJVZElmc2s5al8zbkVpdjZTM3ZtT01CRDFid3BvczlKd0ZIQjQ2ZWhtbXIybjN0YnhQbnJwbWFqeWRPUDlWbjc1c0JpTmdXLUR2LThEZUZPeHQ5Vi1NOVBCZg?oc=5\" target=\"_blank\" rel=\"nofollow noopener\">Morte de idoso no Seixal<\/a>&nbsp;&nbsp;R7<\/li>\n<li><a href=\"https:\/\/news.google.com\/rss\/articles\/CBMiqgFBVV95cUxNbW5YZ3BLRk1zZHRtTk5ueUVLd2tqSnRVMEVmMVVaZmJUb18tc2dZTXA5MWdpQXk4bktzeWpmaW5wQUh1NnE3Z2hXNkR5MGJtMmJFc2FZa2hyMndnU3ptMmF2WGg0VzhjbW1kVENHaG9tRGNld0FiTWloNHNtWXJJRWJmaGQzSUZBNFM0MUptbjdZR2xoRXREVXh5ZnlpWE10WHgyTHBnNThaUQ?oc=5\" target=\"_blank\" rel=\"nofollow noopener\">Sinais de al\u00edvio na tens\u00e3o entre os Estados Unidos e a Col\u00f4mbia<\/a>&nbsp;&nbsp;RTP<\/li>\n<li><a href=\"https:\/\/news.google.com\/rss\/articles\/CBMi6gFBVV95cUxQR2RlYl9CNTQ0b3V1NEtBeG50ckE0QVBDQ19ORlhGUzVhclJfS3hpdmhCRzlBMnNhS2hDeHJWQ2VlOV9Hc3M1bDlpa3pKdm9VdzNTdHZTUTZTOXVCOVZPS2JBOFBVeExfeGVrNUlxcmcyTmZWX3pjRlU2U1FLMDRORkhZYmdzdWtWTy1ZbVg0Y2ZkQlUzRjFHZUxBN1BNTnVfZlZLekpRaWdsOTB2T2xKN3BDRU1JdzRMQ3QxZWhiOWJXeFdZcElweUF1SHlkQ2V0Uk02YTZEWTNmbHdpVGpid2hxSVRtQWRLOXc?oc=5\" target=\"_blank\" rel=\"nofollow noopener\">&#8220;J\u00e1 chegaram a estar 73 ambul\u00e2ncias retidas em todo o pa\u00eds nos hospitais \u00e0 espera das suas macas&#8221;<\/a>&nbsp;&nbsp;CNN Portugal<\/li>\n<li><a href=\"https:\/\/news.google.com\/rss\/articles\/CBMirgFBVV95cUxOZWNXRHBpQVdPY0p3M09ncEExSVg1R2xVazNBY2REMGVRLTA1LU5HVUlnaVhCR2t3aklsU2VMN0dOLUQ4cUxFSDRjSHc0bm1hajBzRW1xbW5DSEc0aHdfWE1HNmNIbXdSMV9KRnFpaE9idjI5eXVPQUZHVTNZaWFkWnJwWFNSb1ZlOWYyOXo3ZUpyT3JZZElWMFlmSk5INGw0dDJYeXVnRFhtcG45dWc?oc=5\" target=\"_blank\" rel=\"nofollow noopener\">INEM e Liga de Bombeiros acordam refor\u00e7o de meios com foco na margem sul de Lisboa<\/a>&nbsp;&nbsp;Di\u00e1rio de Not\u00edcias<\/li>\n<\/ol>\n","protected":false},"excerpt":{"rendered":"Militar da GNR detido por burlas a idosos continuou a cometer crimes&nbsp;&nbsp;cmjornal.pt Morte de idoso no Seixal&nbsp;&nbsp;R7 Sinais&hellip;\n","protected":false},"author":2,"featured_media":223008,"comment_status":"","ping_status":"","sticky":false,"template":"","format":"standard","meta":{"footnotes":""},"categories":[10],"tags":[27,28,604,6654,15,16,6178,29128,14,25,26,21,22,12,13,19,20,32,23,24,33,17,18,29,30,31],"class_list":{"0":"post-223007","1":"post","2":"type-post","3":"status-publish","4":"format-standard","5":"has-post-thumbnail","7":"category-portugal","8":"tag-breaking-news","9":"tag-breakingnews","10":"tag-crime","11":"tag-crime-lei-e-justica","12":"tag-featured-news","13":"tag-featurednews","14":"tag-fraude","15":"tag-guarda-nacional-republicana","16":"tag-headlines","17":"tag-latest-news","18":"tag-latestnews","19":"tag-main-news","20":"tag-mainnews","21":"tag-news","22":"tag-noticias","23":"tag-noticias-principais","24":"tag-noticiasprincipais","25":"tag-portugal","26":"tag-principais-noticias","27":"tag-principaisnoticias","28":"tag-pt","29":"tag-top-stories","30":"tag-topstories","31":"tag-ultimas","32":"tag-ultimas-noticias","33":"tag-ultimasnoticias"},"share_on_mastodon":{"url":"https:\/\/pubeurope.com\/@pt\/115868286509748000","error":""},"_links":{"self":[{"href":"https:\/\/www.europesays.com\/pt\/wp-json\/wp\/v2\/posts\/223007","targetHints":{"allow":["GET"]}}],"collection":[{"href":"https:\/\/www.europesays.com\/pt\/wp-json\/wp\/v2\/posts"}],"about":[{"href":"https:\/\/www.europesays.com\/pt\/wp-json\/wp\/v2\/types\/post"}],"author":[{"embeddable":true,"href":"https:\/\/www.europesays.com\/pt\/wp-json\/wp\/v2\/users\/2"}],"replies":[{"embeddable":true,"href":"https:\/\/www.europesays.com\/pt\/wp-json\/wp\/v2\/comments?post=223007"}],"version-history":[{"count":0,"href":"https:\/\/www.europesays.com\/pt\/wp-json\/wp\/v2\/posts\/223007\/revisions"}],"wp:featuredmedia":[{"embeddable":true,"href":"https:\/\/www.europesays.com\/pt\/wp-json\/wp\/v2\/media\/223008"}],"wp:attachment":[{"href":"https:\/\/www.europesays.com\/pt\/wp-json\/wp\/v2\/media?parent=223007"}],"wp:term":[{"taxonomy":"category","embeddable":true,"href":"https:\/\/www.europesays.com\/pt\/wp-json\/wp\/v2\/categories?post=223007"},{"taxonomy":"post_tag","embeddable":true,"href":"https:\/\/www.europesays.com\/pt\/wp-json\/wp\/v2\/tags?post=223007"}],"curies":[{"name":"wp","href":"https:\/\/api.w.org\/{rel}","templated":true}]}}