{"id":223021,"date":"2026-01-10T02:01:22","date_gmt":"2026-01-10T02:01:22","guid":{"rendered":"https:\/\/www.europesays.com\/pt\/223021\/"},"modified":"2026-01-10T02:01:22","modified_gmt":"2026-01-10T02:01:22","slug":"mulher-em-estado-grave-apos-ser-esfaqueada-na-via-publica-em-leiria","status":"publish","type":"post","link":"https:\/\/www.europesays.com\/pt\/223021\/","title":{"rendered":"Mulher em estado grave ap\u00f3s ser esfaqueada na via p\u00fablica em Leiria"},"content":{"rendered":"<p>Uma mulher de 46 anos foi esta sexta-feira, 9 de janeiro, esfaqueada nos Pousos, concelho de Leiria, tendo sido transportada em estado grave para o Hospital de Santo Andr\u00e9, avan\u00e7a a Lusa, que cita fonte dos Bombeiros Sapadores.<\/p>\n<p>O crime ocorreu ao in\u00edcio da tarde, pelas 14h00, na via p\u00fablica, adiantou o Comando Distrital de Leiria da Pol\u00edcia de Seguran\u00e7a P\u00fablica (PSP), explicando que decorrem dilig\u00eancias de investiga\u00e7\u00e3o para apurar as circunst\u00e2ncias.<\/p>\n<p>Duas pessoas est\u00e3o nas instala\u00e7\u00f5es da PSP para serem identificadas, alegadamente envolvidas no crime.<\/p>\n","protected":false},"excerpt":{"rendered":"Uma mulher de 46 anos foi esta sexta-feira, 9 de janeiro, esfaqueada nos Pousos, concelho de Leiria, tendo&hellip;\n","protected":false},"author":2,"featured_media":211261,"comment_status":"","ping_status":"","sticky":false,"template":"","format":"standard","meta":{"footnotes":""},"categories":[10],"tags":[27,28,17889,15,16,14,25,26,5423,21,22,12,13,19,20,32,43030,23,24,33,17,18,29,30,31],"class_list":{"0":"post-223021","1":"post","2":"type-post","3":"status-publish","4":"format-standard","5":"has-post-thumbnail","7":"category-portugal","8":"tag-breaking-news","9":"tag-breakingnews","10":"tag-esfaqueamento","11":"tag-featured-news","12":"tag-featurednews","13":"tag-headlines","14":"tag-latest-news","15":"tag-latestnews","16":"tag-leiria","17":"tag-main-news","18":"tag-mainnews","19":"tag-news","20":"tag-noticias","21":"tag-noticias-principais","22":"tag-noticiasprincipais","23":"tag-portugal","24":"tag-pousos","25":"tag-principais-noticias","26":"tag-principaisnoticias","27":"tag-pt","28":"tag-top-stories","29":"tag-topstories","30":"tag-ultimas","31":"tag-ultimas-noticias","32":"tag-ultimasnoticias"},"share_on_mastodon":{"url":"https:\/\/pubeurope.com\/@pt\/115868341619510195","error":""},"_links":{"self":[{"href":"https:\/\/www.europesays.com\/pt\/wp-json\/wp\/v2\/posts\/223021","targetHints":{"allow":["GET"]}}],"collection":[{"href":"https:\/\/www.europesays.com\/pt\/wp-json\/wp\/v2\/posts"}],"about":[{"href":"https:\/\/www.europesays.com\/pt\/wp-json\/wp\/v2\/types\/post"}],"author":[{"embeddable":true,"href":"https:\/\/www.europesays.com\/pt\/wp-json\/wp\/v2\/users\/2"}],"replies":[{"embeddable":true,"href":"https:\/\/www.europesays.com\/pt\/wp-json\/wp\/v2\/comments?post=223021"}],"version-history":[{"count":0,"href":"https:\/\/www.europesays.com\/pt\/wp-json\/wp\/v2\/posts\/223021\/revisions"}],"wp:featuredmedia":[{"embeddable":true,"href":"https:\/\/www.europesays.com\/pt\/wp-json\/wp\/v2\/media\/211261"}],"wp:attachment":[{"href":"https:\/\/www.europesays.com\/pt\/wp-json\/wp\/v2\/media?parent=223021"}],"wp:term":[{"taxonomy":"category","embeddable":true,"href":"https:\/\/www.europesays.com\/pt\/wp-json\/wp\/v2\/categories?post=223021"},{"taxonomy":"post_tag","embeddable":true,"href":"https:\/\/www.europesays.com\/pt\/wp-json\/wp\/v2\/tags?post=223021"}],"curies":[{"name":"wp","href":"https:\/\/api.w.org\/{rel}","templated":true}]}}