{"id":223070,"date":"2026-01-10T02:51:09","date_gmt":"2026-01-10T02:51:09","guid":{"rendered":"https:\/\/www.europesays.com\/pt\/223070\/"},"modified":"2026-01-10T02:51:09","modified_gmt":"2026-01-10T02:51:09","slug":"e-fa-de-o-senhor-dos-aneis-famosa-trilogia-vai-regressar-aos-cinemas-portugueses-sic-noticias","status":"publish","type":"post","link":"https:\/\/www.europesays.com\/pt\/223070\/","title":{"rendered":"\u00c9 f\u00e3 de &quot;O Senhor dos An\u00e9is&quot;? Famosa trilogia vai regressar aos cinemas portugueses &#8211; SIC Not\u00edcias"},"content":{"rendered":"<ol>\n<li><a href=\"https:\/\/news.google.com\/rss\/articles\/CBMilwNBVV95cUxPLW9PbEpyOURsbnZFM0hFSE9HSmNYMFk0aTlrM3k2RHBsVl9hdU9rZE5md0ZzVjNHTnVRc3ZQVFdrVGJDZDlCMHgtM3NwWW5vMTNZSHFvanJDZ3dHVld4YlRaLU9TT0tIbEZJdFVOMHZtWVloR0lsTkd3OXRYejhCZTVXUl9mRVVpeUR3YmZPTVpnWGo1bzY0LU13UC1pbFRneGpkN2YwdTcyUzdqWlVYV2hFU3p6OFM4NXRSVWNObUdxeTJPWGVmWFFSQVBudG5lZ0s4QjQ4QzMtWGhLQkJBZWgyaFFXdWppSE1SVGlPS296Zmh3WXNrM3BTczhnQURCT2NXTC1GMFJnVFFqNUh1eWlQeVRtN0cySFZMOThBNGtQTEZfaVg5Tzdxb2lzTnJ3d3NiTDQ0aktQT2NJZTVmelBRdVkzVGhRbjNjYkFzOEtNM2N6Ml9UbmVsYzVReDdiU1FydTllMGY0S045Q3BiMDNZeTdJNGUwZmZSdG5MSkhLeDNZNEFNeU4tT2UtNUV1a1h4QWgzTQ?oc=5\" target=\"_blank\" rel=\"nofollow noopener\">\u00c9 f\u00e3 de &#8220;O Senhor dos An\u00e9is&#8221;? Famosa trilogia vai regressar aos cinemas portugueses<\/a>&nbsp;&nbsp;SIC Not\u00edcias<\/li>\n<li><a href=\"https:\/\/news.google.com\/rss\/articles\/CBMiuAFBVV95cUxQM0Mwd3BHWXRmbUtQNG52V1NCZGJxLWxqN2lQY1ZfZlpvbVk5MlBOOXRjcnJwSm45ZUlhY25xUnNUQVc5NzlqbmFRWUlKRGpPaUpHM2hIMjRzaTk3Z2NZMEp5SjQyeGI0T2tlNHlMRHZLcGpxdzlwR1Nkd0Q5a1cxRDRzTTE3YlVMM0g3MV9FWVB4WlhBRkdxemJjcmdDektuQmwza3F0RlltT3dLdkxNd1lCTFROeEk5?oc=5\" target=\"_blank\" rel=\"nofollow noopener\">Pr\u00e9-venda para o relan\u00e7amento da trilogia original de \u2018O Senhor dos An\u00e9is\u2019 j\u00e1 est\u00e1 aberta no Brasil<\/a>&nbsp;&nbsp;Ingresso.com<\/li>\n<li><a href=\"https:\/\/news.google.com\/rss\/articles\/CBMi1AFBVV95cUxNTFFiVl9RTzI0RXVkOGwybXptSlpBV01VQ2VyN0JhWUtnZUtKb0wwdENMZWpLeFBOU3lwU0dRSUh5dlJWcnB6NDZZVTdxa0RqQjZneU5kZEtnM2ZoV3l2S2gtTzk4dGl6VnRqbWRHbkxkSkdBb0VZcnIzV3daWFZWcmNNZlZMMHNvSlZHQ1J2Rm9xaXU3Nk1JVzhuai1UbW9iQTJfclA0Z0pVTlV6bG1tN3hFc1V3TzRIYmJCSmljWHRxekpqX0F6am4yMmFablIzN2lUYQ?oc=5\" target=\"_blank\" rel=\"nofollow noopener\">&#8216;O Senhor dos An\u00e9is&#8217; retorna aos cinemas em exibi\u00e7\u00e3o comemorativa dos 25 anos da trilogia<\/a>&nbsp;&nbsp;Guia Folha<\/li>\n<li><a href=\"https:\/\/news.google.com\/rss\/articles\/CBMi4gFBVV95cUxNVzhuSGhHRjZtTGc5YV9rS1VBNmlMTFR3SmtYM2didm1GVE1HTGtyRWdGOTBDTWxYWldfNUhQOG1ZbHZqTmF6WXZiV0JFR1BCNU55UXpxWHp3V0dxQ3I1UXZ1YUlEZzNIRWx3blEzWXBtMlRfOUc1elZRR1lNdWE4YzlEWndrY1g3SVdTNkYxTjFUZmFfWkFITzRuRW9yaFNaR0JhQ0tsX25FQXF6RVA5YnIzWmRlOWF3Q3VFUl9wQlhsWlV6OHNhRjhHeVhOaVQtWklUZnFidVZRa0V4anhOQjhB0gHwAUFVX3lxTE1aSEt0SGxidHdjNUxkVU5jWnZBNjdkVGlvZnFkdlB2YzV0VjEzbllwLThuc2tpZWcxeXNtWDJ3NFBJYzE4WVJ5QnRuLVoxTXZUYkJoUjJHM05ERmpidEJwbVEwNVM2VGNkZm11cFlpdFRLcmEzMFNkSHAtY2xqWUNZVHVScWV6LUJCZDZKNWpua0F2bWNHN1lCeGZmUHh2YVRLUTBDTUZYZXg2bHlDOEVGaG1aX1RzUWFRXzFJRUp0d0R5amJiQWpHYjdDUEFNWGRqeVBlVTNVOGtLcmlJa1F1dEIyMVM0ampCV2htQl9haA?oc=5\" target=\"_blank\" rel=\"nofollow noopener\">Elenco de &#8216;O Senhor dos An\u00e9is&#8217; se re\u00fane 25 anos ap\u00f3s estreia do primeiro filme e emociona f\u00e3s<\/a>&nbsp;&nbsp;Gshow<\/li>\n<li><a href=\"https:\/\/news.google.com\/rss\/articles\/CBMi0AFBVV95cUxQbldaeW83VldYMGtQc2pFWEM4dVdOS0JHVGhkT0JQS0ZoMmZabzN5eHZhMTdncWZ6TWl0a2tVakNPMFBZM3BYbEVXZkw3bWgzMHU5RlcyT19JZEtGMmtxVTRNYnlITVVNYW56ZmtNTnpweVU3ZmNUOVRGWUJVOXJ2dHZ5MjZuMmxQOXdHMGVVck1ZZ3Iya0VZVkJCMXYzR1R5eEJJX29GX2t3V1ZmaDVORlF6bjR3S3ZIWUxIN05rc2laYzd5V3JmeXZLZkFHU1RN?oc=5\" target=\"_blank\" rel=\"nofollow noopener\">Trilogia de \u201cO Senhor dos An\u00e9is\u201d volta ao cinema com sess\u00f5es confirmadas em Roraima<\/a>&nbsp;&nbsp;Folha BV<\/li>\n<\/ol>\n","protected":false},"excerpt":{"rendered":"\u00c9 f\u00e3 de &#8220;O Senhor dos An\u00e9is&#8221;? Famosa trilogia vai regressar aos cinemas portugueses&nbsp;&nbsp;SIC Not\u00edcias Pr\u00e9-venda para o&hellip;\n","protected":false},"author":2,"featured_media":196976,"comment_status":"","ping_status":"","sticky":false,"template":"","format":"standard","meta":{"footnotes":""},"categories":[140],"tags":[114,115,147,148,146,32,33],"class_list":{"0":"post-223070","1":"post","2":"type-post","3":"status-publish","4":"format-standard","5":"has-post-thumbnail","7":"category-filmes","8":"tag-entertainment","9":"tag-entretenimento","10":"tag-film","11":"tag-filmes","12":"tag-movies","13":"tag-portugal","14":"tag-pt"},"share_on_mastodon":{"url":"https:\/\/pubeurope.com\/@pt\/115868538229780132","error":""},"_links":{"self":[{"href":"https:\/\/www.europesays.com\/pt\/wp-json\/wp\/v2\/posts\/223070","targetHints":{"allow":["GET"]}}],"collection":[{"href":"https:\/\/www.europesays.com\/pt\/wp-json\/wp\/v2\/posts"}],"about":[{"href":"https:\/\/www.europesays.com\/pt\/wp-json\/wp\/v2\/types\/post"}],"author":[{"embeddable":true,"href":"https:\/\/www.europesays.com\/pt\/wp-json\/wp\/v2\/users\/2"}],"replies":[{"embeddable":true,"href":"https:\/\/www.europesays.com\/pt\/wp-json\/wp\/v2\/comments?post=223070"}],"version-history":[{"count":0,"href":"https:\/\/www.europesays.com\/pt\/wp-json\/wp\/v2\/posts\/223070\/revisions"}],"wp:featuredmedia":[{"embeddable":true,"href":"https:\/\/www.europesays.com\/pt\/wp-json\/wp\/v2\/media\/196976"}],"wp:attachment":[{"href":"https:\/\/www.europesays.com\/pt\/wp-json\/wp\/v2\/media?parent=223070"}],"wp:term":[{"taxonomy":"category","embeddable":true,"href":"https:\/\/www.europesays.com\/pt\/wp-json\/wp\/v2\/categories?post=223070"},{"taxonomy":"post_tag","embeddable":true,"href":"https:\/\/www.europesays.com\/pt\/wp-json\/wp\/v2\/tags?post=223070"}],"curies":[{"name":"wp","href":"https:\/\/api.w.org\/{rel}","templated":true}]}}