{"id":223081,"date":"2026-01-10T03:00:18","date_gmt":"2026-01-10T03:00:18","guid":{"rendered":"https:\/\/www.europesays.com\/pt\/223081\/"},"modified":"2026-01-10T03:00:18","modified_gmt":"2026-01-10T03:00:18","slug":"a-melhor-versao-de-joao-ferreira-neste-dakar","status":"publish","type":"post","link":"https:\/\/www.europesays.com\/pt\/223081\/","title":{"rendered":"A melhor vers\u00e3o de Jo\u00e3o Ferreira neste Dakar"},"content":{"rendered":"<p>Jo\u00e3o Ferreira\u00a0mostrou\u00a0garra e consist\u00eancia durante a segunda parte da exigente etapa maratona do Rally Dakar, esta quinta-feira, e foi premiado com um promissor s\u00e9timo lugar.\u00a0Ao volante do seu Toyota\u00a0Hilux,\u00a0o piloto portugu\u00eas\u00a0enfrentou 372 quil\u00f3metros cronometrados entre o\u00a0bivouac\u00a0&#8211;\u00a0onde os concorrentes passaram a noite, no meio do deserto saudita,\u00a0ap\u00f3s a primeira fase da longa jornada (4.\u00aa e 5.\u00aa etapas) &#8211;\u00a0e a cidade de\u00a0Hail, terminando a especial a 6.07 minutos do vencedor do dia, o norte-americano Mitch Guthrie, que assinou uma performance dominante aos comandos de um Ford, com o tempo de 3:54.46 horas.<\/p>\n<p>Este resultado permitiu\u00a0a Jo\u00e3o Ferreira\u00a0subir ao 14.\u00ba lugar da classifica\u00e7\u00e3o geral da prova rainha do todo-o-terreno, numa luta onde o topo permanece inalterado.\u00a0Henk\u00a0Lategan\u00a0continua a liderar, com uma vantagem de 3.17 minutos sobre o catari Nasser Al-Attiyah\u00a0e de 5.38 minutos sobre o sueco\u00a0Mattias\u00a0Ekstr\u00f6m, mantendo o p\u00f3dio sob forte tens\u00e3o competitiva.<\/p>\n<p>            <img decoding=\"async\" src=\"https:\/\/www.europesays.com\/pt\/wp-content\/uploads\/2026\/01\/6cf1e9e3-7aab-48b2-b71c-ca2cdc915617.jpg\" alt=\"\" width=\"620\" class=\"w-full object-cover\"\/><\/p>\n<p>                    Jo\u00e3o Ferreira (Toyota Hilux) esteve muito bem na 5.\u00aa etapa do Rally Dakar 2026<\/p>\n<p>Nas motos, a emo\u00e7\u00e3o foi ainda maior, com uma mudan\u00e7a no comando\u00a0da geral. O espanhol\u00a0Tosha\u00a0Schareina\u00a0cedeu a lideran\u00e7a a Daniel Sanders, ap\u00f3s uma etapa de 356 quil\u00f3metros cronometrados vencida pelo argentino Luciano Benavides, que completou o percurso em 4:05.16 horas.<\/p>\n<p>Sanders, terceiro mais r\u00e1pido do dia, aproveitou a consist\u00eancia para assumir o primeiro lugar da geral, com uma vantagem\u00a0curta,\u00a0mas preciosa de 2.02 minutos sobre o norte-americano Ricky\u00a0Brabec, que se manteve em segundo. Benavides subiu ao terceiro posto, a 5.55 minutos da lideran\u00e7a, enquanto\u00a0Schareina\u00a0caiu para a quarta posi\u00e7\u00e3o absoluta.<\/p>\n<p>O espanhol terminou a etapa apenas no 12.\u00ba lugar, imediatamente \u00e0 frente do portugu\u00eas Martim Ventura, 13.\u00ba classificado. J\u00e1 Bruno Santos e Pedro Pinheiro, ambos em\u00a0Husqvarna, conclu\u00edram a especial em 21.\u00ba e 51.\u00ba, respetivamente. Na classifica\u00e7\u00e3o geral, Bruno Santos surge como o melhor representante luso, no 17.\u00ba lugar, seguido de Martim Ventura, em 18.\u00ba, e Pedro Pinheiro, em 46.\u00ba.<\/p>\n<p>Na classe SSV dos autom\u00f3veis, Portugal voltou a estar em destaque, com tr\u00eas pilotos no top 10 da etapa: Jo\u00e3o Monteiro foi quinto, Gon\u00e7alo Guerreiro terminou em s\u00e9timo e H\u00e9lder Rodrigues fechou o dia na 10.\u00aa posi\u00e7\u00e3o. Apesar de a lideran\u00e7a da geral pertencer ao norte-americano Brock\u00a0Heger, Jo\u00e3o Monteiro \u00e9, com um s\u00f3lido quarto lugar, o melhor portugu\u00eas na classifica\u00e7\u00e3o absoluta.<\/p>\n<p>Tamb\u00e9m na categoria Challenger houve luta intensa. Rui Carneiro foi o portugu\u00eas mais r\u00e1pido da etapa, ao alcan\u00e7ar o 14.\u00ba posto, mas \u00e9 Pedro Gon\u00e7alves quem segue\u00a0melhor\u00a0posicionado na geral, ocupando o nono lugar, numa classe liderada pelo espanhol Pau Navarro.<\/p>\n","protected":false},"excerpt":{"rendered":"Jo\u00e3o Ferreira\u00a0mostrou\u00a0garra e consist\u00eancia durante a segunda parte da exigente etapa maratona do Rally Dakar, esta quinta-feira, e&hellip;\n","protected":false},"author":2,"featured_media":223082,"comment_status":"","ping_status":"","sticky":false,"template":"","format":"standard","meta":{"footnotes":""},"categories":[8],"tags":[27,28,15,16,14,25,26,21,22,12,13,19,20,32,23,24,33,17,18,29,30,31],"class_list":{"0":"post-223081","1":"post","2":"type-post","3":"status-publish","4":"format-standard","5":"has-post-thumbnail","7":"category-principais-noticias","8":"tag-breaking-news","9":"tag-breakingnews","10":"tag-featured-news","11":"tag-featurednews","12":"tag-headlines","13":"tag-latest-news","14":"tag-latestnews","15":"tag-main-news","16":"tag-mainnews","17":"tag-news","18":"tag-noticias","19":"tag-noticias-principais","20":"tag-noticiasprincipais","21":"tag-portugal","22":"tag-principais-noticias","23":"tag-principaisnoticias","24":"tag-pt","25":"tag-top-stories","26":"tag-topstories","27":"tag-ultimas","28":"tag-ultimas-noticias","29":"tag-ultimasnoticias"},"share_on_mastodon":{"url":"https:\/\/pubeurope.com\/@pt\/115868573892185498","error":""},"_links":{"self":[{"href":"https:\/\/www.europesays.com\/pt\/wp-json\/wp\/v2\/posts\/223081","targetHints":{"allow":["GET"]}}],"collection":[{"href":"https:\/\/www.europesays.com\/pt\/wp-json\/wp\/v2\/posts"}],"about":[{"href":"https:\/\/www.europesays.com\/pt\/wp-json\/wp\/v2\/types\/post"}],"author":[{"embeddable":true,"href":"https:\/\/www.europesays.com\/pt\/wp-json\/wp\/v2\/users\/2"}],"replies":[{"embeddable":true,"href":"https:\/\/www.europesays.com\/pt\/wp-json\/wp\/v2\/comments?post=223081"}],"version-history":[{"count":0,"href":"https:\/\/www.europesays.com\/pt\/wp-json\/wp\/v2\/posts\/223081\/revisions"}],"wp:featuredmedia":[{"embeddable":true,"href":"https:\/\/www.europesays.com\/pt\/wp-json\/wp\/v2\/media\/223082"}],"wp:attachment":[{"href":"https:\/\/www.europesays.com\/pt\/wp-json\/wp\/v2\/media?parent=223081"}],"wp:term":[{"taxonomy":"category","embeddable":true,"href":"https:\/\/www.europesays.com\/pt\/wp-json\/wp\/v2\/categories?post=223081"},{"taxonomy":"post_tag","embeddable":true,"href":"https:\/\/www.europesays.com\/pt\/wp-json\/wp\/v2\/tags?post=223081"}],"curies":[{"name":"wp","href":"https:\/\/api.w.org\/{rel}","templated":true}]}}