{"id":223093,"date":"2026-01-10T03:09:12","date_gmt":"2026-01-10T03:09:12","guid":{"rendered":"https:\/\/www.europesays.com\/pt\/223093\/"},"modified":"2026-01-10T03:09:12","modified_gmt":"2026-01-10T03:09:12","slug":"funeral-de-maycon-douglas-agencia-funeraria-de-marcelo-palma-emite-comunicado-dois-as-10","status":"publish","type":"post","link":"https:\/\/www.europesays.com\/pt\/223093\/","title":{"rendered":"Funeral de Maycon Douglas: ag\u00eancia funer\u00e1ria de Marcelo Palma emite comunicado &#8211; Dois \u00e0s 10"},"content":{"rendered":"<p>                        A Ag\u00eancia Funer\u00e1ria Velhinho, detida por Marcelo Palma, reagiu publicamente \u00e0 forte onda de mensagens e manifesta\u00e7\u00f5es de apoio que tem recebido desde que foi confirmado que ser\u00e1 a respons\u00e1vel pelas cerim\u00f3nias f\u00fanebres de Maycon Douglas, ex-concorrente do \u00abSecret Story\u00bb.<\/p>\n<p data-end=\"273\" data-start=\"0\">A Ag\u00eancia Funer\u00e1ria Velhinho, detida por Marcelo Palma, pronunciou-se publicamente nas redes sociais ap\u00f3s a onda de apoio e carinho recebida nas \u00faltimas horas, na sequ\u00eancia da confirma\u00e7\u00e3o de que ser\u00e1 a respons\u00e1vel pela organiza\u00e7\u00e3o das cerim\u00f3nias f\u00fanebres de Maycon Douglas.<\/p>\n<p data-end=\"474\" data-start=\"275\">Atrav\u00e9s de uma nota simples, mas carregada de emo\u00e7\u00e3o, a empresa agradeceu as in\u00fameras mensagens que t\u00eam chegado: <strong>\u201cEstamos sem palavras. Sentimos o vosso abra\u00e7o\u201d<\/strong>, pode ler-se na publica\u00e7\u00e3o partilhada.<\/p>\n<p data-end=\"804\" data-start=\"476\">Na mesma comunica\u00e7\u00e3o, a Ag\u00eancia Funer\u00e1ria Velhinho esclareceu que, para j\u00e1, ainda n\u00e3o existem informa\u00e7\u00f5es oficiais sobre o funeral do ex-concorrente do Secret Story 8. <strong>\u201cAinda n\u00e3o dispomos de informa\u00e7\u00f5es sobre as cerim\u00f3nias f\u00fanebres. Atualizaremos brevemente\u201d,<\/strong> informaram, pedindo compreens\u00e3o e respeito neste momento delicado.<\/p>\n<p data-end=\"968\" data-start=\"806\"><strong>\u201cObrigado por respeitarem este momento e por estarem desse lado\u201d<\/strong>, conclui a mensagem, que foi tamb\u00e9m partilhada por Marcelo Palma nas suas redes sociais pessoais.<\/p>\n<p data-end=\"968\" data-start=\"806\"><img loading=\"lazy\" decoding=\"async\" alt=\"\" height=\"831\" src=\"https:\/\/www.europesays.com\/pt\/wp-content\/uploads\/2026\/01\/1768014552_449_1000.webp\" width=\"486\"\/><\/p>\n<p data-end=\"1244\" data-is-last-node=\"\" data-is-only-node=\"\" data-start=\"970\">Recorde-se que a divulga\u00e7\u00e3o de mais detalhes sobre as cerim\u00f3nias f\u00fanebres s\u00f3 dever\u00e1 acontecer ap\u00f3s estarem conclu\u00eddos todos os tr\u00e2mites legais, incluindo a aut\u00f3psia a Maycon Douglas, cujo falecimento abalou profundamente f\u00e3s, amigos e antigos colegas do reality show da TVI.<\/p>\n<p>  \u00a0 <\/p>\n","protected":false},"excerpt":{"rendered":"A Ag\u00eancia Funer\u00e1ria Velhinho, detida por Marcelo Palma, reagiu publicamente \u00e0 forte onda de mensagens e manifesta\u00e7\u00f5es de&hellip;\n","protected":false},"author":2,"featured_media":223094,"comment_status":"","ping_status":"","sticky":false,"template":"","format":"standard","meta":{"footnotes":""},"categories":[85],"tags":[329,166,3412,3406,3409,801,3410,3411,3407,3408,114,115,3413,8366,338,10223,32,33,162],"class_list":{"0":"post-223093","1":"post","2":"type-post","3":"status-publish","4":"format-standard","5":"has-post-thumbnail","7":"category-entretenimento","8":"tag-claudio-ramos","9":"tag-cristina-ferreira","10":"tag-dois-10","11":"tag-dois-a-s-10-dois-a-s-10","12":"tag-dois-a-s-dez","13":"tag-dois-as-10","14":"tag-dois-as-dez","15":"tag-dois-dez","16":"tag-doisas10","17":"tag-doisasdez","18":"tag-entertainment","19":"tag-entretenimento","20":"tag-manha-tvi","21":"tag-marcelo-palma","22":"tag-maria-botelho-moniz","23":"tag-maycon-douglas","24":"tag-portugal","25":"tag-pt","26":"tag-tvi"},"share_on_mastodon":{"url":"https:\/\/pubeurope.com\/@pt\/115868608916430230","error":""},"_links":{"self":[{"href":"https:\/\/www.europesays.com\/pt\/wp-json\/wp\/v2\/posts\/223093","targetHints":{"allow":["GET"]}}],"collection":[{"href":"https:\/\/www.europesays.com\/pt\/wp-json\/wp\/v2\/posts"}],"about":[{"href":"https:\/\/www.europesays.com\/pt\/wp-json\/wp\/v2\/types\/post"}],"author":[{"embeddable":true,"href":"https:\/\/www.europesays.com\/pt\/wp-json\/wp\/v2\/users\/2"}],"replies":[{"embeddable":true,"href":"https:\/\/www.europesays.com\/pt\/wp-json\/wp\/v2\/comments?post=223093"}],"version-history":[{"count":0,"href":"https:\/\/www.europesays.com\/pt\/wp-json\/wp\/v2\/posts\/223093\/revisions"}],"wp:featuredmedia":[{"embeddable":true,"href":"https:\/\/www.europesays.com\/pt\/wp-json\/wp\/v2\/media\/223094"}],"wp:attachment":[{"href":"https:\/\/www.europesays.com\/pt\/wp-json\/wp\/v2\/media?parent=223093"}],"wp:term":[{"taxonomy":"category","embeddable":true,"href":"https:\/\/www.europesays.com\/pt\/wp-json\/wp\/v2\/categories?post=223093"},{"taxonomy":"post_tag","embeddable":true,"href":"https:\/\/www.europesays.com\/pt\/wp-json\/wp\/v2\/tags?post=223093"}],"curies":[{"name":"wp","href":"https:\/\/api.w.org\/{rel}","templated":true}]}}