{"id":223107,"date":"2026-01-10T03:22:37","date_gmt":"2026-01-10T03:22:37","guid":{"rendered":"https:\/\/www.europesays.com\/pt\/223107\/"},"modified":"2026-01-10T03:22:37","modified_gmt":"2026-01-10T03:22:37","slug":"eua-exigia-72-vacinas-enquanto-na-europa-so-sao-exigidas-11-como-diz-trump-poligrafo","status":"publish","type":"post","link":"https:\/\/www.europesays.com\/pt\/223107\/","title":{"rendered":"EUA exigia 72 vacinas, enquanto na Europa s\u00f3 s\u00e3o exigidas 11, como diz Trump? \u2013 Pol\u00edgrafo"},"content":{"rendered":"<p>O governo norte-americano <b>reduziu<\/b> oficialmente o <b>n\u00famero de vacinas recomendadas<\/b> na inf\u00e2ncia de 17 para 10. A medida remove a recomenda\u00e7\u00e3o das vacinas contra o rotav\u00edrus, a gripe, a doen\u00e7a meningoc\u00f3cica e a hepatite A.\u00a0<\/p>\n<p>Segundo <a href=\"https:\/\/www.hhs.gov\/press-room\/fact-sheet-cdc-childhood-immunization-recommendations.html\" rel=\"nofollow noopener\" target=\"_blank\">um comunicado<\/a> do departamento de sa\u00fade e servi\u00e7os humanos dos Estados Unidos, continuar\u00e1 a recomendar-se que \u201ctodas as crian\u00e7as sejam imunizadas <b>contra 10 doen\u00e7as<\/b> para as quais existe consenso internacional\u201d, como, por exemplo, a varicela.<\/p>\n<p>Para outras doen\u00e7as, a vacina\u00e7\u00e3o s\u00f3 ser\u00e1 recomendada \u201cpara grupos e popula\u00e7\u00f5es de alto risco, ou por meio de <b>decis\u00f5es cl\u00ednicas compartilhadas<\/b> quando n\u00e3o for poss\u00edvel para as autoridades de sa\u00fade p\u00fablica definir claramente quem beneficiar\u00e1 da imuniza\u00e7\u00e3o\u201d, l\u00ea-se.\u00a0<\/p>\n<p>V\u00e1rios especialistas mant\u00eam as recomenda\u00e7\u00f5es anteriores sobre as vacinas, afirmando que n\u00e3o h\u00e1 novos dados cient\u00edficos que justifiquem uma mudan\u00e7a, e<b> mostram preocupa\u00e7\u00e3o<\/b> em rela\u00e7\u00e3o a estas altera\u00e7\u00f5es (ver <a href=\"https:\/\/apnews.com\/article\/childhood-vaccine-schedule-trump-rfk-hhs-9b8df9e2767c1261aaac4e2331e77fa3\" rel=\"nofollow noopener\" target=\"_blank\">aqui<\/a>).<\/p>\n<p>Donald Trump partilhou, nas redes sociais, as atualiza\u00e7\u00f5es no calend\u00e1rio de vacina\u00e7\u00e3o e afirmou que \u201c<b>os Estados Unidos n\u00e3o exigir\u00e3o mais 72 \u2018inje\u00e7\u00f5es<\/b>\u2019\u201d para crian\u00e7as. O presidente norte-americano tamb\u00e9m compartilhou uma imagem em que se refere que os EUA exigiam 72 inje\u00e7\u00f5es, enquanto \u201cum pa\u00eds europeu\u201d administrava apenas 11. Mas ser\u00e1 que estes dados est\u00e3o corretos?<\/p>\n<p><b>\u00c9 verdade que nos EUA eram exigidas 72 vacinas quando na Europa eram recomendadas apenas 11?<\/b><\/p>\n<p>A compara\u00e7\u00e3o feita por Trump \u00e9 enganadora. Nas redes sociais, o presidente dos Estados Unidos refere que nos <b>EUA<\/b> eram exigidas <b>72 inje\u00e7\u00f5es<\/b>, mas que \u201cum <b>pa\u00eds europeu<\/b>\u201d administrava apenas <b>11<\/b>.<\/p>\n<p>Contudo, h\u00e1 uma confus\u00e3o entre o<b> n\u00famero de doen\u00e7as <\/b>para as quais se recomenda a <a href=\"https:\/\/viral.sapo.pt\/factos\/mortes-subitas-cardiacas-atletas-covid-19\/\" rel=\"nofollow noopener\" target=\"_blank\">vacina\u00e7\u00e3o<\/a> e o<b> n\u00famero de doses<\/b> recomendadas de cada vacina.<\/p>\n<p><a href=\"https:\/\/vaccine-schedule.ecdc.europa.eu\/\" rel=\"nofollow noopener\" target=\"_blank\">Nos pa\u00edses europeus<\/a>, o n\u00famero de vacinas (e n\u00e3o doses) recomendadas na inf\u00e2ncia varia entre <b>10<\/b> (Dinamarca) e <b>16<\/b> (\u00c1ustria e Gr\u00e9cia).<\/p>\n<p>Nos Estados Unidos, antes da altera\u00e7\u00e3o no calend\u00e1rio de vacina\u00e7\u00e3o, eram recomendadas vacinas contra <b>17 doen\u00e7as<\/b> (ver <a href=\"https:\/\/www.hhs.gov\/press-room\/fact-sheet-cdc-childhood-immunization-recommendations.html\" rel=\"nofollow noopener\" target=\"_blank\">aqui<\/a>, <a href=\"https:\/\/ysph.yale.edu\/research\/information-sheets\/childhood-vaccinations\/#4-children-receive-so-many-more-vaccines-these-days-why?-is-this-okay?\" rel=\"nofollow noopener\" target=\"_blank\">aqui<\/a> e <a href=\"https:\/\/www.cidrap.umn.edu\/childhood-vaccines\/hhs-announces-unprecedented-overhaul-us-childhood-vaccine-schedule#:~:text=Federal%20officials%20today%20announced%20an,director%2C%20Jim%20O&#039;Neill\" rel=\"nofollow noopener\" target=\"_blank\">aqui<\/a>): <a href=\"https:\/\/viral.sapo.pt\/factos\/apanhar-sarampo-sistema-imunitario-cancro\/\" rel=\"nofollow noopener\" target=\"_blank\">sarampo<\/a>, papeira, rub\u00e9ola (MMR); poliomielite; t\u00e9tano; difteria; tosse convulsa; <a href=\"https:\/\/viral.sapo.pt\/artigos\/surto-de-hepatite-a-perguntas-e-respostas\/\" rel=\"nofollow noopener\" target=\"_blank\">hepatite A<\/a> e B; varicela; doen\u00e7a pneumoc\u00f3cica; doen\u00e7a meningoc\u00f3cica; rotav\u00edrus; Haemophilus influenzae tipo b (Hib); HPV (v\u00edrus do papiloma humano); <a href=\"https:\/\/viral.sapo.pt\/artigos\/mentiras-sobre-saude-que-marcaram-2025\/\" rel=\"nofollow noopener\" target=\"_blank\">Covid-19<\/a>; e gripe.<\/p>\n<p>Tanto nos Estados Unidos como nos pa\u00edses europeus, algumas das vacinas que fazem parte dos planos dos respetivos pa\u00edses requerem <b>mais do que uma dose<\/b>.<\/p>\n<p>Nos EUA, sublinha-se <a href=\"https:\/\/ysph.yale.edu\/research\/information-sheets\/childhood-vaccinations\/#4-children-receive-so-many-more-vaccines-these-days-why?-is-this-okay?\" rel=\"nofollow noopener\" target=\"_blank\">num texto<\/a> da Escola de Sa\u00fade P\u00fablica de Yale, isso significa, por exemplo, \u201c<b>28 doses<\/b> at\u00e9 os dois anos (incluindo vacinas anuais contra a gripe)\u201d,\u00a0<\/p>\n<p>\u201c<b>35 doses<\/b> at\u00e9 os cinco anos (incluindo vacinas anuais contra a gripe)\u201d e \u201c<b>54 doses<\/b> at\u00e9 os 18 anos (com um ter\u00e7o proveniente de vacinas anuais contra a gripe)\u201d.<\/p>\n<p>Quando Trump refere \u201c72 inje\u00e7\u00f5es\u201d est\u00e1 a extrapolar um resultado que, na maior parte dos casos, n\u00e3o corresponde \u00e0 realidade.<\/p>\n<p>Em primeiro lugar, o pa\u00eds <b>nunca recomendou 72 vacinas diferentes <\/b>na inf\u00e2ncia. E, mesmo falando em doses, o n\u00famero n\u00e3o \u00e9 verdadeiro.<\/p>\n<p>Esse n\u00famero de doses teria de \u201cincluir todas as<b> vacinas anuais contra a gripe e contra a Covid-19 <\/b>at\u00e9 os 18 anos\u201d e, possivelmente, teria de contar (de forma errada) \u201c<a href=\"https:\/\/viral.sapo.pt\/artigos\/perguntas-e-respostas-vacinas-contra-o-hpv\/\" rel=\"nofollow noopener\" target=\"_blank\">vacinas<\/a> combinadas (como a MMR, que protege contra tr\u00eas doen\u00e7as) como tr\u00eas doses separadas\u201d, explica-se no mesmo texto.<\/p>\n<p>Algumas contagens at\u00e9 incluem <b>vacinas recomendadas apenas a <\/b><a href=\"https:\/\/viral.sapo.pt\/factos\/gravidas-devem-evitar-beber-muito-cafe\/\" rel=\"nofollow noopener\" target=\"_blank\"><b>gr\u00e1vidas<\/b><\/a>, que n\u00e3o deviam entrar para a contagem de inje\u00e7\u00f5es \u201cobrigat\u00f3rias\u201d para crian\u00e7as.\u00a0<\/p>\n<p>O n\u00famero exato de doses que uma crian\u00e7a recebe pode variar de acordo com o <b>momento<\/b>, os <b>calend\u00e1rios de atualiza\u00e7\u00e3o<\/b>, as <b>condi\u00e7\u00f5es de sa\u00fade<\/b> e as<b> formula\u00e7\u00f5es das vacinas <\/b>dispon\u00edveis.\u00a0<\/p>\n<p>Mas, em \u00faltima an\u00e1lise, o n\u00famero de doses administradas nos EUA e nos pa\u00edses europeus eram semelhantes antes da redu\u00e7\u00e3o estabelecida pelo governo norte-americano.<\/p>\n<p>Importa ainda sublinhar que, \u201cao contr\u00e1rio do que afirma Trump, <b>nunca foram \u2018obrigat\u00f3rias\u2019 <\/b>72 inje\u00e7\u00f5es, pois as fam\u00edlias podiam optar por n\u00e3o as dar\u201d, <a href=\"https:\/\/apnews.com\/article\/trump-childhood-vaccines-fact-check-17c0cb6f2f208f11b3474b96d1726945\" rel=\"nofollow noopener\" target=\"_blank\">adianta a Associated Press (AP)<\/a>.<\/p>\n<p>\u201cOs estados exigem que as crian\u00e7as recebam certas <a href=\"https:\/\/viral.sapo.pt\/artigos\/vacinas-da-covid-19-mentiras\/\" rel=\"nofollow noopener\" target=\"_blank\">vacinas<\/a> antes de se matricularem na escola\u201d, mas \u201cas <b>listas estaduais de vacinas <\/b>escolares eram<b> mais reduzidas<\/b> do que o calend\u00e1rio de vacina\u00e7\u00e3o anterior dos EUA, e muitos estados oferecem diferentes tipos de isen\u00e7\u00f5es\u201d, l\u00ea-se no texto da AP.<\/p>\n","protected":false},"excerpt":{"rendered":"O governo norte-americano reduziu oficialmente o n\u00famero de vacinas recomendadas na inf\u00e2ncia de 17 para 10. A medida&hellip;\n","protected":false},"author":2,"featured_media":223108,"comment_status":"","ping_status":"","sticky":false,"template":"","format":"standard","meta":{"footnotes":""},"categories":[86],"tags":[116,32,33,117],"class_list":{"0":"post-223107","1":"post","2":"type-post","3":"status-publish","4":"format-standard","5":"has-post-thumbnail","7":"category-saude","8":"tag-health","9":"tag-portugal","10":"tag-pt","11":"tag-saude"},"share_on_mastodon":{"url":"https:\/\/pubeurope.com\/@pt\/115868660252181560","error":""},"_links":{"self":[{"href":"https:\/\/www.europesays.com\/pt\/wp-json\/wp\/v2\/posts\/223107","targetHints":{"allow":["GET"]}}],"collection":[{"href":"https:\/\/www.europesays.com\/pt\/wp-json\/wp\/v2\/posts"}],"about":[{"href":"https:\/\/www.europesays.com\/pt\/wp-json\/wp\/v2\/types\/post"}],"author":[{"embeddable":true,"href":"https:\/\/www.europesays.com\/pt\/wp-json\/wp\/v2\/users\/2"}],"replies":[{"embeddable":true,"href":"https:\/\/www.europesays.com\/pt\/wp-json\/wp\/v2\/comments?post=223107"}],"version-history":[{"count":0,"href":"https:\/\/www.europesays.com\/pt\/wp-json\/wp\/v2\/posts\/223107\/revisions"}],"wp:featuredmedia":[{"embeddable":true,"href":"https:\/\/www.europesays.com\/pt\/wp-json\/wp\/v2\/media\/223108"}],"wp:attachment":[{"href":"https:\/\/www.europesays.com\/pt\/wp-json\/wp\/v2\/media?parent=223107"}],"wp:term":[{"taxonomy":"category","embeddable":true,"href":"https:\/\/www.europesays.com\/pt\/wp-json\/wp\/v2\/categories?post=223107"},{"taxonomy":"post_tag","embeddable":true,"href":"https:\/\/www.europesays.com\/pt\/wp-json\/wp\/v2\/tags?post=223107"}],"curies":[{"name":"wp","href":"https:\/\/api.w.org\/{rel}","templated":true}]}}