{"id":223113,"date":"2026-01-10T03:27:15","date_gmt":"2026-01-10T03:27:15","guid":{"rendered":"https:\/\/www.europesays.com\/pt\/223113\/"},"modified":"2026-01-10T03:27:15","modified_gmt":"2026-01-10T03:27:15","slug":"arruda-furtou-malas-do-aeroporto-e-foi-direto-de-tvde-para-audicao-urgente-na-assembleia","status":"publish","type":"post","link":"https:\/\/www.europesays.com\/pt\/223113\/","title":{"rendered":"Arruda furtou malas do aeroporto e foi direto de TVDE para audi\u00e7\u00e3o urgente na Assembleia"},"content":{"rendered":"<p data-remotead-prev-elm=\"true\" data-remotead-elm-id=\"inread\">Era uma rotina semanal. Quando ainda era deputado do Chega, entre outubro de 2024 e janeiro do ano passado, Miguel Arruda aproveitava o vaiv\u00e9m entre os A\u00e7ores e Lisboa para furtar malas desacompanhadas, onde acabava por encontrar roupas e acess\u00f3rios. Os bens mais valiosos eram entregues \u00e0 mulher, tamb\u00e9m arguida, e o resto era posto \u00e0 venda na Internet. Nas v\u00e9speras de ser detido pela PSP, o ex-parlamentar, que acaba de ser acusado de 21 crime de furtos, desviou as \u00faltimas tr\u00eas bagagens. Mas em vez de ir para a sua casa de Lisboa como era habitual, apanhou um TVDE para se deslocar rapidamente \u00e0 Assembleia da Rep\u00fablica, onde tinha de assistir a uma audi\u00e7\u00e3o urgente na Comiss\u00e3o de Agricultura e Pescas sobre a gripe das aves.<\/p>\n","protected":false},"excerpt":{"rendered":"Era uma rotina semanal. Quando ainda era deputado do Chega, entre outubro de 2024 e janeiro do ano&hellip;\n","protected":false},"author":2,"featured_media":223114,"comment_status":"","ping_status":"","sticky":false,"template":"","format":"standard","meta":{"footnotes":""},"categories":[10],"tags":[2030,27,28,1736,15,16,24363,14,603,25,26,21,22,42800,12,13,19,20,32,23,24,33,17,18,29,30,31],"class_list":{"0":"post-223113","1":"post","2":"type-post","3":"status-publish","4":"format-standard","5":"has-post-thumbnail","7":"category-portugal","8":"tag-assembleia-da-republica","9":"tag-breaking-news","10":"tag-breakingnews","11":"tag-chega","12":"tag-featured-news","13":"tag-featurednews","14":"tag-furto","15":"tag-headlines","16":"tag-justica","17":"tag-latest-news","18":"tag-latestnews","19":"tag-main-news","20":"tag-mainnews","21":"tag-miguel-arruda","22":"tag-news","23":"tag-noticias","24":"tag-noticias-principais","25":"tag-noticiasprincipais","26":"tag-portugal","27":"tag-principais-noticias","28":"tag-principaisnoticias","29":"tag-pt","30":"tag-top-stories","31":"tag-topstories","32":"tag-ultimas","33":"tag-ultimas-noticias","34":"tag-ultimasnoticias"},"share_on_mastodon":{"url":"https:\/\/pubeurope.com\/@pt\/115868679690263242","error":""},"_links":{"self":[{"href":"https:\/\/www.europesays.com\/pt\/wp-json\/wp\/v2\/posts\/223113","targetHints":{"allow":["GET"]}}],"collection":[{"href":"https:\/\/www.europesays.com\/pt\/wp-json\/wp\/v2\/posts"}],"about":[{"href":"https:\/\/www.europesays.com\/pt\/wp-json\/wp\/v2\/types\/post"}],"author":[{"embeddable":true,"href":"https:\/\/www.europesays.com\/pt\/wp-json\/wp\/v2\/users\/2"}],"replies":[{"embeddable":true,"href":"https:\/\/www.europesays.com\/pt\/wp-json\/wp\/v2\/comments?post=223113"}],"version-history":[{"count":0,"href":"https:\/\/www.europesays.com\/pt\/wp-json\/wp\/v2\/posts\/223113\/revisions"}],"wp:featuredmedia":[{"embeddable":true,"href":"https:\/\/www.europesays.com\/pt\/wp-json\/wp\/v2\/media\/223114"}],"wp:attachment":[{"href":"https:\/\/www.europesays.com\/pt\/wp-json\/wp\/v2\/media?parent=223113"}],"wp:term":[{"taxonomy":"category","embeddable":true,"href":"https:\/\/www.europesays.com\/pt\/wp-json\/wp\/v2\/categories?post=223113"},{"taxonomy":"post_tag","embeddable":true,"href":"https:\/\/www.europesays.com\/pt\/wp-json\/wp\/v2\/tags?post=223113"}],"curies":[{"name":"wp","href":"https:\/\/api.w.org\/{rel}","templated":true}]}}