{"id":223117,"date":"2026-01-10T03:34:13","date_gmt":"2026-01-10T03:34:13","guid":{"rendered":"https:\/\/www.europesays.com\/pt\/223117\/"},"modified":"2026-01-10T03:34:13","modified_gmt":"2026-01-10T03:34:13","slug":"veja-quem-interpretara-peter-parker-e-mary-jane-no-novo-filme-do-homem-aranha-de-2026","status":"publish","type":"post","link":"https:\/\/www.europesays.com\/pt\/223117\/","title":{"rendered":"Veja quem interpretar\u00e1 Peter Parker e Mary Jane no novo filme do Homem Aranha de 2026"},"content":{"rendered":"<p>Cinco anos depois do sucesso estrondoso de Homem Aranha: Sem Volta para Casa (2021), o novo filme do teioso no universo Marvel est\u00e1 previsto para chegar \u00e0s telonas este ano: Homem-Aranha: Um Novo Dia. J\u00e1 sabemos que Tom Holland vai retornar como o her\u00f3i Peter Parker, mas quem vai ser o interesse rom\u00e2ntico do her\u00f3i, a ic\u00f4nica Mary Jane? <\/p>\n<p>Bem, Mary Jane n\u00e3o sabemos, mas MJ com certeza vai ter. Zendaya vai retornar como a personagem que j\u00e1 era o par do her\u00f3i nos dois filmes anteriores. Lembrando que a personagem, apesar do apelido, n\u00e3o se chama Mary Jane, mas Michelle Jones-Watson. Ainda n\u00e3o temos muitos detalhes da trama, nem como MJ vai voltar \u00e0 vida de Peter Parker, principalmente considerando os eventos do longa anterior\u2026 <\/p>\n<p><img loading=\"lazy\" decoding=\"async\" width=\"1200\" height=\"675\" src=\"https:\/\/www.europesays.com\/pt\/wp-content\/uploads\/2026\/01\/homem-aranha-mj-1200x675.jpg\" alt=\"homem aranha mj\" class=\"wp-image-31528\"  \/>Imagem: reprodu\u00e7\u00e3o<\/p>\n<p>O que sabemos sobre Homem-Aranha 4?<\/p>\n<p><strong>Aten\u00e7\u00e3o: spoilers de Homem-Aranha: Sem Volta para Casa.<\/strong><\/p>\n<p>O Doutor Estranho apagou a identidade secreta de Peter Parker da mem\u00f3ria do mundo inteiro, incluindo da namorada dele, MJ, ent\u00e3o vamos ver como Peter lida com essa nova realidade, tendo que proteger do mundo a verdade sobre quem ele \u00e9. Mas, como j\u00e1 dissemos, ainda n\u00e3o temos muito detalhes, e tamb\u00e9m n\u00e3o sabemos que vil\u00e3o o \u201camig\u00e3o da vizinhan\u00e7a\u201d ter\u00e1 que enfrentar.<\/p>\n<p>A dire\u00e7\u00e3o vai ficar por conta de Destin Daniel Cretton, o diretor de Shang-Chi e a Lenda dos Dez An\u00e9is (2021). Al\u00e9m de Holland e Zendaya, outros nomes confirmados no elenco s\u00e3o Sadie Sink (a Max de Stranger Things) e Jon Bernthal (Justiceiro).<\/p>\n","protected":false},"excerpt":{"rendered":"Cinco anos depois do sucesso estrondoso de Homem Aranha: Sem Volta para Casa (2021), o novo filme do&hellip;\n","protected":false},"author":2,"featured_media":223118,"comment_status":"","ping_status":"","sticky":false,"template":"","format":"standard","meta":{"footnotes":""},"categories":[140],"tags":[114,115,147,148,146,32,33],"class_list":{"0":"post-223117","1":"post","2":"type-post","3":"status-publish","4":"format-standard","5":"has-post-thumbnail","7":"category-filmes","8":"tag-entertainment","9":"tag-entretenimento","10":"tag-film","11":"tag-filmes","12":"tag-movies","13":"tag-portugal","14":"tag-pt"},"share_on_mastodon":{"url":"https:\/\/pubeurope.com\/@pt\/115868707283418420","error":""},"_links":{"self":[{"href":"https:\/\/www.europesays.com\/pt\/wp-json\/wp\/v2\/posts\/223117","targetHints":{"allow":["GET"]}}],"collection":[{"href":"https:\/\/www.europesays.com\/pt\/wp-json\/wp\/v2\/posts"}],"about":[{"href":"https:\/\/www.europesays.com\/pt\/wp-json\/wp\/v2\/types\/post"}],"author":[{"embeddable":true,"href":"https:\/\/www.europesays.com\/pt\/wp-json\/wp\/v2\/users\/2"}],"replies":[{"embeddable":true,"href":"https:\/\/www.europesays.com\/pt\/wp-json\/wp\/v2\/comments?post=223117"}],"version-history":[{"count":0,"href":"https:\/\/www.europesays.com\/pt\/wp-json\/wp\/v2\/posts\/223117\/revisions"}],"wp:featuredmedia":[{"embeddable":true,"href":"https:\/\/www.europesays.com\/pt\/wp-json\/wp\/v2\/media\/223118"}],"wp:attachment":[{"href":"https:\/\/www.europesays.com\/pt\/wp-json\/wp\/v2\/media?parent=223117"}],"wp:term":[{"taxonomy":"category","embeddable":true,"href":"https:\/\/www.europesays.com\/pt\/wp-json\/wp\/v2\/categories?post=223117"},{"taxonomy":"post_tag","embeddable":true,"href":"https:\/\/www.europesays.com\/pt\/wp-json\/wp\/v2\/tags?post=223117"}],"curies":[{"name":"wp","href":"https:\/\/api.w.org\/{rel}","templated":true}]}}