{"id":223119,"date":"2026-01-10T03:35:10","date_gmt":"2026-01-10T03:35:10","guid":{"rendered":"https:\/\/www.europesays.com\/pt\/223119\/"},"modified":"2026-01-10T03:35:10","modified_gmt":"2026-01-10T03:35:10","slug":"nic-von-rupp-viveu-a-onda-da-sua-vida-num-swell-historico-em-mullaghmore","status":"publish","type":"post","link":"https:\/\/www.europesays.com\/pt\/223119\/","title":{"rendered":"Nic Von Rupp viveu a \u201conda da sua vida\u201d num swell hist\u00f3rico em Mullaghmore"},"content":{"rendered":"<p data-start=\"106\" data-end=\"208\">Num dos\u00a0maiores e mais perfeitos swells da \u00faltima d\u00e9cada<\/p>\n<p data-start=\"210\" data-end=\"507\">\u00a0<\/p>\n<p data-start=\"210\" data-end=\"507\">No dia <strong data-start=\"217\" data-end=\"243\">18 de dezembro de 2025<\/strong>, a costa irlandesa foi atingida por um dos <strong data-start=\"287\" data-end=\"339\">maiores e mais perfeitos swells da \u00faltima d\u00e9cada<\/strong>, criando condi\u00e7\u00f5es absolutamente excecionais em <strong data-start=\"388\" data-end=\"429\">Mullaghmore<\/strong>, um dos mais temidos e respeitados palcos do surf de ondas grandes na Europa.<\/p>\n<p data-start=\"509\" data-end=\"705\">Foi neste cen\u00e1rio extremo que <strong data-start=\"539\" data-end=\"555\">Nic Von Rupp<\/strong> surfou aquela que descreve como <strong data-start=\"588\" data-end=\"612\">\u201ca onda da sua vida\u201d<\/strong> \u2014 uma descida sonhada durante anos, temida com respeito e perseguida com dedica\u00e7\u00e3o absoluta.<\/p>\n<p>Um dia em que tudo alinhou<\/p>\n<p data-start=\"739\" data-end=\"983\">Segundo o surfista portugu\u00eas, naquele dia <strong data-start=\"781\" data-end=\"807\">tudo conspirou a favor<\/strong>: a ondula\u00e7\u00e3o certa, a previs\u00e3o afinada ao detalhe, a equipa no lugar certo e o momento exato. Em Mullaghmore, nada \u00e9 garantido e a margem para erro \u00e9 praticamente inexistente.<\/p>\n<blockquote>\n<p data-start=\"985\" data-end=\"1210\">\u201cSurfar Mullaghmore neste n\u00edvel \u00e9 uma experi\u00eancia profundamente humilde\u201d, refere Nic, sublinhando que sair do mar <strong data-start=\"1099\" data-end=\"1133\">saud\u00e1vel, inteiro e sem les\u00f5es<\/strong> depois de uma sess\u00e3o desta dimens\u00e3o \u00e9 algo que jamais tomar\u00e1 como garantido.<\/p>\n<\/blockquote>\n<p>Trabalho de equipa num dos palcos mais exigentes do planeta<\/p>\n<p data-start=\"1277\" data-end=\"1620\">Como em qualquer sess\u00e3o de ondas grandes, o sucesso n\u00e3o foi individual. Nic deixou um agradecimento especial a <strong data-start=\"1388\" data-end=\"1407\">Gabriel Sampaio<\/strong>, respons\u00e1vel por identificar a \u201cbomba\u201d perfeita, a <strong data-start=\"1459\" data-end=\"1468\">Barry<\/strong>, companheiro de longa data que esteve sempre ao seu lado, e a <strong data-start=\"1531\" data-end=\"1584\">Charlie<\/strong>, pela precis\u00e3o na leitura do swell.<\/p>\n<p data-start=\"1622\" data-end=\"1792\">A sess\u00e3o ficou registada num v\u00eddeo intenso e cru, que mostra <strong data-start=\"1683\" data-end=\"1728\">o big wave surfing na sua forma mais pura<\/strong>: compromisso total, risco real e respeito absoluto pelo oceano.<\/p>\n<p>Mullaghmore em modo lend\u00e1rio<\/p>\n<p data-start=\"1828\" data-end=\"2087\">Localizado na costa oeste da Irlanda, Mullaghmore \u00e9 conhecido pelas suas ondas frias, pesadas e t\u00e9cnicas, comparadas muitas vezes a Nazar\u00e9 pela exig\u00eancia f\u00edsica e mental. Swells desta magnitude s\u00e3o raros, e quando acontecem entram diretamente para a hist\u00f3ria.<\/p>\n<p data-start=\"2089\" data-end=\"2294\">O v\u00eddeo agora divulgado por Nic Von Rupp capta n\u00e3o s\u00f3 a dimens\u00e3o da onda, mas tamb\u00e9m a carga emocional de um momento que define carreiras \u2014 <strong data-start=\"2229\" data-end=\"2293\">uma daquelas sess\u00f5es que surgem uma vez por d\u00e9cada\u2026 ou menos<\/strong>.<\/p>\n<p data-start=\"2296\" data-end=\"2414\">\u00a0Para os amantes de big waves, Irlanda, Nazar\u00e9 e swells hist\u00f3ricos, este \u00e9 um daqueles registos que n\u00e3o se esquecem.<\/p>\n","protected":false},"excerpt":{"rendered":"Num dos\u00a0maiores e mais perfeitos swells da \u00faltima d\u00e9cada \u00a0 No dia 18 de dezembro de 2025, a&hellip;\n","protected":false},"author":2,"featured_media":223120,"comment_status":"","ping_status":"","sticky":false,"template":"","format":"standard","meta":{"footnotes":""},"categories":[87],"tags":[135,11843,5702,32,33,134],"class_list":{"0":"post-223119","1":"post","2":"type-post","3":"status-publish","4":"format-standard","5":"has-post-thumbnail","7":"category-desporto","8":"tag-desporto","9":"tag-destaquehome","10":"tag-nic-von-rupp","11":"tag-portugal","12":"tag-pt","13":"tag-sports"},"share_on_mastodon":{"url":"https:\/\/pubeurope.com\/@pt\/115868711237984429","error":""},"_links":{"self":[{"href":"https:\/\/www.europesays.com\/pt\/wp-json\/wp\/v2\/posts\/223119","targetHints":{"allow":["GET"]}}],"collection":[{"href":"https:\/\/www.europesays.com\/pt\/wp-json\/wp\/v2\/posts"}],"about":[{"href":"https:\/\/www.europesays.com\/pt\/wp-json\/wp\/v2\/types\/post"}],"author":[{"embeddable":true,"href":"https:\/\/www.europesays.com\/pt\/wp-json\/wp\/v2\/users\/2"}],"replies":[{"embeddable":true,"href":"https:\/\/www.europesays.com\/pt\/wp-json\/wp\/v2\/comments?post=223119"}],"version-history":[{"count":0,"href":"https:\/\/www.europesays.com\/pt\/wp-json\/wp\/v2\/posts\/223119\/revisions"}],"wp:featuredmedia":[{"embeddable":true,"href":"https:\/\/www.europesays.com\/pt\/wp-json\/wp\/v2\/media\/223120"}],"wp:attachment":[{"href":"https:\/\/www.europesays.com\/pt\/wp-json\/wp\/v2\/media?parent=223119"}],"wp:term":[{"taxonomy":"category","embeddable":true,"href":"https:\/\/www.europesays.com\/pt\/wp-json\/wp\/v2\/categories?post=223119"},{"taxonomy":"post_tag","embeddable":true,"href":"https:\/\/www.europesays.com\/pt\/wp-json\/wp\/v2\/tags?post=223119"}],"curies":[{"name":"wp","href":"https:\/\/api.w.org\/{rel}","templated":true}]}}