{"id":223123,"date":"2026-01-10T03:43:08","date_gmt":"2026-01-10T03:43:08","guid":{"rendered":"https:\/\/www.europesays.com\/pt\/223123\/"},"modified":"2026-01-10T03:43:08","modified_gmt":"2026-01-10T03:43:08","slug":"marcia-goldschmidt-detalha-recuperacao-apos-susto","status":"publish","type":"post","link":"https:\/\/www.europesays.com\/pt\/223123\/","title":{"rendered":"M\u00e1rcia Goldschmidt detalha recupera\u00e7\u00e3o ap\u00f3s susto"},"content":{"rendered":"<p>Nesta sexta-feira, 9, a apresentadora <a href=\"https:\/\/caras.com.br\/tags\/marcia-goldschmidt\" rel=\"nofollow noopener\" target=\"_blank\"><strong>M\u00e1rcia Goldschmidt<\/strong> <\/a>atualizou seus f\u00e3s sobre seu estado de sa\u00fade. No dia anterior, a famosa relatou que sofreu um acidente dom\u00e9stico em seu banheiro e estava com dores de cabe\u00e7a, al\u00e9m de ter sofrido um corte ao redor do olho direito.<\/p>\n<p>A apresentadora revelou que seguiu para o hospital logo ap\u00f3s o acidente e precisou levar alguns pontos no local do hematoma. M\u00e1rcia destacou que se sente tonta ao andar e segue em observa\u00e7\u00e3o em casa.<\/p>\n<p>\u201cTo aqui, recuperando, tudo inchado ainda, porque eu tive a sorte de que na hora o hematoma pulou, deu aquele galo, que a gente fala, as meninas cobriram, colocaram gelo. Por que se ele n\u00e3o vazasse, se o sangue n\u00e3o vazasse, pode ser que o sangue vazasse para dentro e para fora. Ent\u00e3o se o sangue n\u00e3o vazasse, as consequ\u00eancias seriam piores\u201d, disse ela ao Portal Leo Dias.<\/p>\n<p> O que aconteceu? <\/p>\n<p>Na noite de quinta-feira, 8, a apresentadora M\u00e1rcia Goldschmidt compartilhou em suas redes sociais que sofreu um acidente dom\u00e9stico. Ela contou que escorregou em seu banheiro e bateu a cabe\u00e7a em uma quina.<\/p>\n<p>\u201cEnt\u00e3o eu tinha acabado aqui de trabalhar, de fazer as minhas coisas e fui l\u00e1 \u00e0s dez da noite para ver as minhas filhas, se j\u00e1 tinham deitado, como \u00e9 que estava. E a\u00ed, passando na porta do banheiro dela, voc\u00eas sabem como um adolescente toma banho joga \u00e1guas para tudo que \u00e9 canto, ent\u00e3o eu vi a toalha no ch\u00e3o, entrei no banheiro para pegar a toalha\u201d, detalhou ela ao Portal Leo Dias.<\/p>\n<p>\u201cO banheiro tem tapete antiderrapante, mas que n\u00e3o cobre obviamente todo o espa\u00e7o, tem sempre um peda\u00e7o que fica liso. E abaixei para pegar a toalha assim. Quando eu levantei, eu escorreguei e fui com tudo na quina da pia. Eu n\u00e3o tenho como falar para voc\u00eas, tudo escureceu, eu tenho certeza, que ali apagou. Mas uma m\u00e3o, um anjo, Deus colocou a m\u00e3o e o corte foi um pouquinho acima, mil\u00edmetros acima de onde poderia n\u00e3o estar mais aqui falando com voc\u00eas hoje\u201d, completou ela.<\/p>\n<blockquote class=\"instagram-media\" style=\"background: #FFF; border: 0; border-radius: 3px; box-shadow: 0 0 1px 0 rgba(0,0,0,0.5),0 1px 10px 0 rgba(0,0,0,0.15); margin: 1px; max-width: 540px; min-width: 326px; padding: 0; width: calc(100% - 2px);\" data-instgrm-captioned=\"\" data-instgrm-permalink=\"https:\/\/www.instagram.com\/reel\/DTTWio-gmZB\/?utm_source=ig_embed&amp;utm_campaign=loading\" data-instgrm-version=\"14\"><\/blockquote>\n<p><strong>Leia tamb\u00e9m:\u00a0<\/strong><a href=\"https:\/\/caras.com.br\/atualidades\/marcia-goldschmidt-desabafa-apos-sofrer-acidente-domestico.phtml\" rel=\"nofollow noopener\" target=\"_blank\">M\u00e1rcia Goldschmidt desabafa ap\u00f3s sofrer acidente dom\u00e9stico<\/a><\/p>\n<p>        <a href=\"https:\/\/caras.com.br\/autor\/giovanna-f-campos\" rel=\"nofollow noopener\" target=\"_blank\">&#13;<br \/>\n          <img loading=\"lazy\" decoding=\"async\" alt=\"Giovanna F Campos\" src=\"https:\/\/www.europesays.com\/pt\/wp-content\/uploads\/2025\/09\/1758588909_721_525986578_1657136028311574_5510063872310493577_n-150x150.jpg\" class=\"avatar avatar-115 photo rounded-circle\" height=\"115\" width=\"115\"\/>        <\/a><\/p>\n<p>Giovanna F Campos \u00e9 estudante de jornalismo pela Faculdade C\u00e1sper L\u00edbero, apaixonada por entretenimento e literatura.<\/p>\n<p>\t                                            <script async src=\"\/\/www.instagram.com\/embed.js\"><\/script><\/p>\n","protected":false},"excerpt":{"rendered":"Nesta sexta-feira, 9, a apresentadora M\u00e1rcia Goldschmidt atualizou seus f\u00e3s sobre seu estado de sa\u00fade. No dia anterior,&hellip;\n","protected":false},"author":2,"featured_media":223124,"comment_status":"","ping_status":"","sticky":false,"template":"","format":"standard","meta":{"footnotes":""},"categories":[145],"tags":[40111,211,210,114,115,2816,32,33,117],"class_list":{"0":"post-223123","1":"post","2":"type-post","3":"status-publish","4":"format-standard","5":"has-post-thumbnail","7":"category-celebridades","8":"tag-acidente-domestico","9":"tag-celebridades","10":"tag-celebrities","11":"tag-entertainment","12":"tag-entretenimento","13":"tag-marcia-goldschmidt","14":"tag-portugal","15":"tag-pt","16":"tag-saude"},"share_on_mastodon":{"url":"https:\/\/pubeurope.com\/@pt\/115868742607496311","error":""},"_links":{"self":[{"href":"https:\/\/www.europesays.com\/pt\/wp-json\/wp\/v2\/posts\/223123","targetHints":{"allow":["GET"]}}],"collection":[{"href":"https:\/\/www.europesays.com\/pt\/wp-json\/wp\/v2\/posts"}],"about":[{"href":"https:\/\/www.europesays.com\/pt\/wp-json\/wp\/v2\/types\/post"}],"author":[{"embeddable":true,"href":"https:\/\/www.europesays.com\/pt\/wp-json\/wp\/v2\/users\/2"}],"replies":[{"embeddable":true,"href":"https:\/\/www.europesays.com\/pt\/wp-json\/wp\/v2\/comments?post=223123"}],"version-history":[{"count":0,"href":"https:\/\/www.europesays.com\/pt\/wp-json\/wp\/v2\/posts\/223123\/revisions"}],"wp:featuredmedia":[{"embeddable":true,"href":"https:\/\/www.europesays.com\/pt\/wp-json\/wp\/v2\/media\/223124"}],"wp:attachment":[{"href":"https:\/\/www.europesays.com\/pt\/wp-json\/wp\/v2\/media?parent=223123"}],"wp:term":[{"taxonomy":"category","embeddable":true,"href":"https:\/\/www.europesays.com\/pt\/wp-json\/wp\/v2\/categories?post=223123"},{"taxonomy":"post_tag","embeddable":true,"href":"https:\/\/www.europesays.com\/pt\/wp-json\/wp\/v2\/tags?post=223123"}],"curies":[{"name":"wp","href":"https:\/\/api.w.org\/{rel}","templated":true}]}}