{"id":223127,"date":"2026-01-10T03:48:13","date_gmt":"2026-01-10T03:48:13","guid":{"rendered":"https:\/\/www.europesays.com\/pt\/223127\/"},"modified":"2026-01-10T03:48:13","modified_gmt":"2026-01-10T03:48:13","slug":"documentario-de-marie-ja-tem-data-de-estreia-nos-cinemas-e-ha-um-detalhe-que-esta-a-dar-que-falar-primeira-companhia","status":"publish","type":"post","link":"https:\/\/www.europesays.com\/pt\/223127\/","title":{"rendered":"Document\u00e1rio de Marie j\u00e1 tem data de estreia nos cinemas. E h\u00e1 um detalhe que est\u00e1 a dar que falar &#8211; Primeira Companhia"},"content":{"rendered":"<p style=\"margin-bottom:11px\">Ap\u00f3s o an\u00fancio que gerou entusiasmo entre os f\u00e3s, <strong>Marie revelou finalmente o trailer do seu document\u00e1rio<\/strong>. A influenciadora e ex-concorrente do Big Brother Famosos <strong>confirmou a data de estreia nos cinemas, com um detalhe importante ligado a um reality show.<\/strong><\/p>\n<p>Numa publica\u00e7\u00e3o partilhada pela produtora do document\u00e1rio, pode ler-se: \u00abEncontra a tua casa. O document\u00e1rio La Vie de Maria Manuela <strong>chega aos cinemas a 12 de fevereiro<\/strong>.\u00bb<\/p>\n<p>O v\u00eddeo promocional oferece uma primeira vis\u00e3o do projeto da influenciadora e cria expectativas em torno de um formato \u00fanico. O trailer <strong>sugere ainda que o Big Brother ter\u00e1 presen\u00e7a relevante na grande produ\u00e7\u00e3o cinematogr\u00e1fica<\/strong>.<\/p>\n<p>A publica\u00e7\u00e3o gerou<strong> dezenas de mensagens de apoio \u00e0 jovem<\/strong>. Nos coment\u00e1rios, <strong>multiplicam-se as frases de incentivo<\/strong>: \u00abEu acho que sempre foste uma superstar mas que o mundo n\u00e3o v\u00ea tudo assim mas n\u00f3s tamb\u00e9m n\u00e3o conseguimos agradar a toda a gente, mas s\u00f3 temos oportunidade de ser felizes uma vez ent\u00e3o vive a tua vida s\u00ea aquilo que quiseres ser ningu\u00e9m \u00e9 perfeito.\u00bb, \u00abN\u00e3o desista pois garanto-te tu \u00e9s uma estrela !\u00bb, entre outros.<\/p>\n<p><strong>Veja aqui o trailer:\u00a0<\/strong><\/p>\n<p>\u00a0<\/p>\n","protected":false},"excerpt":{"rendered":"Ap\u00f3s o an\u00fancio que gerou entusiasmo entre os f\u00e3s, Marie revelou finalmente o trailer do seu document\u00e1rio. A&hellip;\n","protected":false},"author":2,"featured_media":223128,"comment_status":"","ping_status":"","sticky":false,"template":"","format":"standard","meta":{"footnotes":""},"categories":[140],"tags":[41536,1414,114,115,18705,147,148,356,146,32,33,41535],"class_list":{"0":"post-223127","1":"post","2":"type-post","3":"status-publish","4":"format-standard","5":"has-post-thumbnail","7":"category-filmes","8":"tag-bastidores-da-recruta","9":"tag-documentario","10":"tag-entertainment","11":"tag-entretenimento","12":"tag-entrevistas-concorrentes-tvi","13":"tag-film","14":"tag-filmes","15":"tag-marie","16":"tag-movies","17":"tag-portugal","18":"tag-pt","19":"tag-vida-fora-da-base"},"share_on_mastodon":{"url":"https:\/\/pubeurope.com\/@pt\/115868762326331720","error":""},"_links":{"self":[{"href":"https:\/\/www.europesays.com\/pt\/wp-json\/wp\/v2\/posts\/223127","targetHints":{"allow":["GET"]}}],"collection":[{"href":"https:\/\/www.europesays.com\/pt\/wp-json\/wp\/v2\/posts"}],"about":[{"href":"https:\/\/www.europesays.com\/pt\/wp-json\/wp\/v2\/types\/post"}],"author":[{"embeddable":true,"href":"https:\/\/www.europesays.com\/pt\/wp-json\/wp\/v2\/users\/2"}],"replies":[{"embeddable":true,"href":"https:\/\/www.europesays.com\/pt\/wp-json\/wp\/v2\/comments?post=223127"}],"version-history":[{"count":0,"href":"https:\/\/www.europesays.com\/pt\/wp-json\/wp\/v2\/posts\/223127\/revisions"}],"wp:featuredmedia":[{"embeddable":true,"href":"https:\/\/www.europesays.com\/pt\/wp-json\/wp\/v2\/media\/223128"}],"wp:attachment":[{"href":"https:\/\/www.europesays.com\/pt\/wp-json\/wp\/v2\/media?parent=223127"}],"wp:term":[{"taxonomy":"category","embeddable":true,"href":"https:\/\/www.europesays.com\/pt\/wp-json\/wp\/v2\/categories?post=223127"},{"taxonomy":"post_tag","embeddable":true,"href":"https:\/\/www.europesays.com\/pt\/wp-json\/wp\/v2\/tags?post=223127"}],"curies":[{"name":"wp","href":"https:\/\/api.w.org\/{rel}","templated":true}]}}