{"id":223131,"date":"2026-01-10T03:50:07","date_gmt":"2026-01-10T03:50:07","guid":{"rendered":"https:\/\/www.europesays.com\/pt\/223131\/"},"modified":"2026-01-10T03:50:07","modified_gmt":"2026-01-10T03:50:07","slug":"governo-de-sp-reforca-campanha-de-vacinacao-contra-sarampo-e-febre-amarela","status":"publish","type":"post","link":"https:\/\/www.europesays.com\/pt\/223131\/","title":{"rendered":"Governo de SP refor\u00e7a campanha de vacina\u00e7\u00e3o contra sarampo e febre amarela"},"content":{"rendered":"<p class=\"my-5 break-words group-[.isActiveSource]:text-xl\">A campanha de vacina\u00e7\u00e3o contra o sarampo e a febre amarela em S\u00e3o Paulo come\u00e7a a partir da pr\u00f3xima semana. Segundo o governo do estado, a a\u00e7\u00e3o da Secretaria de Sa\u00fade <strong class=\"group-[.isActiveSource]:text-xl group-[.isActiveSource]:font-bold\">ocorre durante todo o m\u00eas de janeiro.\u00a0<\/strong><\/p>\n<p class=\"my-5 break-words group-[.isActiveSource]:text-xl\">Durante os dias 12 e 16 deste m\u00eas, a mobiliza\u00e7\u00e3o<a href=\"https:\/\/www.cnnbrasil.com.br\/saude\/cientista-cria-cerveja-que-funciona-como-vacina-e-gera-debate-etico\/\" class=\"text-red-600 underline hover:text-red-500 font-medium break-words group-[.isActiveSource]:text-xl\" target=\"_self\" rel=\"nofollow noopener\"><strong class=\"group-[.isActiveSource]:text-xl group-[.isActiveSource]:font-bold\"> acontece em esta\u00e7\u00f5es de metr\u00f4 e shopping centers<\/strong><\/a>; j\u00e1 do dia 19 ao 23, ela ocorre junto a taxistas e profissionais do turismo. Em 24 de janeiro ser\u00e1 refor\u00e7ada com o \u201cDia D\u201d de vacina\u00e7\u00e3o.<\/p>\n<p class=\"my-5 break-words group-[.isActiveSource]:text-xl\">O governo refor\u00e7a que adolescentes e adultos n\u00e3o vacinados ou com esquema incompleto contra o sarampo devem iniciar ou completar a vacina\u00e7\u00e3o. Para a febre amarela, o refor\u00e7o \u00e9 com foco em <strong class=\"group-[.isActiveSource]:text-xl group-[.isActiveSource]:font-bold\">meninos e meninas de 9 a 14 anos<\/strong>, al\u00e9m de pessoas que vivem ou circulam por \u00e1reas com registro de transmiss\u00e3o da doen\u00e7a.<\/p>\n<p class=\"my-5 break-words group-[.isActiveSource]:text-xl\">Segundo o \u00f3rg\u00e3o, no ano passado, o estado de S\u00e3o Paulo registrou dois casos importados de sarampo. J\u00e1 em rela\u00e7\u00e3o \u00e0 febre amarela, <a href=\"https:\/\/www.cnnbrasil.com.br\/saude\/vacina-contra-hpv-foi-divisor-de-aguas-diz-especialista-a-dr-kalil\/\" class=\"text-red-600 underline hover:text-red-500 font-medium break-words group-[.isActiveSource]:text-xl\" target=\"_self\" rel=\"nofollow noopener\"><strong class=\"group-[.isActiveSource]:text-xl group-[.isActiveSource]:font-bold\">em 2025 foram confirmados 57 casos no estado<\/strong><\/a>, com 34 mortes.<\/p>\n<p>Quem deve se vacinar contra sarampo?<\/p>\n<ul class=\"list-none [li&gt;&amp;]:pl-5\">\n<li class=\"[ul&gt;&amp;]:indent-5 mb-3 break-words [ul&gt;&amp;]:relative [ul&gt;&amp;]:before:absolute [ul&gt;&amp;]:before:left-1 [ul&gt;&amp;]:before:top-2 [ul&gt;&amp;]:before:w-2 [ul&gt;&amp;]:before:h-2 [ul&gt;&amp;]:before:bg-red-600 [ul&gt;&amp;]:before:rounded-full marker:inline group-[.isActiveSource]:text-xl\"><strong class=\"group-[.isActiveSource]:text-xl group-[.isActiveSource]:font-bold\">Crian\u00e7as:<\/strong> a administra\u00e7\u00e3o da primeira dose deve ser aplicada aos 12 meses de idade e a segunda aos 15 meses;<\/li>\n<li class=\"[ul&gt;&amp;]:indent-5 mb-3 break-words [ul&gt;&amp;]:relative [ul&gt;&amp;]:before:absolute [ul&gt;&amp;]:before:left-1 [ul&gt;&amp;]:before:top-2 [ul&gt;&amp;]:before:w-2 [ul&gt;&amp;]:before:h-2 [ul&gt;&amp;]:before:bg-red-600 [ul&gt;&amp;]:before:rounded-full marker:inline group-[.isActiveSource]:text-xl\"><strong class=\"group-[.isActiveSource]:text-xl group-[.isActiveSource]:font-bold\">Pessoas de 5 at\u00e9 29 anos:<\/strong> devem tomar duas doses da vacina com intervalo m\u00ednimo de 30 dias entre as doses;<\/li>\n<li class=\"[ul&gt;&amp;]:indent-5 mb-3 break-words [ul&gt;&amp;]:relative [ul&gt;&amp;]:before:absolute [ul&gt;&amp;]:before:left-1 [ul&gt;&amp;]:before:top-2 [ul&gt;&amp;]:before:w-2 [ul&gt;&amp;]:before:h-2 [ul&gt;&amp;]:before:bg-red-600 [ul&gt;&amp;]:before:rounded-full marker:inline group-[.isActiveSource]:text-xl\"><strong class=\"group-[.isActiveSource]:text-xl group-[.isActiveSource]:font-bold\">Pessoas de 30 a 59 anos:<\/strong> devem tomar uma dose da vacina;<\/li>\n<li class=\"[ul&gt;&amp;]:indent-5 mb-3 break-words [ul&gt;&amp;]:relative [ul&gt;&amp;]:before:absolute [ul&gt;&amp;]:before:left-1 [ul&gt;&amp;]:before:top-2 [ul&gt;&amp;]:before:w-2 [ul&gt;&amp;]:before:h-2 [ul&gt;&amp;]:before:bg-red-600 [ul&gt;&amp;]:before:rounded-full marker:inline group-[.isActiveSource]:text-xl\"><strong class=\"group-[.isActiveSource]:text-xl group-[.isActiveSource]:font-bold\">Trabalhadores da sa\u00fade:<\/strong> devem receber duas doses de tr\u00edplice viral, a depender da situa\u00e7\u00e3o vacinal encontrada, independentemente da idade.<\/li>\n<\/ul>\n<p>Quem deve se vacinar contra febre amarela?<\/p>\n<ul class=\"list-none [li&gt;&amp;]:pl-5\">\n<li class=\"[ul&gt;&amp;]:indent-5 mb-3 break-words [ul&gt;&amp;]:relative [ul&gt;&amp;]:before:absolute [ul&gt;&amp;]:before:left-1 [ul&gt;&amp;]:before:top-2 [ul&gt;&amp;]:before:w-2 [ul&gt;&amp;]:before:h-2 [ul&gt;&amp;]:before:bg-red-600 [ul&gt;&amp;]:before:rounded-full marker:inline group-[.isActiveSource]:text-xl\"><strong class=\"group-[.isActiveSource]:text-xl group-[.isActiveSource]:font-bold\">Crian\u00e7as:<\/strong> uma dose aos 9 meses de idade e um refor\u00e7o aos 4 anos;<\/li>\n<li class=\"[ul&gt;&amp;]:indent-5 mb-3 break-words [ul&gt;&amp;]:relative [ul&gt;&amp;]:before:absolute [ul&gt;&amp;]:before:left-1 [ul&gt;&amp;]:before:top-2 [ul&gt;&amp;]:before:w-2 [ul&gt;&amp;]:before:h-2 [ul&gt;&amp;]:before:bg-red-600 [ul&gt;&amp;]:before:rounded-full marker:inline group-[.isActiveSource]:text-xl\"><strong class=\"group-[.isActiveSource]:text-xl group-[.isActiveSource]:font-bold\">Pessoas que receberam apenas uma dose antes dos 5 anos:<\/strong> devem tomar uma dose de refor\u00e7o;<\/li>\n<li class=\"[ul&gt;&amp;]:indent-5 mb-3 break-words [ul&gt;&amp;]:relative [ul&gt;&amp;]:before:absolute [ul&gt;&amp;]:before:left-1 [ul&gt;&amp;]:before:top-2 [ul&gt;&amp;]:before:w-2 [ul&gt;&amp;]:before:h-2 [ul&gt;&amp;]:before:bg-red-600 [ul&gt;&amp;]:before:rounded-full marker:inline group-[.isActiveSource]:text-xl\"><strong class=\"group-[.isActiveSource]:text-xl group-[.isActiveSource]:font-bold\">Pessoas de 5 a 59 anos (n\u00e3o vacinadas):<\/strong> devem receber uma dose \u00fanica.<\/li>\n<\/ul>\n<p>Sintomas do sarampo e febre amarela:<\/p>\n<p class=\"my-5 break-words group-[.isActiveSource]:text-xl\">Os sintomas do sarampo incluem: exantema (manchas vermelhas) no corpo e febre alta (acima de 38,5\u00b0) acompanhada de um ou mais dos seguintes sinais: tosse seca; irrita\u00e7\u00e3o nos olhos (conjuntivite); nariz escorrendo ou entupido.<\/p>\n<p class=\"my-5 break-words group-[.isActiveSource]:text-xl\">J\u00e1 para identificar os sintomas da febre amarela o governo alerta para in\u00edcio s\u00fabito de febre; calafrios; dor de cabe\u00e7a intensa; dores musculares; dores no corpo em geral; n\u00e1useas e v\u00f4mitos; fadiga e fraqueza.<\/p>\n<p class=\"my-5 break-words group-[.isActiveSource]:text-xl\">*Sob supervis\u00e3o de AR.<\/p>\n<p class=\"my-5 break-words group-[.isActiveSource]:text-xl\">\u00a0<\/p>\n<p class=\"my-5 break-words group-[.isActiveSource]:text-xl\">\u00a0<\/p>\n<p class=\"my-5 break-words group-[.isActiveSource]:text-xl\">\u00a0<\/p>\n","protected":false},"excerpt":{"rendered":"A campanha de vacina\u00e7\u00e3o contra o sarampo e a febre amarela em S\u00e3o Paulo come\u00e7a a partir da&hellip;\n","protected":false},"author":2,"featured_media":223132,"comment_status":"","ping_status":"","sticky":false,"template":"","format":"standard","meta":{"footnotes":""},"categories":[86],"tags":[116,32,33,117],"class_list":{"0":"post-223131","1":"post","2":"type-post","3":"status-publish","4":"format-standard","5":"has-post-thumbnail","7":"category-saude","8":"tag-health","9":"tag-portugal","10":"tag-pt","11":"tag-saude"},"share_on_mastodon":{"url":"https:\/\/pubeurope.com\/@pt\/115868770196949575","error":""},"_links":{"self":[{"href":"https:\/\/www.europesays.com\/pt\/wp-json\/wp\/v2\/posts\/223131","targetHints":{"allow":["GET"]}}],"collection":[{"href":"https:\/\/www.europesays.com\/pt\/wp-json\/wp\/v2\/posts"}],"about":[{"href":"https:\/\/www.europesays.com\/pt\/wp-json\/wp\/v2\/types\/post"}],"author":[{"embeddable":true,"href":"https:\/\/www.europesays.com\/pt\/wp-json\/wp\/v2\/users\/2"}],"replies":[{"embeddable":true,"href":"https:\/\/www.europesays.com\/pt\/wp-json\/wp\/v2\/comments?post=223131"}],"version-history":[{"count":0,"href":"https:\/\/www.europesays.com\/pt\/wp-json\/wp\/v2\/posts\/223131\/revisions"}],"wp:featuredmedia":[{"embeddable":true,"href":"https:\/\/www.europesays.com\/pt\/wp-json\/wp\/v2\/media\/223132"}],"wp:attachment":[{"href":"https:\/\/www.europesays.com\/pt\/wp-json\/wp\/v2\/media?parent=223131"}],"wp:term":[{"taxonomy":"category","embeddable":true,"href":"https:\/\/www.europesays.com\/pt\/wp-json\/wp\/v2\/categories?post=223131"},{"taxonomy":"post_tag","embeddable":true,"href":"https:\/\/www.europesays.com\/pt\/wp-json\/wp\/v2\/tags?post=223131"}],"curies":[{"name":"wp","href":"https:\/\/api.w.org\/{rel}","templated":true}]}}