{"id":223135,"date":"2026-01-10T03:57:14","date_gmt":"2026-01-10T03:57:14","guid":{"rendered":"https:\/\/www.europesays.com\/pt\/223135\/"},"modified":"2026-01-10T03:57:14","modified_gmt":"2026-01-10T03:57:14","slug":"neymar-compartilha-brincadeira-com-a-filha-e-diverte-seguidores-r7-entretenimento","status":"publish","type":"post","link":"https:\/\/www.europesays.com\/pt\/223135\/","title":{"rendered":"Neymar compartilha brincadeira com a filha e diverte seguidores \u2013 R7 Entretenimento"},"content":{"rendered":"<p><img decoding=\"async\" data-chromatic=\"ignore\" alt=\"\" class=\"c-image\" loading=\"lazy\" src=\"https:\/\/www.europesays.com\/pt\/wp-content\/uploads\/2026\/01\/IFQSW2UPQZHR7F2AVQMMUXBH4I.png\"  width=\"1920\" height=\"1080\"\/>Jogador &#8220;machucado&#8221; foi rapidamente curado pela pequena doutora Reprodu\u00e7\u00e3o\/Instagram <\/p>\n<p class=\"jarvics:base-text-neutral-high-400 base-text-[calc(theme(fontSize.xs)_*_var(--font-size,_1))] base-font-normal base-font-primary base-text-neutral-low-500 base-text-left\"><a href=\"https:\/\/entretenimento.r7.com\/prisma\/fabiola-reipert\/video\/mae-de-suposta-filha-de-neymar-desabafa-sobre-a-filha-sonha-em-ter-o-carinho-do-pai-08012026\/\" target=\"_blank\" rel=\"noreferrer nofollow noopener\" title=\"https:\/\/entretenimento.r7.com\/prisma\/fabiola-reipert\/video\/mae-de-suposta-filha-de-neymar-desabafa-sobre-a-filha-sonha-em-ter-o-carinho-do-pai-08012026\/\">Neymar<\/a> compartilhou um exame m\u00e9dico em suas redes sociais nesta sexta-feira (9), mas a escolha da doutora arrancou risadas de seus seguidores. <\/p>\n<p class=\"jarvics:base-text-neutral-high-400 base-text-[calc(theme(fontSize.xs)_*_var(--font-size,_1))] base-font-normal base-font-primary base-text-neutral-low-500 base-text-left\">A pequena <b>Mavie <\/b>\u2014 filha do jogador com a influenciadora <a href=\"https:\/\/entretenimento.r7.com\/famosos-e-tv\/feed-tv-arquivo-de-famosos\/antes-e-depois-da-barriga-de-bruna-biancardi-impressiona-6-meses-apos-o-parto-05012026\/\" target=\"_blank\" rel=\"noreferrer nofollow noopener\" title=\"https:\/\/entretenimento.r7.com\/famosos-e-tv\/feed-tv-arquivo-de-famosos\/antes-e-depois-da-barriga-de-bruna-biancardi-impressiona-6-meses-apos-o-parto-05012026\/\">Bruna Biancardi<\/a> \u2014 aparece nas imagens aplicando uma inje\u00e7\u00e3o no pai, que se recupera de imediato. <\/p>\n<p class=\"jarvics:base-text-neutral-high-400 base-text-[calc(theme(fontSize.xs)_*_var(--font-size,_1))] base-font-normal base-font-primary base-text-neutral-low-500 base-text-left\">\u201cSendo examinado pela m\u00e9dica\u201d, brincou na legenda do v\u00eddeo.<\/p>\n<p class=\"jarvics:base-text-neutral-high-400 base-text-[calc(theme(fontSize.xs)_*_var(--font-size,_1))] base-font-normal base-font-primary base-text-neutral-low-500 base-text-left\">Bruna acompanhou tudo de pertinho e se derreteu pelo momento entre o amado e filha. Eles ainda s\u00e3o pais de Mel, de 6 meses.<\/p>\n<p><video controls=\"\" class=\"video-js\" preload=\"metadata\" poster=\"https:\/\/d22yf0mxeu0gma.cloudfront.net\/01-06-2026\/t_e05315bc66c648c295ac56ef0bf5f117_name_jatinho_neymar_batmovel.jpg\" title=\"Neymar ostenta jatinho de R$ 250 milh\u00f5es, helic\u00f3ptero de R$ 52 milh\u00f5es e r\u00e9plica do Batm\u00f3vel\" data-sprite-url=\"\" data-metadata=\"{&quot;title&quot;:&quot;Neymar ostenta jatinho de R$ 250 milh\u00f5es, helic\u00f3ptero de R$ 52 milh\u00f5es e r\u00e9plica do Batm\u00f3vel&quot;,&quot;sectionName&quot;:&quot;R7&quot;,&quot;mainSection&quot;:&quot;Famosos e TV&quot;,&quot;subSection&quot;:&quot;&quot;,&quot;views&quot;:&quot;&quot;,&quot;disableAdv&quot;:&quot;false&quot;,&quot;createdDate&quot;:&quot;2026-01-06T19:05:36Z&quot;,&quot;mainSectionUrl&quot;:&quot;https:\/\/entretenimento.r7.com\/prisma\/fabiola-reipert\/video\/neymar-ostenta-jatinho-de-r-250-milhoes-helicoptero-de-r-52-milhoes-e-replica-do-batmovel-06012026\/&quot;,&quot;sectionPath&quot;:&quot;https:\/\/entretenimento.r7.com\/prisma\/fabiola-reipert&quot;,&quot;ageRating&quot;:&quot;&quot;,&quot;ageRatingDescription&quot;:&quot;&quot;,&quot;duration&quot;:123157,&quot;playerUrl&quot;:&quot;https:\/\/entretenimento.r7.com\/player\/e27d36af-0e19-4a3f-ae45-7317a3c57407\/&quot;}\" data-player-params=\"{&quot;p&quot;:&quot;true&quot;,&quot;autoPlay&quot;:&quot;false&quot;,&quot;logo&quot;:&quot;true&quot;,&quot;playlistId&quot;:&quot;false&quot;,&quot;calhau&quot;:&quot;false&quot;,&quot;share&quot;:&quot;true&quot;,&quot;sz&quot;:&quot;false&quot;,&quot;full&quot;:&quot;true&quot;,&quot;customAdHash&quot;:&quot;\/7542\/R7entretenimento\/famosostv&quot;,&quot;referrerUrl&quot;:&quot;&quot;,&quot;externalLinks&quot;:&quot;true&quot;,&quot;debug&quot;:&quot;false&quot;,&quot;debugHash&quot;:&quot;false&quot;,&quot;debugRelated&quot;:&quot;false&quot;,&quot;timerRelated&quot;:&quot;true&quot;,&quot;logoRecord&quot;:&quot;false&quot;,&quot;contextModal&quot;:&quot;false&quot;,&quot;parentUrl&quot;:&quot;https:\/\/record.r7.com\/&quot;,&quot;t&quot;:&quot;0&quot;,&quot;noTitle&quot;:false,&quot;endBehavior&quot;:&quot;default&quot;}\" data-related-videos=\"[{&quot;title&quot;:&quot;Juiz nega segredo de justi\u00e7a pedido por Virginia e Z\u00e9 Felipe em processo; entenda&quot;,&quot;thumb&quot;:&quot;https:\/\/d22yf0mxeu0gma.cloudfront.net\/01-09-2026\/t_374f4eccf21449b082726a734fb28e19_name_THUMB_BLOGS_KEILA_FAB_OLA__8_.png&quot;,&quot;url&quot;:&quot;https:\/\/entretenimento.r7.com\/prisma\/fabiola-reipert\/video\/juiz-nega-segredo-de-justica-pedido-por-virginia-e-ze-felipe-em-processo-entenda-09012026\/&quot;,&quot;embedUrl&quot;:&quot;https:\/\/entretenimento.r7.com\/player\/06044236-c155-42f6-97d3-575e6f9474b7\/&quot;},{&quot;title&quot;:&quot;Exclusivo: namoro de Paolla Oliveira e Diogo Nogueira teria acabado por trai\u00e7\u00e3o&quot;,&quot;thumb&quot;:&quot;https:\/\/d22yf0mxeu0gma.cloudfront.net\/01-09-2026\/t_8c49d61b795944a6a3f37c13eaebf9bf_name_THUMB_BLOGS_KEILA_FAB_OLA__6_.png&quot;,&quot;url&quot;:&quot;https:\/\/entretenimento.r7.com\/prisma\/fabiola-reipert\/video\/exclusivo-namoro-de-paolla-oliveira-e-diogo-nogueira-teria-acabado-por-traicao-09012026\/&quot;,&quot;embedUrl&quot;:&quot;https:\/\/entretenimento.r7.com\/player\/149669e0-0d7d-4fed-9237-e9d887ffdb08\/&quot;},{&quot;title&quot;:&quot;Juliano Cazarr\u00e9 explica por que compra 36 caixas de leite no mercado&quot;,&quot;thumb&quot;:&quot;https:\/\/d22yf0mxeu0gma.cloudfront.net\/01-09-2026\/t_1ee11f0b54604a7986dedc15a91f1edd_name_juliano_cazarre_filhos.jpg&quot;,&quot;url&quot;:&quot;https:\/\/entretenimento.r7.com\/prisma\/fabiola-reipert\/video\/juliano-cazarre-explica-por-que-compra-36-caixas-de-leite-no-mercado-09012026\/&quot;,&quot;embedUrl&quot;:&quot;https:\/\/entretenimento.r7.com\/player\/975e6ef4-f74d-4daa-a105-11cd18e456a9\/&quot;}]\" data-player-url=\"https:\/\/entretenimento.r7.com\/player\/e27d36af-0e19-4a3f-ae45-7317a3c57407\/\" data-arc-video=\"\" data-arc-id=\"e27d36af-0e19-4a3f-ae45-7317a3c57407\" data-short=\"false\" style=\"visibility:hidden\"><\/video><\/p>\n<p class=\"jarvics:base-text-neutral-high-400 base-text-[calc(theme(fontSize.xs)_*_var(--font-size,_1))] base-font-normal base-font-primary base-text-neutral-low-500 base-text-left\"><b>Para saber tudo do mundo dos famosos, <\/b><a href=\"https:\/\/whatsapp.com\/channel\/0029Va9UfKcHQbRyCyhPt71R\" rel=\"nofollow noopener\" target=\"_blank\"><b>siga o canal de entretenimento do R7<\/b><\/a><b>, o portal de not\u00edcias da RECORD, no WhatsApp<\/b><\/p>\n","protected":false},"excerpt":{"rendered":"Jogador &#8220;machucado&#8221; foi rapidamente curado pela pequena doutora Reprodu\u00e7\u00e3o\/Instagram Neymar compartilhou um exame m\u00e9dico em suas redes sociais&hellip;\n","protected":false},"author":2,"featured_media":223136,"comment_status":"","ping_status":"","sticky":false,"template":"","format":"standard","meta":{"footnotes":""},"categories":[145],"tags":[211,210,114,115,980,32,33,151],"class_list":{"0":"post-223135","1":"post","2":"type-post","3":"status-publish","4":"format-standard","5":"has-post-thumbnail","7":"category-celebridades","8":"tag-celebridades","9":"tag-celebrities","10":"tag-entertainment","11":"tag-entretenimento","12":"tag-famosos","13":"tag-portugal","14":"tag-pt","15":"tag-tv"},"share_on_mastodon":{"url":"https:\/\/pubeurope.com\/@pt\/115868797736948885","error":""},"_links":{"self":[{"href":"https:\/\/www.europesays.com\/pt\/wp-json\/wp\/v2\/posts\/223135","targetHints":{"allow":["GET"]}}],"collection":[{"href":"https:\/\/www.europesays.com\/pt\/wp-json\/wp\/v2\/posts"}],"about":[{"href":"https:\/\/www.europesays.com\/pt\/wp-json\/wp\/v2\/types\/post"}],"author":[{"embeddable":true,"href":"https:\/\/www.europesays.com\/pt\/wp-json\/wp\/v2\/users\/2"}],"replies":[{"embeddable":true,"href":"https:\/\/www.europesays.com\/pt\/wp-json\/wp\/v2\/comments?post=223135"}],"version-history":[{"count":0,"href":"https:\/\/www.europesays.com\/pt\/wp-json\/wp\/v2\/posts\/223135\/revisions"}],"wp:featuredmedia":[{"embeddable":true,"href":"https:\/\/www.europesays.com\/pt\/wp-json\/wp\/v2\/media\/223136"}],"wp:attachment":[{"href":"https:\/\/www.europesays.com\/pt\/wp-json\/wp\/v2\/media?parent=223135"}],"wp:term":[{"taxonomy":"category","embeddable":true,"href":"https:\/\/www.europesays.com\/pt\/wp-json\/wp\/v2\/categories?post=223135"},{"taxonomy":"post_tag","embeddable":true,"href":"https:\/\/www.europesays.com\/pt\/wp-json\/wp\/v2\/tags?post=223135"}],"curies":[{"name":"wp","href":"https:\/\/api.w.org\/{rel}","templated":true}]}}