{"id":223137,"date":"2026-01-10T04:00:27","date_gmt":"2026-01-10T04:00:27","guid":{"rendered":"https:\/\/www.europesays.com\/pt\/223137\/"},"modified":"2026-01-10T04:00:27","modified_gmt":"2026-01-10T04:00:27","slug":"em-momento-de-grande-dor-renata-reis-recorre-a-ex-concorrente-do-secret-story-para-homenagear-maycon-douglas-dois-as-10","status":"publish","type":"post","link":"https:\/\/www.europesays.com\/pt\/223137\/","title":{"rendered":"Em momento de grande dor, Renata Reis recorre a ex-concorrente do Secret Story para homenagear Maycon Douglas &#8211; Dois \u00e0s 10"},"content":{"rendered":"<p>                        Renata Reis, ex-namorada de Maycon Douglas, recorreu \u00e0s redes sociais para homenagear o ex-concorrente do Secret Story.<\/p>\n<p data-end=\"426\" data-start=\"264\">Renata Reis quebrou o sil\u00eancio ap\u00f3s a confirma\u00e7\u00e3o da morte de Maycon Douglas, recorrendo \u00e0s redes sociais para uma homenagem marcada pela discri\u00e7\u00e3o e pela emo\u00e7\u00e3o.<\/p>\n<p data-end=\"674\" data-start=\"428\">A antiga concorrente de Secret Story \u2013 Casa dos Segredos 8 partilhou uma imagem onde surge ao lado de Maycon, evitando longos textos ou declara\u00e7\u00f5es p\u00fablicas. Em vez disso, escolheu uma forma simb\u00f3lica de expressar a dor que atravessa: a m\u00fasica.<\/p>\n<p data-end=\"1062\" data-start=\"676\">A can\u00e7\u00e3o escolhida \u00e9 interpretada por Fl\u00e1via Monteiro, conhecida como Nufla, tamb\u00e9m ex-concorrente da mesma edi\u00e7\u00e3o do reality show da TVI. A letra do tema reflete incredulidade e sofrimento perante a perda, come\u00e7ando com versos que n\u00e3o passaram despercebidos a quem acompanhou a publica\u00e7\u00e3o: \u201cN\u00e3o consigo acreditar na tua ida. S\u00f3 quero acreditar que \u00e9 mentira. Acorda-me deste pesadelo\u201d.<\/p>\n<p data-end=\"1269\" data-start=\"1064\">A op\u00e7\u00e3o de Renata por recorrer a uma voz ligada ao mesmo percurso televisivo refor\u00e7ou o impacto da homenagem, sendo entendida por muitos seguidores como uma despedida silenciosa, mas profundamente sentida.<\/p>\n<p data-end=\"1594\" data-start=\"1271\">Recorde-se que Renata Reis esteve muito ativa nos primeiros dias ap\u00f3s o desaparecimento de Maycon Douglas, partilhando apelos e informa\u00e7\u00f5es na tentativa de ajudar nas buscas. Agora, perante o desfecho tr\u00e1gico, a jovem optou por uma rea\u00e7\u00e3o contida, deixando que a m\u00fasica transmitisse aquilo que as palavras j\u00e1 n\u00e3o conseguem.<\/p>\n","protected":false},"excerpt":{"rendered":"Renata Reis, ex-namorada de Maycon Douglas, recorreu \u00e0s redes sociais para homenagear o ex-concorrente do Secret Story. Renata&hellip;\n","protected":false},"author":2,"featured_media":223138,"comment_status":"","ping_status":"","sticky":false,"template":"","format":"standard","meta":{"footnotes":""},"categories":[142],"tags":[329,166,3412,3406,3409,801,3410,3411,3407,3408,114,115,3413,338,10223,32,33,2115,1315,151],"class_list":{"0":"post-223137","1":"post","2":"type-post","3":"status-publish","4":"format-standard","5":"has-post-thumbnail","7":"category-tv","8":"tag-claudio-ramos","9":"tag-cristina-ferreira","10":"tag-dois-10","11":"tag-dois-a-s-10-dois-a-s-10","12":"tag-dois-a-s-dez","13":"tag-dois-as-10","14":"tag-dois-as-dez","15":"tag-dois-dez","16":"tag-doisas10","17":"tag-doisasdez","18":"tag-entertainment","19":"tag-entretenimento","20":"tag-manha-tvi","21":"tag-maria-botelho-moniz","22":"tag-maycon-douglas","23":"tag-portugal","24":"tag-pt","25":"tag-renata-reis","26":"tag-secret-story","27":"tag-tv"},"share_on_mastodon":{"url":"https:\/\/pubeurope.com\/@pt\/115868809484754802","error":""},"_links":{"self":[{"href":"https:\/\/www.europesays.com\/pt\/wp-json\/wp\/v2\/posts\/223137","targetHints":{"allow":["GET"]}}],"collection":[{"href":"https:\/\/www.europesays.com\/pt\/wp-json\/wp\/v2\/posts"}],"about":[{"href":"https:\/\/www.europesays.com\/pt\/wp-json\/wp\/v2\/types\/post"}],"author":[{"embeddable":true,"href":"https:\/\/www.europesays.com\/pt\/wp-json\/wp\/v2\/users\/2"}],"replies":[{"embeddable":true,"href":"https:\/\/www.europesays.com\/pt\/wp-json\/wp\/v2\/comments?post=223137"}],"version-history":[{"count":0,"href":"https:\/\/www.europesays.com\/pt\/wp-json\/wp\/v2\/posts\/223137\/revisions"}],"wp:featuredmedia":[{"embeddable":true,"href":"https:\/\/www.europesays.com\/pt\/wp-json\/wp\/v2\/media\/223138"}],"wp:attachment":[{"href":"https:\/\/www.europesays.com\/pt\/wp-json\/wp\/v2\/media?parent=223137"}],"wp:term":[{"taxonomy":"category","embeddable":true,"href":"https:\/\/www.europesays.com\/pt\/wp-json\/wp\/v2\/categories?post=223137"},{"taxonomy":"post_tag","embeddable":true,"href":"https:\/\/www.europesays.com\/pt\/wp-json\/wp\/v2\/tags?post=223137"}],"curies":[{"name":"wp","href":"https:\/\/api.w.org\/{rel}","templated":true}]}}