{"id":223139,"date":"2026-01-10T04:03:38","date_gmt":"2026-01-10T04:03:38","guid":{"rendered":"https:\/\/www.europesays.com\/pt\/223139\/"},"modified":"2026-01-10T04:03:38","modified_gmt":"2026-01-10T04:03:38","slug":"eis-as-novidades-no-mercado-do-benfica","status":"publish","type":"post","link":"https:\/\/www.europesays.com\/pt\/223139\/","title":{"rendered":"eis as novidades no mercado do Benfica"},"content":{"rendered":"<p>&#8211; Advertisement &#8211;<\/p>\n<p><strong>O Benfica continua \u00e0 procura de mais um extremo. Neg\u00f3cio por Wesley avan\u00e7a face aos entraves por Andr\u00e9 Luiz. <\/strong><\/p>\n<p>O Benfica tem dois alvos claramente identificados para o ataque: Wesley (Al Nassr) e Andr\u00e9 Luiz (Rio Ave). Depois de um interesse m\u00fatuo, as \u00e1guias s\u00f3 dever\u00e3o, nesta fase, avan\u00e7ar para um dos nomes, e o jogador do Al Nassr vai ganhando for\u00e7a.<\/p>\n<p>De acordo com o jornal O Jogo, as negocia\u00e7\u00f5es com o Rio Ave por Andr\u00e9 Luiz est\u00e3o a ser muito complicadas devido \u00e0 intransig\u00eancia e ao voltar atr\u00e1s de Evangelos Marinakis,<a href=\"https:\/\/bolanarede.pt\/especial-bola-na-rede\/atualidade\/benfica-e-protagonista-do-mercado-negociacoes-por-andre-luiz-avancam-mas-ha-entrave\/\" target=\"_blank\" rel=\"noreferrer noopener nofollow\"> irredut\u00edvel na faixa dos 15 milh\u00f5es de euros.<\/a><\/p>\n<p>O neg\u00f3cio por Wesley tamb\u00e9m tem um grande contratempo: s\u00f3 avan\u00e7ar\u00e1 quando Sadio Man\u00e9 regressar da CAN 2025, algo que pode mesmo s\u00f3 acontecer depois de dia 18 de janeiro, data da final. Ainda assim, do lado do Al Nassr, <a href=\"https:\/\/bolanarede.pt\/especial-bola-na-rede\/atualidade\/jorge-jesus-fala-de-alvo-do-benfica-sem-duvida-e-um-dos-jogadores-estrangeiros-do-al-nassr-que-pode-ser-negociado-neste-mercado-de-transferencias\/\" target=\"_blank\" rel=\"noreferrer noopener nofollow\">como j\u00e1 admitiu Jorge Jesus<\/a>, h\u00e1 disponibilidade para negociar uma transfer\u00eancia. <\/p>\n<p>As les\u00f5es de Bruma e Dodi Lukeb\u00e1kio levam o Benfica a ter a contrata\u00e7\u00e3o de um extremo como a grande prioridade deste mercado. At\u00e9 ao fim de janeiro, um jogador de faixa vai chegar aos encarnados. <\/p>\n","protected":false},"excerpt":{"rendered":"&#8211; Advertisement &#8211; O Benfica continua \u00e0 procura de mais um extremo. Neg\u00f3cio por Wesley avan\u00e7a face aos&hellip;\n","protected":false},"author":2,"featured_media":223140,"comment_status":"","ping_status":"","sticky":false,"template":"","format":"standard","meta":{"footnotes":""},"categories":[87],"tags":[685,40480,260,51,135,478,1965,32,479,33,9819,134,21912],"class_list":{"0":"post-223139","1":"post","2":"type-post","3":"status-publish","4":"format-standard","5":"has-post-thumbnail","7":"category-desporto","8":"tag-al-nassr","9":"tag-andre-luiz","10":"tag-atualidade","11":"tag-benfica","12":"tag-desporto","13":"tag-destaques-bnr","14":"tag-liga-saudita","15":"tag-portugal","16":"tag-primeira-liga","17":"tag-pt","18":"tag-rio-ave","19":"tag-sports","20":"tag-wesley"},"share_on_mastodon":{"url":"https:\/\/pubeurope.com\/@pt\/115868821540723059","error":""},"_links":{"self":[{"href":"https:\/\/www.europesays.com\/pt\/wp-json\/wp\/v2\/posts\/223139","targetHints":{"allow":["GET"]}}],"collection":[{"href":"https:\/\/www.europesays.com\/pt\/wp-json\/wp\/v2\/posts"}],"about":[{"href":"https:\/\/www.europesays.com\/pt\/wp-json\/wp\/v2\/types\/post"}],"author":[{"embeddable":true,"href":"https:\/\/www.europesays.com\/pt\/wp-json\/wp\/v2\/users\/2"}],"replies":[{"embeddable":true,"href":"https:\/\/www.europesays.com\/pt\/wp-json\/wp\/v2\/comments?post=223139"}],"version-history":[{"count":0,"href":"https:\/\/www.europesays.com\/pt\/wp-json\/wp\/v2\/posts\/223139\/revisions"}],"wp:featuredmedia":[{"embeddable":true,"href":"https:\/\/www.europesays.com\/pt\/wp-json\/wp\/v2\/media\/223140"}],"wp:attachment":[{"href":"https:\/\/www.europesays.com\/pt\/wp-json\/wp\/v2\/media?parent=223139"}],"wp:term":[{"taxonomy":"category","embeddable":true,"href":"https:\/\/www.europesays.com\/pt\/wp-json\/wp\/v2\/categories?post=223139"},{"taxonomy":"post_tag","embeddable":true,"href":"https:\/\/www.europesays.com\/pt\/wp-json\/wp\/v2\/tags?post=223139"}],"curies":[{"name":"wp","href":"https:\/\/api.w.org\/{rel}","templated":true}]}}