{"id":223141,"date":"2026-01-10T04:04:38","date_gmt":"2026-01-10T04:04:38","guid":{"rendered":"https:\/\/www.europesays.com\/pt\/223141\/"},"modified":"2026-01-10T04:04:38","modified_gmt":"2026-01-10T04:04:38","slug":"mais-de-1-a-cada-4-adultos-no-mundo-se-enquadra-nos-criterios-de-uso-das-canetas-emagrecedoras-afirma-estudo","status":"publish","type":"post","link":"https:\/\/www.europesays.com\/pt\/223141\/","title":{"rendered":"mais de 1 a cada 4 adultos no mundo se enquadra nos crit\u00e9rios de uso das canetas emagrecedoras, afirma estudo"},"content":{"rendered":"\n<p class=\" content-text__container theme-color-primary-first-letter\" data-track-category=\"Link no Texto\" data-track-links=\"\"> Um novo estudo publicado na revista cient\u00edfica The Lancet Diabetes &amp; Endocrinology estima que mais de 1 em cada 4 adultos no mundo se enquadra em condi\u00e7\u00f5es que os tornam eleg\u00edveis para tratamento com an\u00e1logos de GLP-1 para perda de peso. A classe de medicamentos das chamadas \u201ccanetas emagrecedoras\u201d, como <a class=\"\" href=\"https:\/\/oglobo.globo.com\/tudo-sobre\/assunto\/ozempic\/\" rel=\"nofollow noopener\" target=\"_blank\">Ozempic<\/a>, <a class=\"\" href=\"https:\/\/oglobo.globo.com\/tudo-sobre\/assunto\/wegovy\/\" rel=\"nofollow noopener\" target=\"_blank\">Wegovy<\/a> e <a class=\"\" href=\"https:\/\/oglobo.globo.com\/tudo-sobre\/assunto\/mounjaro\/\" rel=\"nofollow noopener\" target=\"_blank\">Mounjaro<\/a>, \u00e9 aprovada para pacientes com diabetes tipo 2, <a class=\"\" href=\"https:\/\/oglobo.globo.com\/tudo-sobre\/assunto\/obesidade\" rel=\"nofollow noopener\" target=\"_blank\">obesidade<\/a> e sobrepeso com uma comorbidade associada. <\/p>\n<p class=\" content-text__container \" data-track-category=\"Link no Texto\" data-track-links=\"\"> O trabalho foi conduzido por pesquisadores da rede de sa\u00fade Mass General Brigham, da Escola de Medicina da Universidade de Washington em St. Louis e da Escola Rollins de Sa\u00fade P\u00fablica da Universidade Emory, nos Estados Unidos. Os cientistas analisaram dados de 810,6 mil adultos, de 25 a 64 anos, coletados de pesquisas domiciliares de sa\u00fade feitas em 99 pa\u00edses, entre 2008 e 2021. <\/p>\n<p class=\" content-text__container \" data-track-category=\"Link no Texto\" data-track-links=\"\"> Os dados foram selecionados com base na disponibilidade de biomarcadores de diabetes, medi\u00e7\u00f5es de press\u00e3o arterial e \u00edndice de massa corporal (IMC), al\u00e9m de hist\u00f3rico de hipertens\u00e3o e diabetes. Foram considerados eleg\u00edveis para uso dos rem\u00e9dios para perda de peso aqueles com IMC superior a 30 (obesidade) ou IMC superior a 27 (sobrepeso) associado a hipertens\u00e3o, diabetes ou ambos. <\/p>\n<p class=\" content-text__container \" data-track-category=\"Link no Texto\" data-track-links=\"\"> No Brasil, por exemplo, o Ozempic tem o aval da Ag\u00eancia Nacional de Vigil\u00e2ncia Sanit\u00e1ria (Anvisa) para diabetes tipo 2, e o Wegovy, que tem o mesmo princ\u00edpio ativo, a semaglutida, \u00e9 aprovado para obesidade ou pacientes com sobrepeso e ao menos uma comorbidade ligada ao peso. J\u00e1 o Mounjaro, que tem como princ\u00edpio ativo a tirzepatida, \u00e9 aprovado para as duas condi\u00e7\u00f5es. <\/p>\n<p class=\" content-text__container \" data-track-category=\"Link no Texto\" data-track-links=\"\"> Como resultado da an\u00e1lise, os pesquisadores observaram que, globalmente, 27% dos adultos se enquadravam nos crit\u00e9rios ligados \u00e0 perda de peso e estariam dentro do indicado na bula para realizar o tratamento. O n\u00famero n\u00e3o considera aqueles eleg\u00edveis apenas para tratar diabetes. <\/p>\n<p class=\" content-text__container \" data-track-category=\"Link no Texto\" data-track-links=\"\"> \u201cDiante da preval\u00eancia constantemente crescente da obesidade, n\u00e3o \u00e9 surpreendente que nossa an\u00e1lise tenha encontrado que mais de um quarto dos adultos em todo o mundo pode ser eleg\u00edvel para esse medicamento. Esse medicamento tem o potencial de ajudar muitas pessoas, embora mais pesquisas sejam necess\u00e1rias para compreender melhor sua seguran\u00e7a e sustentabilidade a longo prazo\u201d, diz Sang Gune K. Yoo, autor do trabalho e pesquisador em Cardiologia na Universidade de Washington, em comunicado. <\/p>\n<p class=\" content-text__container \" data-track-category=\"Link no Texto\" data-track-links=\"\"> As taxas foram mais altas na Europa e na Am\u00e9rica do Norte (42,8%) e nas ilhas do Pac\u00edfico (41,0%). Por outro lado, foram mais baixas na \u00c1frica Subsaariana (16,4%) e no Sul, Leste e Sudeste da \u00c1sia (23,1%). Na regi\u00e3o da Am\u00e9rica Latina e do Caribe, 38,8% dos adultos foram considerados eleg\u00edveis para uso das canetas emagrecedoras, acima da m\u00e9dia mundial. <\/p>\n<p class=\" content-text__container \" data-track-category=\"Link no Texto\" data-track-links=\"\"> Em rela\u00e7\u00e3o ao g\u00eanero, as mulheres foram levemente mais propensas a cumprirem os crit\u00e9rios do que os homens (28,5% contra 25,5%). J\u00e1 para a idade, quanto mais avan\u00e7ada, maior foi o percentual, indo de 38,3% entre aqueles com 55 a 64 anos at\u00e9 17,9% entre os de 25 a 34. <\/p>\n<p class=\" content-text__container \" data-track-category=\"Link no Texto\" data-track-links=\"\"> Os pesquisadores avaliaram ainda os diferentes percentuais de acordo com os aspectos econ\u00f4micos. De um modo geral, pa\u00edses de alta renda tiveram uma propor\u00e7\u00e3o maior (41,8%) de indiv\u00edduos eleg\u00edveis ao tratamento para perda de peso, que caiu gradualmente at\u00e9 chegar a 11,7% entre as na\u00e7\u00f5es de baixa renda. <\/p>\n<p class=\" content-text__container \" data-track-category=\"Link no Texto\" data-track-links=\"\"> A n\u00edvel individual, pessoas no quintil mais rico (divis\u00e3o que separa a renda em cinco grupos) apresentaram uma taxa maior (27,5%) que tamb\u00e9m caiu progressivamente at\u00e9 19,3% entre os do quintil mais pobre. <\/p>\n<p class=\" content-text__container \" data-track-category=\"Link no Texto\" data-track-links=\"\"> O mesmo foi observado para a escolaridade: entre aqueles que completaram pelo menos o ensino m\u00e9dio, 28,2% foram eleg\u00edveis ao uso dos rem\u00e9dios para perda de peso, enquanto o n\u00famero foi de 22,8% entre os sem educa\u00e7\u00e3o formal. <\/p>\n<p class=\" content-text__container \" data-track-category=\"Link no Texto\" data-track-links=\"\"> Segundo os cientistas, os n\u00fameros est\u00e3o inseridos dentro de um contexto em que a preval\u00eancia mundial da obesidade mais do que dobrou nas \u00faltimas tr\u00eas d\u00e9cadas, trazendo consigo um aumento de doen\u00e7as relacionadas ao peso, como diabetes, doen\u00e7as cardiovasculares e c\u00e2nceres e gerando uma crise global de sa\u00fade p\u00fablica. <\/p>\n<p class=\" content-text__container \" data-track-category=\"Link no Texto\" data-track-links=\"\"> \u201cNunca houve uma ferramenta potencialmente t\u00e3o transformadora e escal\u00e1vel para a obesidade, o diabetes tipo 2 e outras complica\u00e7\u00f5es de sa\u00fade relacionadas \u00e0 obesidade. Por muitas d\u00e9cadas, dissemos a todos que o problema era voc\u00ea, que precisava se movimentar mais e comer menos para n\u00e3o enfrentar esse problema. Os rem\u00e9dios nos permitiram compreender que a biologia \u00e9 muito mais poderosa do que isso, e que \u2018comer menos, mover-se mais\u2019 \u00e9 apenas uma forma excessivamente simplificada de pensar a quest\u00e3o\u201d, afirma Jennifer Manne-Goehler, m\u00e9dica da Divis\u00e3o de Doen\u00e7as Infecciosas do Brigham and Women\u2019s Hospital e do Departamento de Medicina do Mass General Brigham e autora do estudo. <\/p>\n<p class=\" content-text__container \" data-track-category=\"Link no Texto\" data-track-links=\"\"> No \u00faltimo ano, a Organiza\u00e7\u00e3o Mundial da Sa\u00fade (OMS) passou a indicar os f\u00e1rmacos como parte do tratamento da obesidade, que \u00e9 uma doen\u00e7a cr\u00f4nica, multifatorial e recidivante. Entidades m\u00e9dicas, como a Sociedade Brasileira de Endocrinologia e Metabologia (SBEM) e a Associa\u00e7\u00e3o Brasileira para o Estudo da Obesidade e S\u00edndrome Metab\u00f3lica (Abeso), tamb\u00e9m recomendam os medicamentos. <\/p>\n<p class=\" content-text__container \" data-track-category=\"Link no Texto\" data-track-links=\"\"> Um entrave, no entanto, \u00e9 o acesso em meio aos altos pre\u00e7os. No Brasil, o tratamento mensal pode chegar a quase 2 mil reais, e os rem\u00e9dios n\u00e3o est\u00e3o dispon\u00edveis no Sistema \u00danico de Sa\u00fade (SUS) nem s\u00e3o cobertos pelos planos de sa\u00fade. <\/p>\n<p class=\" content-text__container \" data-track-category=\"Link no Texto\" data-track-links=\"\"> \u201cO acesso global aos GLP-1s \u00e9 uma quest\u00e3o de equidade em sa\u00fade. O objetivo \u00e9 garantir acesso em larga escala para as pessoas que mais se beneficiariam, e n\u00e3o apenas para aquelas mais f\u00e1ceis de alcan\u00e7ar&#8221;, afirma Felix Teufel, pesquisador da Escola Rollins de Sa\u00fade P\u00fablica da Universidade Emory e autor do estudo. <\/p>\n<p class=\" content-text__container \" data-track-category=\"Link no Texto\" data-track-links=\"\"> Ainda assim, nos pa\u00edses de renda mais alta, a ades\u00e3o \u00e0s canetas tem crescido rapidamente. Nos EUA, por exemplo, cerca de 15 milh\u00f5es de pessoas fazem uso dos an\u00e1logos de GLP-1 (para diabetes e perda de peso) \u2013 n\u00famero que, embora alto, seja pouco mais de 10% dos 137 milh\u00f5es eleg\u00edveis, segundo uma an\u00e1lise de pesquisadores publicada na JAMA Cardiology no final de 2024. <\/p>\n<p class=\" content-text__container \" data-track-category=\"Link no Texto\" data-track-links=\"\"> J\u00e1 no Reino Unido, 1,6 milh\u00e3o de adultos usaram os medicamentos especificamente para emagrecer entre o in\u00edcio de 2024 e o in\u00edcio de 2025, de acordo com um novo estudo publicado na BMC Medicine. Outras 3,3 milh\u00f5es de pessoas afirmaram que teriam interesse em usar os rem\u00e9dios ao longo do pr\u00f3ximo ano. <\/p>\n","protected":false},"excerpt":{"rendered":"Um novo estudo publicado na revista cient\u00edfica The Lancet Diabetes &amp; Endocrinology estima que mais de 1 em&hellip;\n","protected":false},"author":2,"featured_media":223142,"comment_status":"","ping_status":"","sticky":false,"template":"","format":"standard","meta":{"footnotes":""},"categories":[86],"tags":[319,116,4123,1022,1025,32,33,117,3008],"class_list":{"0":"post-223141","1":"post","2":"type-post","3":"status-publish","4":"format-standard","5":"has-post-thumbnail","7":"category-saude","8":"tag-hard-news","9":"tag-health","10":"tag-mounjaro","11":"tag-obesidade","12":"tag-ozempic","13":"tag-portugal","14":"tag-pt","15":"tag-saude","16":"tag-wegovy"},"share_on_mastodon":{"url":"https:\/\/pubeurope.com\/@pt\/115868825220856692","error":""},"_links":{"self":[{"href":"https:\/\/www.europesays.com\/pt\/wp-json\/wp\/v2\/posts\/223141","targetHints":{"allow":["GET"]}}],"collection":[{"href":"https:\/\/www.europesays.com\/pt\/wp-json\/wp\/v2\/posts"}],"about":[{"href":"https:\/\/www.europesays.com\/pt\/wp-json\/wp\/v2\/types\/post"}],"author":[{"embeddable":true,"href":"https:\/\/www.europesays.com\/pt\/wp-json\/wp\/v2\/users\/2"}],"replies":[{"embeddable":true,"href":"https:\/\/www.europesays.com\/pt\/wp-json\/wp\/v2\/comments?post=223141"}],"version-history":[{"count":0,"href":"https:\/\/www.europesays.com\/pt\/wp-json\/wp\/v2\/posts\/223141\/revisions"}],"wp:featuredmedia":[{"embeddable":true,"href":"https:\/\/www.europesays.com\/pt\/wp-json\/wp\/v2\/media\/223142"}],"wp:attachment":[{"href":"https:\/\/www.europesays.com\/pt\/wp-json\/wp\/v2\/media?parent=223141"}],"wp:term":[{"taxonomy":"category","embeddable":true,"href":"https:\/\/www.europesays.com\/pt\/wp-json\/wp\/v2\/categories?post=223141"},{"taxonomy":"post_tag","embeddable":true,"href":"https:\/\/www.europesays.com\/pt\/wp-json\/wp\/v2\/tags?post=223141"}],"curies":[{"name":"wp","href":"https:\/\/api.w.org\/{rel}","templated":true}]}}