{"id":223143,"date":"2026-01-10T04:06:48","date_gmt":"2026-01-10T04:06:48","guid":{"rendered":"https:\/\/www.europesays.com\/pt\/223143\/"},"modified":"2026-01-10T04:06:48","modified_gmt":"2026-01-10T04:06:48","slug":"expansao-the-witcher-3-tera-uma-nova-regiao","status":"publish","type":"post","link":"https:\/\/www.europesays.com\/pt\/223143\/","title":{"rendered":"Expans\u00e3o The Witcher 3 ter\u00e1 uma nova regi\u00e3o"},"content":{"rendered":"<p>Ap\u00f3s a especula\u00e7\u00e3o sobre o lan\u00e7amento de uma nova expans\u00e3o para The Witcher 3 no final de 2025, temos agora v\u00e1rias fontes a comentar publicamente que a expans\u00e3o est\u00e1 mesmo a caminho e que a pr\u00f3pria CD Projekt Red j\u00e1 falou dela aos investidores. No entanto, uma nova fonte diz mesmo que j\u00e1 sabia da sua exist\u00eancia \u201ch\u00e1 v\u00e1rios anos\u201d.<\/p>\n<p>O IGN da Pol\u00f3nia decidiu \u201cadmitir\u201d que tinha conhecimento da produ\u00e7\u00e3o de uma nova expans\u00e3o h\u00e1 v\u00e1rios anos, mas n\u00e3o pode partilhar detalhes para proteger as suas fontes. No entanto, o \u201cassunto surgiu no nosso radar h\u00e1 anos atr\u00e1s\u201d, gra\u00e7as a uma fonte que considera cred\u00edvel, que mencionou a produ\u00e7\u00e3o de uma terceira expans\u00e3o para The Witcher 3.<\/p>\n<p>De acordo com esta fonte, a CD Projekt Red vai apresentar uma nova expans\u00e3o The Witcher 3 que te leva para um local novo, com a forte possibilidade da escolha recair em Zerrikania ou Kovir, mas por enquanto n\u00e3o receberam informa\u00e7\u00f5es sobre o estado atual da expans\u00e3o. Apenas sabem que, a dada altura, Zerrikania era uma forte possibilidade.<\/p>\n<p>Ap\u00f3s os recentes coment\u00e1rios de v\u00e1rias outras fontes, decidiram avan\u00e7ar com as suas descobertas, mas n\u00e3o podem fornecer pistas concretas pois v\u00e3o comprometer as suas fontes. De qualquer das formas, a especula\u00e7\u00e3o em torno desta expans\u00e3o para The Witcher 3 ganha for\u00e7a a cada dia.<\/p>\n<blockquote class=\"reddit-embed-bq\" data-embed-height=\"316\"><p><a href=\"https:\/\/www.reddit.com\/r\/GamingLeaksAndRumours\/comments\/1q75g2y\/ign_poland_reveals_that_theyve_known_about_the\/\" rel=\"nofollow noopener\" target=\"_blank\">IGN Poland reveals that they&#8217;ve known about the rumored Witcher 3 DLC &#8220;years ago&#8221; and that it might introduce a whole new region<\/a><br \/>by<a href=\"https:\/\/www.reddit.com\/user\/Wooden_Twist7521\/\" rel=\"nofollow noopener\" target=\"_blank\">u\/Wooden_Twist7521<\/a> in<a href=\"https:\/\/www.reddit.com\/r\/GamingLeaksAndRumours\/\" rel=\"nofollow noopener\" target=\"_blank\">GamingLeaksAndRumours<\/a><\/p><\/blockquote>\n<p>Para ver este conte\u00fado, por favor ativa as targeting cookies.<\/p>\n<p>Gerir as defini\u00e7\u00f5es de cookies<\/p>\n","protected":false},"excerpt":{"rendered":"Ap\u00f3s a especula\u00e7\u00e3o sobre o lan\u00e7amento de uma nova expans\u00e3o para The Witcher 3 no final de 2025,&hellip;\n","protected":false},"author":2,"featured_media":200034,"comment_status":"","ping_status":"","sticky":false,"template":"","format":"standard","meta":{"footnotes":""},"categories":[84],"tags":[109,107,108,32,33,105,103,104,106,110],"class_list":{"0":"post-223143","1":"post","2":"type-post","3":"status-publish","4":"format-standard","5":"has-post-thumbnail","7":"category-ciencia-e-tecnologia","8":"tag-ciencia","9":"tag-ciencia-e-tecnologia","10":"tag-cienciaetecnologia","11":"tag-portugal","12":"tag-pt","13":"tag-science","14":"tag-science-and-technology","15":"tag-scienceandtechnology","16":"tag-technology","17":"tag-tecnologia"},"share_on_mastodon":{"url":"https:\/\/pubeurope.com\/@pt\/115868836986088672","error":""},"_links":{"self":[{"href":"https:\/\/www.europesays.com\/pt\/wp-json\/wp\/v2\/posts\/223143","targetHints":{"allow":["GET"]}}],"collection":[{"href":"https:\/\/www.europesays.com\/pt\/wp-json\/wp\/v2\/posts"}],"about":[{"href":"https:\/\/www.europesays.com\/pt\/wp-json\/wp\/v2\/types\/post"}],"author":[{"embeddable":true,"href":"https:\/\/www.europesays.com\/pt\/wp-json\/wp\/v2\/users\/2"}],"replies":[{"embeddable":true,"href":"https:\/\/www.europesays.com\/pt\/wp-json\/wp\/v2\/comments?post=223143"}],"version-history":[{"count":0,"href":"https:\/\/www.europesays.com\/pt\/wp-json\/wp\/v2\/posts\/223143\/revisions"}],"wp:featuredmedia":[{"embeddable":true,"href":"https:\/\/www.europesays.com\/pt\/wp-json\/wp\/v2\/media\/200034"}],"wp:attachment":[{"href":"https:\/\/www.europesays.com\/pt\/wp-json\/wp\/v2\/media?parent=223143"}],"wp:term":[{"taxonomy":"category","embeddable":true,"href":"https:\/\/www.europesays.com\/pt\/wp-json\/wp\/v2\/categories?post=223143"},{"taxonomy":"post_tag","embeddable":true,"href":"https:\/\/www.europesays.com\/pt\/wp-json\/wp\/v2\/tags?post=223143"}],"curies":[{"name":"wp","href":"https:\/\/api.w.org\/{rel}","templated":true}]}}