{"id":223163,"date":"2026-01-10T04:53:09","date_gmt":"2026-01-10T04:53:09","guid":{"rendered":"https:\/\/www.europesays.com\/pt\/223163\/"},"modified":"2026-01-10T04:53:09","modified_gmt":"2026-01-10T04:53:09","slug":"duda-guerra-celebra-convite-para-desfilar-pela-imperatriz-leopoldinense","status":"publish","type":"post","link":"https:\/\/www.europesays.com\/pt\/223163\/","title":{"rendered":"Duda Guerra celebra convite para desfilar pela Imperatriz Leopoldinense"},"content":{"rendered":"<p>\n                        Influenciadora Duda Guerra celebra convite para desfilar pela Imperatriz Leopoldinense na Sapuca\u00ed; saiba detalhes!\n                    <\/p>\n<ul class=\"article__header__author\">\n<li class=\"article__header__author__item\">\n                                                Por:<br \/>\n                                                                                    Reda\u00e7\u00e3o Contigo! \/ Contigo\n                                                                        <\/li>\n<\/ul>\n<p class=\"text\">O convite da &#8220;Rainha de Ramos&#8221; marca um ponto de virada na trajet\u00f3ria de <strong>Duda Guerra.<\/strong> Em um texto carregado de emo\u00e7\u00e3o, ela relembrou que sua paix\u00e3o pela folia carioca come\u00e7ou do outro lado da grade, na arquibancada, em 2017. Agora, quase dez anos depois, ela deixa de ser espectadora para se tornar uma das estrelas da agremia\u00e7\u00e3o.<\/p>\n<p><img loading=\"lazy\" decoding=\"async\" alt=\"Duda Guerra (Reprodu\u00e7\u00e3o\/Instagram)\" class=\"img-0afc3a9030e5258b397c066353b4dc95f55vvb4i\" height=\"435\" src=\"https:\/\/www.europesays.com\/pt\/wp-content\/uploads\/2026\/01\/2017519057-whatsapp-image-2025-10-29-at-165217.jpg\"  title=\"Duda Guerra (Reprodu\u00e7\u00e3o\/Instagram)\" width=\"774\"\/><\/p>\n<p>Duda Guerra (Reprodu\u00e7\u00e3o\/Instagram)<\/p>\n<p>Foto: Contigo<\/p>\n<p>Do sonho \u00e0 realidade na Sapuca\u00ed<\/p>\n<p class=\"text\">Duda n\u00e3o escondeu a surpresa e a gratid\u00e3o pela oportunidade de representar uma escola com tanta tradi\u00e7\u00e3o. &#8220;O carnaval sempre foi um sonho, mas nunca imaginei viver algo t\u00e3o grande assim. Poder fazer parte disso, ainda mais representando uma escola t\u00e3o gigante, \u00e9 uma honra que n\u00e3o cabe em palavras&#8221;, escreveu a influenciadora.<\/p>\n<p class=\"text\">Embora seja muito jovem, Duda demonstrou maturidade ao falar sobre o respeito que tem pela comunidade do samba. Em entrevistas anteriores \u00e0 Quem, ela j\u00e1 havia sinalizado o desejo de cruzar a passarela do samba, mas acreditava que o momento demoraria um pouco mais para chegar. &#8220;Sei que sou nova para isso, mas a gente vai construir uma hist\u00f3ria aos poucos&#8221;, declarou na \u00e9poca.<\/p>\n<p>Prepara\u00e7\u00e3o com &#8220;mestre das tstrelas&#8221;<\/p>\n<p class=\"text\">Para n\u00e3o fazer feio em sua estreia, Duda Guerra iniciou em dezembro uma rotina intensa de treinamentos. Ela buscou ningu\u00e9m menos que Carlinhos Salgueiro, o professor de samba queridinho das celebridades. Carlinhos \u00e9 conhecido por lapidar a ginga de nomes como <a href=\"https:\/\/www.terra.com.br\/tudo-sobre\/virginia-fonseca\" target=\"_self\" rel=\"nofollow noopener\">Virginia Fonseca<\/a>, Gkay e Bruna Griphao, e agora \u00e9 o respons\u00e1vel por preparar Duda para brilhar no topo do carro aleg\u00f3rico.<\/p>\n<p>Fama e novos horizontes<\/p>\n<p class=\"text\">A influenciadora viu sua vida mudar radicalmente ap\u00f3s o relacionamento com Ben\u00edcio Huck, filho de <a href=\"https:\/\/www.terra.com.br\/tudo-sobre\/angelica\" target=\"_self\" rel=\"nofollow noopener\">Ang\u00e9lica<\/a> e <a href=\"https:\/\/www.terra.com.br\/tudo-sobre\/luciano-huck\" target=\"_self\" rel=\"nofollow noopener\">Luciano Huck<\/a>. Apesar das pol\u00eamicas que envolveram o t\u00e9rmino do namoro nas redes sociais, Duda parece focada em construir sua pr\u00f3pria identidade profissional e art\u00edstica. A estreia na Imperatriz Leopoldinense \u00e9 vista como o primeiro grande passo para consolidar sua imagem no entretenimento brasileiro, para al\u00e9m da vida pessoal.<\/p>\n<blockquote class=\"instagram-media\" data-instgrm-captioned=\"\" data-instgrm-permalink=\"https:\/\/www.instagram.com\/p\/DTTv6f8jek5\/?utm_source=ig_embed&amp;utm_campaign=loading\" data-instgrm-version=\"14\" style=\"background: #FFF; border: 0; border-radius: 3px; box-shadow: 0 0 1px 0 rgba(0,0,0,0.5),0 1px 10px 0 rgba(0,0,0,0.15); margin: 1px; max-width: 540px; min-width: 326px; padding: 0; width: calc(100% - 2px);\">\n<p>     Ver essa foto no Instagram <\/p>\n<p class=\"text\" style=\"color: #c9c8cd; font-family: Arial,sans-serif; font-size: 14px; line-height: 17px; margin-bottom: 0; margin-top: 8px; overflow: hidden; padding: 8px 0 7px; text-align: center; text-overflow: ellipsis; white-space: nowrap;\"><a href=\"https:\/\/www.instagram.com\/p\/DTTv6f8jek5\/?utm_source=ig_embed&amp;utm_campaign=loading\" rel=\"noopener nofollow\" style=\"color: #c9c8cd; font-family: Arial,sans-serif; font-size: 14px; font-style: normal; font-weight: normal; line-height: 17px; text-decoration: none;\" target=\"_blank\">Um post compartilhado por duda guerra (@dudaa.guerra)<\/a><\/p>\n<\/blockquote>\n<p>                            <script async src=\"\/\/www.instagram.com\/embed.js\"><\/script><\/p>\n","protected":false},"excerpt":{"rendered":"Influenciadora Duda Guerra celebra convite para desfilar pela Imperatriz Leopoldinense na Sapuca\u00ed; saiba detalhes! Por: Reda\u00e7\u00e3o Contigo! \/&hellip;\n","protected":false},"author":2,"featured_media":223164,"comment_status":"","ping_status":"","sticky":false,"template":"","format":"standard","meta":{"footnotes":""},"categories":[145],"tags":[211,210,114,115,32,33],"class_list":{"0":"post-223163","1":"post","2":"type-post","3":"status-publish","4":"format-standard","5":"has-post-thumbnail","7":"category-celebridades","8":"tag-celebridades","9":"tag-celebrities","10":"tag-entertainment","11":"tag-entretenimento","12":"tag-portugal","13":"tag-pt"},"share_on_mastodon":{"url":"https:\/\/pubeurope.com\/@pt\/115869017910382396","error":""},"_links":{"self":[{"href":"https:\/\/www.europesays.com\/pt\/wp-json\/wp\/v2\/posts\/223163","targetHints":{"allow":["GET"]}}],"collection":[{"href":"https:\/\/www.europesays.com\/pt\/wp-json\/wp\/v2\/posts"}],"about":[{"href":"https:\/\/www.europesays.com\/pt\/wp-json\/wp\/v2\/types\/post"}],"author":[{"embeddable":true,"href":"https:\/\/www.europesays.com\/pt\/wp-json\/wp\/v2\/users\/2"}],"replies":[{"embeddable":true,"href":"https:\/\/www.europesays.com\/pt\/wp-json\/wp\/v2\/comments?post=223163"}],"version-history":[{"count":0,"href":"https:\/\/www.europesays.com\/pt\/wp-json\/wp\/v2\/posts\/223163\/revisions"}],"wp:featuredmedia":[{"embeddable":true,"href":"https:\/\/www.europesays.com\/pt\/wp-json\/wp\/v2\/media\/223164"}],"wp:attachment":[{"href":"https:\/\/www.europesays.com\/pt\/wp-json\/wp\/v2\/media?parent=223163"}],"wp:term":[{"taxonomy":"category","embeddable":true,"href":"https:\/\/www.europesays.com\/pt\/wp-json\/wp\/v2\/categories?post=223163"},{"taxonomy":"post_tag","embeddable":true,"href":"https:\/\/www.europesays.com\/pt\/wp-json\/wp\/v2\/tags?post=223163"}],"curies":[{"name":"wp","href":"https:\/\/api.w.org\/{rel}","templated":true}]}}