{"id":223168,"date":"2026-01-10T05:08:09","date_gmt":"2026-01-10T05:08:09","guid":{"rendered":"https:\/\/www.europesays.com\/pt\/223168\/"},"modified":"2026-01-10T05:08:09","modified_gmt":"2026-01-10T05:08:09","slug":"familia-do-cantor-leonardo-esconde-totem-de-neymar-em-visita-de-bruna-marquezine","status":"publish","type":"post","link":"https:\/\/www.europesays.com\/pt\/223168\/","title":{"rendered":"Fam\u00edlia do cantor Leonardo esconde totem de Neymar em visita de Bruna Marquezine"},"content":{"rendered":"<p>\n                        Filha do m\u00fasico revela que decora\u00e7\u00e3o de festa precisou sair de cena durante visita da atriz \u00e0 Fazenda Talism\u00e3\n                    <\/p>\n<p><img loading=\"lazy\" decoding=\"async\" alt=\"Imagem do totem do jogador Neymar\u00a0 \u2013\" class=\"img-54711c92fbcc2cdd6ac7ca707814ad95rkft1trw\" height=\"508\" src=\"https:\/\/www.europesays.com\/pt\/wp-content\/uploads\/2026\/01\/1713072473-2x1-bruna-marquezine-neymar-destacada-totem-610x400.jpg\"  title=\"Imagem do totem do jogador Neymar \u2013\" width=\"774\"\/><\/p>\n<p>Imagem do totem do jogador Neymar \u2013<\/p>\n<p>Foto: Reprodu\u00e7\u00e3o Redes Sociais \/ Jogada10<\/p>\n<p class=\"text\">A influenciadora J\u00e9ssica Beatriz Costa, filha do cantor Leonardo, revelou uma situa\u00e7\u00e3o inusitada e curiosa nos bastidores da Fazenda Talism\u00e3. A fam\u00edlia precisou esconder uma esp\u00e9cie de totem em tamanho real de <a href=\"https:\/\/www.terra.com.br\/tudo-sobre\/neymar\" target=\"_self\" rel=\"nofollow noopener\">Neymar<\/a> para receber a atriz Bruna Marquezine durante uma visita ao local. O cantor Matheus Vargas, irm\u00e3o de J\u00e9ssica, relembrou o epis\u00f3dio e trouxe a hist\u00f3ria \u00e0 tona durante a festa de celebra\u00e7\u00e3o de seus 28 anos, realizada nesta quinta-feira.<\/p>\n<p class=\"text\">O objeto de papel\u00e3o integrava a decora\u00e7\u00e3o do anivers\u00e1rio de Noah, filho de J\u00e9ssica, que escolheu &#8220;futebol&#8221; como tema da comemora\u00e7\u00e3o no ano passado. A organiza\u00e7\u00e3o da festa retirou a imagem do jogador do ambiente justamente devido \u00e0 presen\u00e7a da atriz, que viveu um longo relacionamento de idas e vindas com o craque. Na ocasi\u00e3o, Bruna acompanhava o ent\u00e3o namorado, Jo\u00e3o Guilherme, pois a fam\u00edlia celebraria o anivers\u00e1rio do ator no dia seguinte \u00e0 festa de Noah.<\/p>\n<p><img alt=\"Imagem do totem do jogador Neymar\u00a0 \u2013\" class=\"img-7aecb7481f1383391f8f44c00f9aa4a2p66rvpsb\" decoding=\"async\" height=\"1032\" loading=\"lazy\" src=\"https:\/\/www.europesays.com\/pt\/wp-content\/uploads\/2026\/01\/1075697283-totem-neymareasy-resizecom.jpg\"  title=\"Imagem do totem do jogador Neymar \u2013\" width=\"774\"\/><\/p>\n<p>Imagem do totem do jogador Neymar \u2013<\/p>\n<p>Foto: Reprodu\u00e7\u00e3o Redes Sociais \/ Jogada10<\/p>\n<p>V\u00eddeo mostra totem de Neymar<\/p>\n<p class=\"text\">J\u00e9ssica publicou um v\u00eddeo nas redes sociais que registra o momento de descontra\u00e7\u00e3o da fam\u00edlia ao esconder o totem com o rosto de Neymar. Nas imagens, Matheus Vargas ri da situa\u00e7\u00e3o e pede para mostrar onde guardaram o boneco.<\/p>\n<p class=\"text\">&#8220;Mostra a\u00ed, Carol. Anivers\u00e1rio do Noah, e qual \u00e9 o tema? \u00ca, menin\u00e3o&#8221;, brinca o cantor na grava\u00e7\u00e3o.<\/p>\n<p class=\"text\">O namoro entre Marquezine e Jo\u00e3o Guilherme, no entanto, n\u00e3o durou muito tempo ap\u00f3s essa visita. O casal encerrou o relacionamento em fevereiro de 2025, pouco depois da estadia na fazenda. Na \u00e9poca, os atores comunicaram que decidiram seguir caminhos separados de forma amig\u00e1vel.<\/p>\n<p class=\"text\">Hoje, a atriz vive um novo romance com o cantor internacional Shawn Mendes.<\/p>\n<p class=\"text\"><strong>Siga nosso conte\u00fado nas redes sociais:\u00a0Bluesky,\u00a0Threads,\u00a0\u00a0Twitter,\u00a0Instagram\u00a0e\u00a0Facebook<\/strong>.<\/p>\n","protected":false},"excerpt":{"rendered":"Filha do m\u00fasico revela que decora\u00e7\u00e3o de festa precisou sair de cena durante visita da atriz \u00e0 Fazenda&hellip;\n","protected":false},"author":2,"featured_media":223169,"comment_status":"","ping_status":"","sticky":false,"template":"","format":"standard","meta":{"footnotes":""},"categories":[145],"tags":[211,210,114,115,32,33],"class_list":{"0":"post-223168","1":"post","2":"type-post","3":"status-publish","4":"format-standard","5":"has-post-thumbnail","7":"category-celebridades","8":"tag-celebridades","9":"tag-celebrities","10":"tag-entertainment","11":"tag-entretenimento","12":"tag-portugal","13":"tag-pt"},"share_on_mastodon":{"url":"https:\/\/pubeurope.com\/@pt\/115869076907097256","error":""},"_links":{"self":[{"href":"https:\/\/www.europesays.com\/pt\/wp-json\/wp\/v2\/posts\/223168","targetHints":{"allow":["GET"]}}],"collection":[{"href":"https:\/\/www.europesays.com\/pt\/wp-json\/wp\/v2\/posts"}],"about":[{"href":"https:\/\/www.europesays.com\/pt\/wp-json\/wp\/v2\/types\/post"}],"author":[{"embeddable":true,"href":"https:\/\/www.europesays.com\/pt\/wp-json\/wp\/v2\/users\/2"}],"replies":[{"embeddable":true,"href":"https:\/\/www.europesays.com\/pt\/wp-json\/wp\/v2\/comments?post=223168"}],"version-history":[{"count":0,"href":"https:\/\/www.europesays.com\/pt\/wp-json\/wp\/v2\/posts\/223168\/revisions"}],"wp:featuredmedia":[{"embeddable":true,"href":"https:\/\/www.europesays.com\/pt\/wp-json\/wp\/v2\/media\/223169"}],"wp:attachment":[{"href":"https:\/\/www.europesays.com\/pt\/wp-json\/wp\/v2\/media?parent=223168"}],"wp:term":[{"taxonomy":"category","embeddable":true,"href":"https:\/\/www.europesays.com\/pt\/wp-json\/wp\/v2\/categories?post=223168"},{"taxonomy":"post_tag","embeddable":true,"href":"https:\/\/www.europesays.com\/pt\/wp-json\/wp\/v2\/tags?post=223168"}],"curies":[{"name":"wp","href":"https:\/\/api.w.org\/{rel}","templated":true}]}}