{"id":223176,"date":"2026-01-10T05:36:10","date_gmt":"2026-01-10T05:36:10","guid":{"rendered":"https:\/\/www.europesays.com\/pt\/223176\/"},"modified":"2026-01-10T05:36:10","modified_gmt":"2026-01-10T05:36:10","slug":"solteira-ivete-sangalo-usa-vestido-transparente-em-trancoso","status":"publish","type":"post","link":"https:\/\/www.europesays.com\/pt\/223176\/","title":{"rendered":"Solteira, Ivete Sangalo usa vestido transparente em Trancoso"},"content":{"rendered":"<p class=\"my-5 break-words group-[.isActiveSource]:text-xl\">A cantora <strong class=\"group-[.isActiveSource]:text-xl group-[.isActiveSource]:font-bold\">Ivete Sangalo<\/strong>, 53, usou as redes sociais, nesta sexta-feira (9), para publicar uma sequ\u00eancia de fotos de viagem a Trancoso, na Bahia.<\/p>\n<p class=\"my-5 break-words group-[.isActiveSource]:text-xl\">Em cliques publicados pela artista, ela aparece com um vestido verde transparente, com um biqu\u00edni branco por baixo.<\/p>\n<p class=\"my-5 break-words group-[.isActiveSource]:text-xl\">&#8220;Gata Trancoso&#8221;, escreveu <a href=\"https:\/\/www.cnnbrasil.com.br\/entretenimento\/ivete-sangalo-passa-o-natal-com-daniel-cady-um-mes-apos-divorcio\/\" target=\"_blank\" rel=\"noopener noreferrer nofollow\" class=\"text-red-600 underline hover:text-red-500 font-medium break-words group-[.isActiveSource]:text-xl\">Ivete<\/a> nos stories do Instagram, com um emoji de fogo.<\/p>\n<p class=\"my-5 break-words group-[.isActiveSource]:text-xl\">Al\u00e9m disso, ela publicou um v\u00eddeo da viagem no feed da rede social. &#8220;Essa Bahia, viu&#8230; n\u00e3o cansa de ser o lugar mais lindo do mundo&#8221;.<\/p>\n<p class=\"my-5 break-words group-[.isActiveSource]:text-xl my-5 break-words group-[.isActiveSource]:text-xl\">Ivete anunciou o <a class=\"text-red-600 underline hover:text-red-500 font-medium break-words group-[.isActiveSource]:text-xl\" href=\"https:\/\/www.cnnbrasil.com.br\/entretenimento\/ivete-sangalo-anuncia-divorcio-de-daniel-cady\/\" target=\"_blank\" rel=\"noopener noreferrer nofollow\">fim do casamento com Daniel Cady no dia 27 de novembro<\/a>, ap\u00f3s 17 anos juntos. A voz de &#8220;Quando a Chuva Passar&#8221; e o nutricionista\u00a0usaram suas redes sociais\u00a0para comunicar a separa\u00e7\u00e3o. Ela pediu respeito pela hist\u00f3ria do casal e privacidade para viver este momento.<\/p>\n<p class=\"my-5 break-words group-[.isActiveSource]:text-xl my-5 break-words group-[.isActiveSource]:text-xl\">&#8220;Com muito respeito pela nossa hist\u00f3ria e pela fam\u00edlia que constru\u00edmos, decidimos, de forma conjunta e madura, seguir caminhos diferentes. Estamos certos de que esta \u00e9 a decis\u00e3o mais coerente e amorosa para n\u00f3s&#8221;, dizia a publica\u00e7\u00e3o.<\/p>\n<p class=\"my-5 break-words group-[.isActiveSource]:text-xl my-5 break-words group-[.isActiveSource]:text-xl\">Ivete e Daniel se conheceram em 2008, e logo come\u00e7aram um relacionamento. Em 2009, eles tiveram o primeiro filho,\u00a0<strong class=\"group-[.isActiveSource]:text-xl group-[.isActiveSource]:font-bold group-[.isActiveSource]:text-xl group-[.isActiveSource]:font-bold\">Marcelo<\/strong>, 16. O ex-casal decidiu oficializar a uni\u00e3o em 2011, em uma cerim\u00f4nia intimista. Em fevereiro de 2018, eles receberam as filhas g\u00eameas,\u00a0<strong class=\"group-[.isActiveSource]:text-xl group-[.isActiveSource]:font-bold group-[.isActiveSource]:text-xl group-[.isActiveSource]:font-bold\">Helena e Marina<\/strong>, 7 anos.<\/p>\n","protected":false},"excerpt":{"rendered":"A cantora Ivete Sangalo, 53, usou as redes sociais, nesta sexta-feira (9), para publicar uma sequ\u00eancia de fotos&hellip;\n","protected":false},"author":2,"featured_media":223177,"comment_status":"","ping_status":"","sticky":false,"template":"","format":"standard","meta":{"footnotes":""},"categories":[145],"tags":[211,210,114,115,32,33],"class_list":{"0":"post-223176","1":"post","2":"type-post","3":"status-publish","4":"format-standard","5":"has-post-thumbnail","7":"category-celebridades","8":"tag-celebridades","9":"tag-celebrities","10":"tag-entertainment","11":"tag-entretenimento","12":"tag-portugal","13":"tag-pt"},"share_on_mastodon":{"url":"https:\/\/pubeurope.com\/@pt\/115869186958953406","error":""},"_links":{"self":[{"href":"https:\/\/www.europesays.com\/pt\/wp-json\/wp\/v2\/posts\/223176","targetHints":{"allow":["GET"]}}],"collection":[{"href":"https:\/\/www.europesays.com\/pt\/wp-json\/wp\/v2\/posts"}],"about":[{"href":"https:\/\/www.europesays.com\/pt\/wp-json\/wp\/v2\/types\/post"}],"author":[{"embeddable":true,"href":"https:\/\/www.europesays.com\/pt\/wp-json\/wp\/v2\/users\/2"}],"replies":[{"embeddable":true,"href":"https:\/\/www.europesays.com\/pt\/wp-json\/wp\/v2\/comments?post=223176"}],"version-history":[{"count":0,"href":"https:\/\/www.europesays.com\/pt\/wp-json\/wp\/v2\/posts\/223176\/revisions"}],"wp:featuredmedia":[{"embeddable":true,"href":"https:\/\/www.europesays.com\/pt\/wp-json\/wp\/v2\/media\/223177"}],"wp:attachment":[{"href":"https:\/\/www.europesays.com\/pt\/wp-json\/wp\/v2\/media?parent=223176"}],"wp:term":[{"taxonomy":"category","embeddable":true,"href":"https:\/\/www.europesays.com\/pt\/wp-json\/wp\/v2\/categories?post=223176"},{"taxonomy":"post_tag","embeddable":true,"href":"https:\/\/www.europesays.com\/pt\/wp-json\/wp\/v2\/tags?post=223176"}],"curies":[{"name":"wp","href":"https:\/\/api.w.org\/{rel}","templated":true}]}}