{"id":223182,"date":"2026-01-10T05:50:14","date_gmt":"2026-01-10T05:50:14","guid":{"rendered":"https:\/\/www.europesays.com\/pt\/223182\/"},"modified":"2026-01-10T05:50:14","modified_gmt":"2026-01-10T05:50:14","slug":"the-pitt-noah-wyle-fala-sobre-3a-temporada","status":"publish","type":"post","link":"https:\/\/www.europesays.com\/pt\/223182\/","title":{"rendered":"The Pitt | Noah Wyle fala sobre 3\u00aa temporada"},"content":{"rendered":"<p>  <img decoding=\"async\" src=\"https:\/\/cdn.ome.lt\/static\/omelete\/img\/loading.svg\" alt=\"\"\/><\/p>\n<p>  <img decoding=\"async\" class=\"article__cover__image\" data-lazy-src-mob=\"\/\/cdn.ome.lt\/vJi5fTfaSbTC1kDP-Cnx3VtjxHc=\/570x0\/smart\/filters:format(webp)\/uploads\/conteudo\/fotos\/the-pitt-2a-temporada.webp\" data-lazy-src=\"https:\/\/cdn.ome.lt\/8cGWcWT4apEb9lUs1GWzNc2UKsc=\/987x0\/smart\/filters:format(webp)\/uploads\/conteudo\/fotos\/the-pitt-2a-temporada.webp\" src=\"data:image\/png;base64,iVBORw0KGgoAAAANSUhEUgAAAAEAAAABCAQAAAC1HAwCAAAAC0lEQVR42mNkYAAAAAYAAjCB0C8AAAAASUVORK5CYII=\" alt=\"The Pitt\" title=\"The Pitt\" width=\"987\" height=\"555\" fetchpriority=\"high\"\/><\/p>\n<p class=\"article__cover__credits\">\n  Cr\u00e9ditos da imagem:<br \/>\n  Reprodu\u00e7\u00e3o\n<\/p>\n<p>Em conversa com a\u00a0Variety\u00a0durante o evento de estreia da segunda temporada de\u00a0<strong>The Pitt<\/strong>,\u00a0<strong>Noah Wyle\u00a0<\/strong>comentou sobre o que ele espera que deve acontecer na terceira temporada, e descarta que v\u00e1 acontecer um salto temporal.<\/p>\n<p>Ele tamb\u00e9m descartou a possibilidade da terceira temporada acontecer durante um feriado. &#8220;Provavelmente n\u00e3o&#8221;, compartilhou ele com a Variety. &#8220;Embora talvez n\u00e3o adiemos tanto o lan\u00e7amento desta vez \u2014 10 meses foi um salto muito grande. Acho que n\u00e3o precisamos dar um salto t\u00e3o grande da pr\u00f3xima vez.&#8221; Quanto \u00e0 aparente brincadeira de\u00a0<strong>R. Scott<\/strong> <strong>Gemmill<\/strong>, showrunner da s\u00e9rie,\u00a0sobre querer que a hist\u00f3ria se passe no Halloween, Wyle comentou: &#8220;Ele est\u00e1 apenas brincando \u2014 pergunte a um canadense e ele responder\u00e1. \u00c9 inacredit\u00e1vel. Ele tem uma fantasia de Krampus que quer usar no set.&#8221;<\/p>\n<p>            Continua depois da Publicidade<\/p>\n<p>    <strong>Quem est\u00e1 no elenco de The Pitt?<\/strong><\/p>\n<p>Inicialmente pensada como uma continua\u00e7\u00e3o de\u00a0<strong>E.R. &#8211; Plant\u00e3o M\u00e9dico<\/strong>, a s\u00e9rie traz de volta veteranos do seriado m\u00e9dico cl\u00e1ssico, incluindo\u00a0<strong>Noah Wyle<\/strong>, que estrelou\u00a0E.R.\u00a0como o estudante de medicina John Carter, mas que aqui \u00e9 o veterano Dr. Robby. Al\u00e9m dele,\u00a0<strong>John Wells<\/strong>, produtor de\u00a0E.R., \u00e9 produtor executivo de\u00a0The Pitt,\u00a0s\u00e9rie \u00e9 criada por\u00a0<strong>R. Scott Gemmill<\/strong>.<\/p>\n<p>Ainda no elenco de\u00a0The Pitt\u00a0est\u00e3o\u00a0<strong>Patrick Ball<\/strong>,\u00a0<strong>Katherine LaNasa<\/strong>,\u00a0<strong>Isa Briones<\/strong>,\u00a0<strong>Shawn Hatosy<\/strong>,\u00a0<strong>Taylor Cranston<\/strong>,\u00a0<strong>Fiona Dourif<\/strong>,\u00a0<strong>Shabana Azeez<\/strong>,\u00a0<strong>Supriya Ganesh<\/strong>,\u00a0<strong>Jalen Thomas Brooks<\/strong>\u00a0e\u00a0<strong>Gerran Howell<\/strong>.<\/p>\n<p>Um dos principais nomes da primeira temporada,\u00a0<strong>Tracy Ifeachor\u00a0<\/strong><a data-mrf-link=\"https:\/\/www.omelete.com.br\/series-tv\/the-pitt-criador-fala-sobre-saida-de-atriz-do-elenco\" href=\"https:\/\/www.omelete.com.br\/series-tv\/the-pitt-criador-fala-sobre-saida-de-atriz-do-elenco\" rel=\"noopener nofollow\" target=\"_blank\">n\u00e3o retornar\u00e1 para a segunda temporada<\/a>. Por outro lado, h\u00e1 algumas novidades no elenco, incluindo:\u00a0<strong>Sepideh Moafi<\/strong>,\u00a0<strong>Charles Baker<\/strong>\u00a0(Breaking\u00a0Bad,\u00a0The Blacklist),\u00a0<strong>Irene Choi<\/strong>\u00a0(Insatiable,\u00a0Truth Be Told),\u00a0<strong>La\u00ebtitia Hollard<\/strong>\u00a0(Trauma,\u00a0Or Monsters All) e\u00a0<strong>Lucas Iverson<\/strong>\u00a0(Shakespeare Theatre Co.\u2019s Frankenstein).<\/p>\n<p>    <strong>Qual \u00e9 a hist\u00f3ria da 2\u00aa temporada de The Pitt?<\/strong><\/p>\n<p>            Continua depois da Publicidade<\/p>\n<p>A segunda temporada de\u00a0The Pitt\u00a0novamente tratar\u00e1 de um plant\u00e3o de 15 horas com 15 epis\u00f3dios. Desta vez, os eventos acontecem durante o feriado de 4 de julho, Dia da Independ\u00eancia dos EUA. Uma das tramas do epis\u00f3dio ser\u00e1 o retorno de Dr. Langdon (Patrick Ball), que foi pego desviando rem\u00e9dios ilegalmente do hospital na primeira temporada.<\/p>\n<p>    <strong>Quando estreia a 2\u00aa temporada de The Pitt?<\/strong><\/p>\n<p data-gtm-vis-first-on-screen67967661_30=\"1132804\" data-gtm-vis-has-fired67967661_30=\"1\" data-gtm-vis-total-visible-time67967661_30=\"100\">A primeira temporada de\u00a0The Pitt\u00a0est\u00e1 dispon\u00edvel no HBO Max. A segunda temporada estreou em 8 de janeiro de 2026.<\/p>\n<p>    The Pitt vai ter 3\u00aa temporada?<\/p>\n<p data-gtm-vis-first-on-screen67967661_30=\"1132804\" data-gtm-vis-has-fired67967661_30=\"1\" data-gtm-vis-total-visible-time67967661_30=\"100\">Sim, a HBO Max confirmou a renova\u00e7\u00e3o de The Pitt para uma terceira temporada antes mesmo da estreia do segundo ano.<\/p>\n<p>            Continua depois da Publicidade<\/p>\n","protected":false},"excerpt":{"rendered":"Cr\u00e9ditos da imagem: Reprodu\u00e7\u00e3o Em conversa com a\u00a0Variety\u00a0durante o evento de estreia da segunda temporada de\u00a0The Pitt,\u00a0Noah Wyle\u00a0comentou&hellip;\n","protected":false},"author":2,"featured_media":223183,"comment_status":"","ping_status":"","sticky":false,"template":"","format":"standard","meta":{"footnotes":""},"categories":[145],"tags":[211,210,114,115,32,33],"class_list":{"0":"post-223182","1":"post","2":"type-post","3":"status-publish","4":"format-standard","5":"has-post-thumbnail","7":"category-celebridades","8":"tag-celebridades","9":"tag-celebrities","10":"tag-entertainment","11":"tag-entretenimento","12":"tag-portugal","13":"tag-pt"},"share_on_mastodon":{"url":"https:\/\/pubeurope.com\/@pt\/115869242006080813","error":""},"_links":{"self":[{"href":"https:\/\/www.europesays.com\/pt\/wp-json\/wp\/v2\/posts\/223182","targetHints":{"allow":["GET"]}}],"collection":[{"href":"https:\/\/www.europesays.com\/pt\/wp-json\/wp\/v2\/posts"}],"about":[{"href":"https:\/\/www.europesays.com\/pt\/wp-json\/wp\/v2\/types\/post"}],"author":[{"embeddable":true,"href":"https:\/\/www.europesays.com\/pt\/wp-json\/wp\/v2\/users\/2"}],"replies":[{"embeddable":true,"href":"https:\/\/www.europesays.com\/pt\/wp-json\/wp\/v2\/comments?post=223182"}],"version-history":[{"count":0,"href":"https:\/\/www.europesays.com\/pt\/wp-json\/wp\/v2\/posts\/223182\/revisions"}],"wp:featuredmedia":[{"embeddable":true,"href":"https:\/\/www.europesays.com\/pt\/wp-json\/wp\/v2\/media\/223183"}],"wp:attachment":[{"href":"https:\/\/www.europesays.com\/pt\/wp-json\/wp\/v2\/media?parent=223182"}],"wp:term":[{"taxonomy":"category","embeddable":true,"href":"https:\/\/www.europesays.com\/pt\/wp-json\/wp\/v2\/categories?post=223182"},{"taxonomy":"post_tag","embeddable":true,"href":"https:\/\/www.europesays.com\/pt\/wp-json\/wp\/v2\/tags?post=223182"}],"curies":[{"name":"wp","href":"https:\/\/api.w.org\/{rel}","templated":true}]}}