{"id":223186,"date":"2026-01-10T06:04:12","date_gmt":"2026-01-10T06:04:12","guid":{"rendered":"https:\/\/www.europesays.com\/pt\/223186\/"},"modified":"2026-01-10T06:04:12","modified_gmt":"2026-01-10T06:04:12","slug":"vai-ter-mais-filhos-caua-reymond-faz-confissao-intima-e-surpreende-ao-falar-do-futuro","status":"publish","type":"post","link":"https:\/\/www.europesays.com\/pt\/223186\/","title":{"rendered":"Vai ter mais filhos? Cau\u00e3 Reymond faz confiss\u00e3o \u00edntima e surpreende ao falar do futuro"},"content":{"rendered":"<p>\n                        Durante grava\u00e7\u00f5es de nova s\u00e9rie, ator abre o cora\u00e7\u00e3o sobre paternidade, desejos pessoais e a rela\u00e7\u00e3o com a filha adolescente\n                    <\/p>\n<ul class=\"article__header__author\">\n<li class=\"article__header__author__item\">\n                                                Por:<br \/>\n                                                                                    Juliana Gardesani \/ Contigo\n                                                                        <\/li>\n<\/ul>\n<p class=\"text\"><strong>Cau\u00e3 Reymond<\/strong> voltou a chamar aten\u00e7\u00e3o n\u00e3o apenas pelo trabalho na televis\u00e3o, mas tamb\u00e9m por declara\u00e7\u00f5es sinceras sobre sua vida pessoal. Durante as grava\u00e7\u00f5es da s\u00e9rie Jogada de Risco, nova aposta da Globoplay, o ator conversou com a rep\u00f3rter Monique Arruda, do portal LeoDias, e acabou fazendo revela\u00e7\u00f5es que despertaram curiosidade sobre seus planos para o futuro.<\/p>\n<p><img loading=\"lazy\" decoding=\"async\" alt=\"Cau\u00e3 Reymond\" class=\"img-317f470c830a59244d57b4e1e0aba68csbq7b2yf\" height=\"435\" src=\"https:\/\/www.europesays.com\/pt\/wp-content\/uploads\/2026\/01\/1894917786-caua-reymond-revela-como-a-perda-de-sua-mae-mudou-sua-alimentacao-me-preocupo.png\"  title=\"Cau\u00e3 Reymond\" width=\"774\"\/><\/p>\n<p>Cau\u00e3 Reymond<\/p>\n<p>Foto: Reprodu\u00e7\u00e3o\/Instagram \/ Contigo<\/p>\n<p class=\"text\">O encontro aconteceu na \u00faltima quinta-feira (9\/1), no Rio de Janeiro, e contou com a presen\u00e7a de nomes como Daniela Ciminelli e Matheus Lelis no elenco. A produ\u00e7\u00e3o, que ainda est\u00e1 em fase de grava\u00e7\u00f5es, tem estreia prevista para acontecer entre os meses de maio e junho de 2026. Em meio aos bastidores, Cau\u00e3 falou de carreira, rotina e, principalmente, da rela\u00e7\u00e3o pr\u00f3xima que mant\u00e9m com a filha <strong>Sofia Massafera<\/strong>, de 13 anos.<\/p>\n<p class=\"text\">Ao comentar o dia a dia ao lado da adolescente, o ator explicou que faz quest\u00e3o de estar presente, acompanhar de perto as fases da filha e respeitar o tempo dela. A conversa acabou levando a um questionamento direto sobre a possibilidade de ele aumentar a fam\u00edlia. A rea\u00e7\u00e3o foi imediata: Cau\u00e3 riu, demonstrando surpresa, mas n\u00e3o evitou o tema e respondeu com franqueza: &#8220;Eu teria. Eu adoro fam\u00edlia. Deixa eu ir, vai!&#8221;.<\/p>\n<p class=\"text\">Sofia \u00e9 fruto do relacionamento que o ator teve com<strong> Grazi Massafera<\/strong>, iniciado em 2007 e encerrado ap\u00f3s seis anos. Mesmo com o fim do namoro, Cau\u00e3 destacou que sempre buscou construir um ambiente de afeto, di\u00e1logo e confian\u00e7a com a filha, que hoje j\u00e1 vive os desafios e descobertas da adolesc\u00eancia.<\/p>\n<p class=\"text\">Segundo ele, Sofia gosta de se divertir, aprecia m\u00fasica sertaneja e j\u00e1 frequenta festas e shows. Sobre a vida amorosa da filha, o ator fez quest\u00e3o de deixar claro que pretende acolher qualquer decis\u00e3o que ela venha a tomar, sem julgamentos ou imposi\u00e7\u00f5es. Para ele, o lar deve ser um espa\u00e7o seguro, onde a adolescente se sinta \u00e0 vontade para compartilhar suas experi\u00eancias:<\/p>\n<p class=\"text\">&#8220;Eu quero que ela namore dentro de casa, se ela namorar menino ou menina, o que ela decidir vai ser abra\u00e7ada. O lar \u00e9 para isso&#8221;.<\/p>\n<p class=\"text\">Cau\u00e3 tamb\u00e9m comentou sobre os limites que imp\u00f5e nesse momento da vida da filha, principalmente quando o assunto s\u00e3o festas e hor\u00e1rios. Ele explicou que, apesar de compreender a fase que Sofia est\u00e1 vivendo, mant\u00e9m regras bem definidas, sempre em di\u00e1logo com outros pais: &#8220;Eu sou organizado [em rela\u00e7\u00e3o \u00e0 hora de busc\u00e1-la]. Meia-noite \u00e9 meia-noite. Mas tamb\u00e9m na idade dela, tem 13 anos. Os outros pais tamb\u00e9m querem que a festa acabe. N\u00e3o tem essa coisa de ir at\u00e9 mais tarde, pelo menos por enquanto. Estou dan\u00e7ando conforme a m\u00fasica&#8221;.<\/p>\n<p class=\"text\">Questionado se a adolescente j\u00e1 estaria namorando, o ator respondeu com naturalidade e empatia, destacando que v\u00ea essa fase como parte do crescimento: &#8220;N\u00e3o, acho que nessa idade surge para todo mundo. Essa curiosidade, o primeiro beijo\u2026 essa coisa acontece, vou dar o tempo dela&#8221;.<\/p>\n<p>Rela\u00e7\u00e3o com a filha<\/p>\n<p class=\"text\">Al\u00e9m disso, Cau\u00e3 revelou que trabalha diariamente para fortalecer a rela\u00e7\u00e3o de confian\u00e7a com Sofia, incentivando que ela se sinta segura para contar tudo o que acontece em sua vida. Ele contou, inclusive, que naquele mesmo dia estava acompanhado da filha e que fazia quest\u00e3o de priorizar esse momento: &#8220;Inclusive hoje ela est\u00e1 comigo, por isso que eu n\u00e3o devo ficar tanto tempo aqui, porque vou dar uma chapada e vou dar aten\u00e7\u00e3o\u2026 E adoro jogar videogame com a minha filha&#8221;.<\/p>\n<p class=\"text\">As declara\u00e7\u00f5es do ator mostram um lado mais \u00edntimo e reflexivo de Cau\u00e3 Reymond, que, entre compromissos profissionais e grava\u00e7\u00f5es intensas, deixa claro que a fam\u00edlia segue sendo uma de suas maiores prioridades \u2014 e que o futuro pode reservar novos cap\u00edtulos em sua vida pessoal.<\/p>\n<blockquote class=\"instagram-media\" data-instgrm-captioned=\"\" data-instgrm-permalink=\"https:\/\/www.instagram.com\/p\/DRxugiwCe94\/?utm_source=ig_embed&amp;utm_campaign=loading\" data-instgrm-version=\"14\" style=\"background: #FFF; border: 0; border-radius: 3px; box-shadow: 0 0 1px 0 rgba(0,0,0,0.5),0 1px 10px 0 rgba(0,0,0,0.15); margin: 1px; max-width: 540px; min-width: 326px; padding: 0; width: calc(100% - 2px);\">\n<p>     Ver essa foto no Instagram <\/p>\n<p class=\"text\" style=\"color: #c9c8cd; font-family: Arial,sans-serif; font-size: 14px; line-height: 17px; margin-bottom: 0; margin-top: 8px; overflow: hidden; padding: 8px 0 7px; text-align: center; text-overflow: ellipsis; white-space: nowrap;\"><a href=\"https:\/\/www.instagram.com\/p\/DRxugiwCe94\/?utm_source=ig_embed&amp;utm_campaign=loading\" rel=\"noopener nofollow\" style=\"color: #c9c8cd; font-family: Arial,sans-serif; font-size: 14px; font-style: normal; font-weight: normal; line-height: 17px; text-decoration: none;\" target=\"_blank\">Um post compartilhado por Caua\u0303 Reymond (@cauareymond)<\/a><\/p>\n<\/blockquote>\n<p>                            <script async src=\"\/\/www.instagram.com\/embed.js\"><\/script><\/p>\n","protected":false},"excerpt":{"rendered":"Durante grava\u00e7\u00f5es de nova s\u00e9rie, ator abre o cora\u00e7\u00e3o sobre paternidade, desejos pessoais e a rela\u00e7\u00e3o com a&hellip;\n","protected":false},"author":2,"featured_media":223187,"comment_status":"","ping_status":"","sticky":false,"template":"","format":"standard","meta":{"footnotes":""},"categories":[145],"tags":[211,210,114,115,32,33],"class_list":{"0":"post-223186","1":"post","2":"type-post","3":"status-publish","4":"format-standard","5":"has-post-thumbnail","7":"category-celebridades","8":"tag-celebridades","9":"tag-celebrities","10":"tag-entertainment","11":"tag-entretenimento","12":"tag-portugal","13":"tag-pt"},"share_on_mastodon":{"url":"https:\/\/pubeurope.com\/@pt\/115869297151781986","error":""},"_links":{"self":[{"href":"https:\/\/www.europesays.com\/pt\/wp-json\/wp\/v2\/posts\/223186","targetHints":{"allow":["GET"]}}],"collection":[{"href":"https:\/\/www.europesays.com\/pt\/wp-json\/wp\/v2\/posts"}],"about":[{"href":"https:\/\/www.europesays.com\/pt\/wp-json\/wp\/v2\/types\/post"}],"author":[{"embeddable":true,"href":"https:\/\/www.europesays.com\/pt\/wp-json\/wp\/v2\/users\/2"}],"replies":[{"embeddable":true,"href":"https:\/\/www.europesays.com\/pt\/wp-json\/wp\/v2\/comments?post=223186"}],"version-history":[{"count":0,"href":"https:\/\/www.europesays.com\/pt\/wp-json\/wp\/v2\/posts\/223186\/revisions"}],"wp:featuredmedia":[{"embeddable":true,"href":"https:\/\/www.europesays.com\/pt\/wp-json\/wp\/v2\/media\/223187"}],"wp:attachment":[{"href":"https:\/\/www.europesays.com\/pt\/wp-json\/wp\/v2\/media?parent=223186"}],"wp:term":[{"taxonomy":"category","embeddable":true,"href":"https:\/\/www.europesays.com\/pt\/wp-json\/wp\/v2\/categories?post=223186"},{"taxonomy":"post_tag","embeddable":true,"href":"https:\/\/www.europesays.com\/pt\/wp-json\/wp\/v2\/tags?post=223186"}],"curies":[{"name":"wp","href":"https:\/\/api.w.org\/{rel}","templated":true}]}}