{"id":223195,"date":"2026-01-10T06:32:12","date_gmt":"2026-01-10T06:32:12","guid":{"rendered":"https:\/\/www.europesays.com\/pt\/223195\/"},"modified":"2026-01-10T06:32:12","modified_gmt":"2026-01-10T06:32:12","slug":"atriz-decide-reatar-casamento-com-michel-melamed","status":"publish","type":"post","link":"https:\/\/www.europesays.com\/pt\/223195\/","title":{"rendered":"atriz decide reatar casamento com Michel Melamed"},"content":{"rendered":"<p class=\"bullet mt-0\" data-v-232111b4=\"\">Let\u00edcia Colin, 36, e Michel Melamed, 49, decidiram reatar o casamento. A informa\u00e7\u00e3o foi confirmada hoje pela assessoria da atriz para <strong>Splash<\/strong>.<\/p>\n<p>O que aconteceu<\/p>\n<p class=\"bullet\" data-v-232111b4=\"\"><strong><a href=\"https:\/\/www.uol.com.br\/splash\/noticias\/2024\/07\/13\/leticia-colin-e-michel-melamed-confirmam-fim-do-casamento.htm\" rel=\"nofollow noopener\" target=\"_blank\">Os artistas haviam colocado um ponto final no relacionamento de nove anos em julho de 2024<\/a>.<\/strong> Os primeiros sinais da reaproxima\u00e7\u00e3o surgiram na viagem de f\u00e9rias ao Canad\u00e1 com o filho, Uri, 5, neste final de ano.<\/p>\n<p class=\"bullet\" data-v-232111b4=\"\"><strong>Nas redes sociais, Let\u00edcia publicou fotos da viagem ao lado do filho, de familiares e do ent\u00e3o ex-marido. <\/strong>Na \u00e9poca, sua assessoria informou que eles estavam em &#8220;viagem de fam\u00edlia, mas seguem separados e muito amigos&#8221;.<\/p>\n","protected":false},"excerpt":{"rendered":"Let\u00edcia Colin, 36, e Michel Melamed, 49, decidiram reatar o casamento. A informa\u00e7\u00e3o foi confirmada hoje pela assessoria&hellip;\n","protected":false},"author":2,"featured_media":223196,"comment_status":"","ping_status":"","sticky":false,"template":"","format":"standard","meta":{"footnotes":""},"categories":[145],"tags":[211,210,114,115,32,33],"class_list":{"0":"post-223195","1":"post","2":"type-post","3":"status-publish","4":"format-standard","5":"has-post-thumbnail","7":"category-celebridades","8":"tag-celebridades","9":"tag-celebrities","10":"tag-entertainment","11":"tag-entretenimento","12":"tag-portugal","13":"tag-pt"},"share_on_mastodon":{"url":"https:\/\/pubeurope.com\/@pt\/115869407134298558","error":""},"_links":{"self":[{"href":"https:\/\/www.europesays.com\/pt\/wp-json\/wp\/v2\/posts\/223195","targetHints":{"allow":["GET"]}}],"collection":[{"href":"https:\/\/www.europesays.com\/pt\/wp-json\/wp\/v2\/posts"}],"about":[{"href":"https:\/\/www.europesays.com\/pt\/wp-json\/wp\/v2\/types\/post"}],"author":[{"embeddable":true,"href":"https:\/\/www.europesays.com\/pt\/wp-json\/wp\/v2\/users\/2"}],"replies":[{"embeddable":true,"href":"https:\/\/www.europesays.com\/pt\/wp-json\/wp\/v2\/comments?post=223195"}],"version-history":[{"count":0,"href":"https:\/\/www.europesays.com\/pt\/wp-json\/wp\/v2\/posts\/223195\/revisions"}],"wp:featuredmedia":[{"embeddable":true,"href":"https:\/\/www.europesays.com\/pt\/wp-json\/wp\/v2\/media\/223196"}],"wp:attachment":[{"href":"https:\/\/www.europesays.com\/pt\/wp-json\/wp\/v2\/media?parent=223195"}],"wp:term":[{"taxonomy":"category","embeddable":true,"href":"https:\/\/www.europesays.com\/pt\/wp-json\/wp\/v2\/categories?post=223195"},{"taxonomy":"post_tag","embeddable":true,"href":"https:\/\/www.europesays.com\/pt\/wp-json\/wp\/v2\/tags?post=223195"}],"curies":[{"name":"wp","href":"https:\/\/api.w.org\/{rel}","templated":true}]}}