{"id":223215,"date":"2026-01-10T07:06:16","date_gmt":"2026-01-10T07:06:16","guid":{"rendered":"https:\/\/www.europesays.com\/pt\/223215\/"},"modified":"2026-01-10T07:06:16","modified_gmt":"2026-01-10T07:06:16","slug":"lazio-garante-contratacao-de-alvo-do-fc-porto-para-o-meio-campo-por-17-milhoes-de-euros","status":"publish","type":"post","link":"https:\/\/www.europesays.com\/pt\/223215\/","title":{"rendered":"Lazio garante contrata\u00e7\u00e3o de alvo do FC Porto para o meio-campo por 17 milh\u00f5es de euros"},"content":{"rendered":"<p>&#8211; Advertisement &#8211;<\/p>\n<p><strong>A Lazio fechou a contrata\u00e7\u00e3o de Kenneth Taylor. M\u00e9dio do Ajax a caminho de It\u00e1lia depois do interesse do FC Porto.<\/strong><\/p>\n<p>A Lazio fechou a contrata\u00e7\u00e3o de Kenneth Taylor. Segundo Fabrizio Romano, o neg\u00f3cio est\u00e1 fechado e o m\u00e9dio neerland\u00eas vai mesmo rumar a It\u00e1lia e \u00e0 Serie A.<\/p>\n<p>Para contratar o m\u00e9dio, a Lazio pagar\u00e1 15 milh\u00f5es de euros fixos aos quais se juntam dois milh\u00f5es de euros em vari\u00e1veis. O jogador assinar\u00e1 contrato at\u00e9 junho depois da realiza\u00e7\u00e3o dos exames m\u00e9dicos, j\u00e1 esta sexta-feira. No plantel italiano, Kenneth Taylor ser\u00e1 o substituto de Matt\u00e9o Guendouzi,<a href=\"https:\/\/bolanarede.pt\/especial-bola-na-rede\/atualidade\/fenerbahce-chega-a-acordo-para-a-contratacao-de-estrela-por-30-milhoes-de-euros\/\" target=\"_blank\" rel=\"noreferrer noopener nofollow\">\u00a0que est\u00e1 a caminho do Fenerbah\u00e7e.<\/a><\/p>\n<p>Recorde-se que o m\u00e9dio neerland\u00eas\u00a0<a href=\"https:\/\/bolanarede.pt\/especial-bola-na-rede\/atualidade\/kenneth-taylor-fala-pela-primeira-vez-do-interesse-do-fc-porto-no-verao-e-admite-tristeza-por-nao-ter-saido-talvez-tenha-sido-dificil\/\" target=\"_blank\" rel=\"noreferrer noopener nofollow\">esteve na \u00f3rbita do FC Porto no \u00faltimo mercado de ver\u00e3o<\/a>.\u00a0Em 2025\/26, o jogador leva 19 jogos pelo Ajax com dois golos e quatro assist\u00eancias na conta pessoal.<\/p>\n<blockquote class=\"twitter-tweet\" data-width=\"550\" data-dnt=\"true\">\n<p lang=\"en\" dir=\"ltr\">\ud83d\udea8\u26aa\ufe0f\ud83d\udd35 Kenneth Taylor to Lazio, here we go! Deal sealed now with Ajax for \u20ac15m plus \u20ac2m add-ons.<\/p>\n<p>Taylor travels to Roma tonight for medical tests on Fridsy and then contract signing.<\/p>\n<p>Contract until June 2030. <a href=\"https:\/\/t.co\/oueCEaEwZL\" rel=\"nofollow\">pic.twitter.com\/oueCEaEwZL<\/a><\/p>\n<p>\u2014 Fabrizio Romano (@FabrizioRomano) <a href=\"https:\/\/twitter.com\/FabrizioRomano\/status\/2009211746486219126?ref_src=twsrc%5Etfw\" rel=\"nofollow noopener\" target=\"_blank\">January 8, 2026<\/a><\/p><\/blockquote>\n<p><script async src=\"https:\/\/platform.twitter.com\/widgets.js\" charset=\"utf-8\"><\/script><\/p>\n","protected":false},"excerpt":{"rendered":"&#8211; Advertisement &#8211; A Lazio fechou a contrata\u00e7\u00e3o de Kenneth Taylor. M\u00e9dio do Ajax a caminho de It\u00e1lia&hellip;\n","protected":false},"author":2,"featured_media":223216,"comment_status":"","ping_status":"","sticky":false,"template":"","format":"standard","meta":{"footnotes":""},"categories":[87],"tags":[1069,260,135,1393,14331,27614,32,33,2101,134],"class_list":{"0":"post-223215","1":"post","2":"type-post","3":"status-publish","4":"format-standard","5":"has-post-thumbnail","7":"category-desporto","8":"tag-ajax","9":"tag-atualidade","10":"tag-desporto","11":"tag-eredivisie","12":"tag-kenneth-taylor","13":"tag-lazio","14":"tag-portugal","15":"tag-pt","16":"tag-serie-a","17":"tag-sports"},"share_on_mastodon":{"url":"https:\/\/pubeurope.com\/@pt\/115869541019198111","error":""},"_links":{"self":[{"href":"https:\/\/www.europesays.com\/pt\/wp-json\/wp\/v2\/posts\/223215","targetHints":{"allow":["GET"]}}],"collection":[{"href":"https:\/\/www.europesays.com\/pt\/wp-json\/wp\/v2\/posts"}],"about":[{"href":"https:\/\/www.europesays.com\/pt\/wp-json\/wp\/v2\/types\/post"}],"author":[{"embeddable":true,"href":"https:\/\/www.europesays.com\/pt\/wp-json\/wp\/v2\/users\/2"}],"replies":[{"embeddable":true,"href":"https:\/\/www.europesays.com\/pt\/wp-json\/wp\/v2\/comments?post=223215"}],"version-history":[{"count":0,"href":"https:\/\/www.europesays.com\/pt\/wp-json\/wp\/v2\/posts\/223215\/revisions"}],"wp:featuredmedia":[{"embeddable":true,"href":"https:\/\/www.europesays.com\/pt\/wp-json\/wp\/v2\/media\/223216"}],"wp:attachment":[{"href":"https:\/\/www.europesays.com\/pt\/wp-json\/wp\/v2\/media?parent=223215"}],"wp:term":[{"taxonomy":"category","embeddable":true,"href":"https:\/\/www.europesays.com\/pt\/wp-json\/wp\/v2\/categories?post=223215"},{"taxonomy":"post_tag","embeddable":true,"href":"https:\/\/www.europesays.com\/pt\/wp-json\/wp\/v2\/tags?post=223215"}],"curies":[{"name":"wp","href":"https:\/\/api.w.org\/{rel}","templated":true}]}}