{"id":223217,"date":"2026-01-10T07:07:08","date_gmt":"2026-01-10T07:07:08","guid":{"rendered":"https:\/\/www.europesays.com\/pt\/223217\/"},"modified":"2026-01-10T07:07:08","modified_gmt":"2026-01-10T07:07:08","slug":"projeto-para-fabricacao-da-vacina-da-takeda-pela-fiocruz-e-reprovado-pelo-ministerio-da-saude","status":"publish","type":"post","link":"https:\/\/www.europesays.com\/pt\/223217\/","title":{"rendered":"projeto para fabrica\u00e7\u00e3o da vacina da Takeda pela Fiocruz \u00e9 reprovado pelo Minist\u00e9rio da Sa\u00fade"},"content":{"rendered":"\n<p class=\" content-text__container theme-color-primary-first-letter\" data-track-category=\"Link no Texto\" data-track-links=\"\"> O Minist\u00e9rio da Sa\u00fade n\u00e3o aprovou o pedido da Funda\u00e7\u00e3o Oswaldo Cruz (Fiocruz) para estabelecer uma Parceria de Desenvolvimento Produtivo (PDP) com a farmac\u00eautica Takeda para a fabrica\u00e7\u00e3o da vacina da dengue, em duas doses, no Brasil. Na pr\u00e1tica, a parceria permitiria que a vacina fosse produzida na Fiocruz, encurtando o processo de importa\u00e7\u00e3o do imunizante, uma vez que a capacidade de fabrica\u00e7\u00e3o fosse instalada. <\/p>\n<ul class=\"content-unordered-list\">\n<li><strong>Butantan: <\/strong><a class=\"\" href=\"https:\/\/oglobo.globo.com\/saude\/noticia\/2026\/01\/09\/nova-vacina-da-dengue-sera-testada-em-tres-cidades-brasileiras-veja-quais-e-como-sera-estudo.ghtml\" rel=\"nofollow noopener\" target=\"_blank\"><strong>Nova vacina da dengue ser\u00e1 testada em tr\u00eas cidades brasileiras; veja quais e como ser\u00e1 estudo<\/strong><\/a><\/li>\n<li><strong>Entrevista exclusiva: <\/strong><a class=\"\" href=\"https:\/\/oglobo.globo.com\/saude\/noticia\/2025\/12\/10\/ha-espaco-para-duas-vacinas-contra-dengue-no-brasil-diz-presidente-da-takeda.ghtml\" rel=\"nofollow noopener\" target=\"_blank\"><strong>\u2018H\u00e1 espa\u00e7o para duas vacinas contra dengue no Brasil\u2019, diz presidente da Takeda<\/strong><\/a><\/li>\n<\/ul>\n<p class=\" content-text__container \" data-track-category=\"Link no Texto\" data-track-links=\"\"> O Minist\u00e9rio da Sa\u00fade, em nota ao GLOBO, explicou que a proposta entre Takeda e Bio-Manguinhos (Fiocruz) \u201cn\u00e3o atendeu a requisitos m\u00ednimos para participa\u00e7\u00e3o no Programa. O projeto n\u00e3o assegurava o acesso integral ao conhecimento de produ\u00e7\u00e3o do Insumo Farmac\u00eautico Ativo (IFA), impossibilitando a produ\u00e7\u00e3o nacional do produto, sendo esse o principal pilar do programa do Governo Federal\u201d. <\/p>\n<p class=\" content-text__container \" data-track-category=\"Link no Texto\" data-track-links=\"\"> Procurada, a Fiocruz explicou que a produ\u00e7\u00e3o da vacina da Takeda, chamada Qdenga, demandaria o uso de plataformas tecnol\u00f3gicas que \u201coperam para produ\u00e7\u00e3o de outras vacinas. Considerando as instala\u00e7\u00f5es atuais, portanto, a eventual produ\u00e7\u00e3o do IFA para esse imunizante ficaria limitada\u201d. <\/p>\n<p class=\" content-text__container \" data-track-category=\"Link no Texto\" data-track-links=\"\"> Ou seja, a Fiocruz reconhece que n\u00e3o haveria espa\u00e7o suficiente para produzir a vacina da Takeda em sua totalidade na \u00e1rea fabril da funda\u00e7\u00e3o. Portanto, quando realizou o pedido para produzir o f\u00e1rmaco no Brasil, n\u00e3o previu a necessidade de fabricar o IFA no pa\u00eds. A produ\u00e7\u00e3o completa do medicamento em solo nacional, por\u00e9m, \u00e9 considerada um dos pilares para o programa de parcerias estabelecido pelo Governo Federal, explicou o Minist\u00e9rio da Sa\u00fade. <\/p>\n<p class=\" content-text__container \" data-track-category=\"Link no Texto\" data-track-links=\"\"> Diante desse cen\u00e1rio, a Fiocruz diz que n\u00e3o far\u00e1 outro pedido ao Minist\u00e9rio da Sa\u00fade (o que impossibilita a produ\u00e7\u00e3o dessa vacina aqui). <\/p>\n<p class=\" content-text__container \" data-track-category=\"Link no Texto\" data-track-links=\"\"> Em nota, a Takeda informou que \u201cesteve preparada e disposta para viabilizar a parceria\u201d. Diz ainda que segue aberta ao di\u00e1logo com o Minist\u00e9rio da Sa\u00fade e o Governo Federal para \u201ccontribuir com solu\u00e7\u00f5es que ampliem o acesso e fortale\u00e7am a capacidade nacional de imuniza\u00e7\u00e3o\u201d. <\/p>\n<p class=\" content-text__container \" data-track-category=\"Link no Texto\" data-track-links=\"\"> Vale dizer que a vacina j\u00e1 \u00e9 oferecida para os adolescentes de 10 a 14 anos brasileiros. Em entrevista ao GLOBO em dezembro, o presidente da Takeda afirmou que existe a proje\u00e7\u00e3o de entregar 18 milh\u00f5es de doses ao Brasil entre 2026 e 2027. O mesmo n\u00famero de doses tamb\u00e9m j\u00e1 tinha sido anunciado pelo ministro Alexandre Padilha, em coletiva de imprensa em novembro do ano passado. <\/p>\n","protected":false},"excerpt":{"rendered":"O Minist\u00e9rio da Sa\u00fade n\u00e3o aprovou o pedido da Funda\u00e7\u00e3o Oswaldo Cruz (Fiocruz) para estabelecer uma Parceria de&hellip;\n","protected":false},"author":2,"featured_media":223218,"comment_status":"","ping_status":"","sticky":false,"template":"","format":"standard","meta":{"footnotes":""},"categories":[86],"tags":[116,32,33,117],"class_list":{"0":"post-223217","1":"post","2":"type-post","3":"status-publish","4":"format-standard","5":"has-post-thumbnail","7":"category-saude","8":"tag-health","9":"tag-portugal","10":"tag-pt","11":"tag-saude"},"share_on_mastodon":{"url":"https:\/\/pubeurope.com\/@pt\/115869544879576390","error":""},"_links":{"self":[{"href":"https:\/\/www.europesays.com\/pt\/wp-json\/wp\/v2\/posts\/223217","targetHints":{"allow":["GET"]}}],"collection":[{"href":"https:\/\/www.europesays.com\/pt\/wp-json\/wp\/v2\/posts"}],"about":[{"href":"https:\/\/www.europesays.com\/pt\/wp-json\/wp\/v2\/types\/post"}],"author":[{"embeddable":true,"href":"https:\/\/www.europesays.com\/pt\/wp-json\/wp\/v2\/users\/2"}],"replies":[{"embeddable":true,"href":"https:\/\/www.europesays.com\/pt\/wp-json\/wp\/v2\/comments?post=223217"}],"version-history":[{"count":0,"href":"https:\/\/www.europesays.com\/pt\/wp-json\/wp\/v2\/posts\/223217\/revisions"}],"wp:featuredmedia":[{"embeddable":true,"href":"https:\/\/www.europesays.com\/pt\/wp-json\/wp\/v2\/media\/223218"}],"wp:attachment":[{"href":"https:\/\/www.europesays.com\/pt\/wp-json\/wp\/v2\/media?parent=223217"}],"wp:term":[{"taxonomy":"category","embeddable":true,"href":"https:\/\/www.europesays.com\/pt\/wp-json\/wp\/v2\/categories?post=223217"},{"taxonomy":"post_tag","embeddable":true,"href":"https:\/\/www.europesays.com\/pt\/wp-json\/wp\/v2\/tags?post=223217"}],"curies":[{"name":"wp","href":"https:\/\/api.w.org\/{rel}","templated":true}]}}