{"id":223221,"date":"2026-01-10T07:17:26","date_gmt":"2026-01-10T07:17:26","guid":{"rendered":"https:\/\/www.europesays.com\/pt\/223221\/"},"modified":"2026-01-10T07:17:26","modified_gmt":"2026-01-10T07:17:26","slug":"ja-imaginou-marcia-soares-de-cabelo-pelos-ombros-aconteceu-e-ela-mostra-tudo-primeira-companhia","status":"publish","type":"post","link":"https:\/\/www.europesays.com\/pt\/223221\/","title":{"rendered":"J\u00e1 imaginou Marcia Soares de cabelo pelos ombros? \u00abAconteceu\u00bb e ela mostra tudo &#8211; Primeira Companhia"},"content":{"rendered":"<p><strong>Marcia Soares<\/strong> partilhou recentemente nas redes sociais as <strong>dificuldades que estava a ter para &#8220;domar&#8221; a franja do cabelo<\/strong>. De seguida, mostrou-se no sal\u00e3o de beleza a queixar-se disso mesmo \u00e0 cabeleireira.<\/p>\n<p>Em tom de brincadeira, a cabeleireira mostrou-lhe como ficaria o seu cabelo se cortasse pelos ombros e o mais in\u00e9dito aconteceu: <strong>M\u00e1rcia partilhou uma fotografia com um &#8220;corte de cabelo radical&#8221;<\/strong>, com a descri\u00e7\u00e3o: \u00abAHAHAHA VOC\u00caS MATAM-ME\u00bb. Certamente ter\u00e1 sido algum seguidor a enviar-lhe essa imagem, visto que a fotografia original est\u00e1 no seu perfil de Instagram<\/p>\n<p>Veja a imagem.<\/p>\n<p><img loading=\"lazy\" decoding=\"async\" alt=\"\" height=\"500\" src=\"https:\/\/www.europesays.com\/pt\/wp-content\/uploads\/2026\/01\/69601b7ed34e92a344972a83.webp\" width=\"281\"\/><\/p>\n<p>O truque caseiro simples para tornar um cabelo liso sem vida num ondulado mega volumoso <\/p>\n<p data-end=\"642\" data-start=\"238\">Conseguir <strong data-end=\"292\" data-start=\"248\">ondas soltas, bem definidas e com volume<\/strong> em cabelo liso nem sempre \u00e9 uma tarefa simples. Entre fios que n\u00e3o seguram o caracol e acabamentos demasiado r\u00edgidos, o equil\u00edbrio certo exige t\u00e9cnica&#8230; e alguma paci\u00eancia. Foi precisamente isso que M\u00e1rcia Soares, ex-concorrente do Big Brother, mostrou numa recente publica\u00e7\u00e3o no Instagram, onde partilhou, de forma descontra\u00edda e honesta, o seu m\u00e9todo para alcan\u00e7ar este look.<\/p>\n<p data-end=\"813\" data-start=\"644\">\u00abFoi um pouco ca\u00f3tico, mas o resultado final vale sempre a pena\u00bb, escreveu a criadora de conte\u00fado, acompanhada de um v\u00eddeo onde revela, <strong data-end=\"795\" data-start=\"778\">passo a passo<\/strong>, todo o processo.<\/p>\n<p data-end=\"1165\" data-start=\"815\">Tudo come\u00e7a com o cabelo ainda h\u00famido. O primeiro passo \u00e9 a aplica\u00e7\u00e3o de <strong data-end=\"909\" data-start=\"888\">espuma modeladora<\/strong>, essencial para dar estrutura e ajudar a fixar a forma das ondas. O produto deve ser bem distribu\u00eddo, massajando o cabelo para garantir que chega a todo o comprimento. De seguida, o cabelo \u00e9 seco, j\u00e1 com o objetivo claro de criar <strong data-end=\"1164\" data-start=\"1141\">volume desde a raiz<\/strong>.<\/p>\n<p data-end=\"1530\" data-start=\"1167\">Com o cabelo completamente seco e solto, inicia-se a fase de defini\u00e7\u00e3o. M\u00e1rcia separa o cabelo em <strong data-end=\"1276\" data-start=\"1265\">sec\u00e7\u00f5es<\/strong>, o que permite um resultado mais uniforme. Utilizando um <strong data-end=\"1381\" data-start=\"1364\">encaracolador<\/strong>, vai moldando cada madeixa, o que d\u00e1 origem a carac\u00f3is que, pouco a pouco, come\u00e7am a transformar o cabelo liso num visual cheio de movimento e textura.<\/p>\n<p data-end=\"1832\" data-start=\"1532\">Depois de todas as sec\u00e7\u00f5es trabalhadas, entra a <strong data-end=\"1588\" data-start=\"1580\">laca<\/strong>, aplicada para fixar o penteado. O toque final faz toda a diferen\u00e7a: os carac\u00f3is s\u00e3o <strong data-end=\"1729\" data-start=\"1705\">abertos com um pente<\/strong>, o que suaviza o efeito e cria as t\u00e3o desejadas ondas soltas, definidas e com um acabamento mais leve.<\/p>\n<p data-end=\"1832\" data-start=\"1532\">\u00a0<\/p>\n<blockquote class=\"instagram-media\" data-instgrm-captioned=\"\" data-instgrm-permalink=\"https:\/\/www.instagram.com\/reel\/DRxxpG8DHm8\/?utm_source=ig_embed&amp;utm_campaign=loading\" data-instgrm-version=\"14\" style=\" background:#FFF; border:0; border-radius:3px; box-shadow:0 0 1px 0 rgba(0,0,0,0.5),0 1px 10px 0 rgba(0,0,0,0.15); margin: 1px; max-width:540px; min-width:326px; padding:0; width:99.375%; width:-webkit-calc(100% - 2px); width:calc(100% - 2px);\">\n<\/blockquote>\n<p>                        <script async src=\"\/\/www.instagram.com\/embed.js\"><\/script><\/p>\n","protected":false},"excerpt":{"rendered":"Marcia Soares partilhou recentemente nas redes sociais as dificuldades que estava a ter para &#8220;domar&#8221; a franja do&hellip;\n","protected":false},"author":2,"featured_media":223222,"comment_status":"","ping_status":"","sticky":false,"template":"","format":"standard","meta":{"footnotes":""},"categories":[142],"tags":[41536,6041,114,115,18705,2038,32,33,151,41535],"class_list":{"0":"post-223221","1":"post","2":"type-post","3":"status-publish","4":"format-standard","5":"has-post-thumbnail","7":"category-tv","8":"tag-bastidores-da-recruta","9":"tag-cabelo","10":"tag-entertainment","11":"tag-entretenimento","12":"tag-entrevistas-concorrentes-tvi","13":"tag-marcia-soares","14":"tag-portugal","15":"tag-pt","16":"tag-tv","17":"tag-vida-fora-da-base"},"share_on_mastodon":{"url":"https:\/\/pubeurope.com\/@pt\/115869584142934229","error":""},"_links":{"self":[{"href":"https:\/\/www.europesays.com\/pt\/wp-json\/wp\/v2\/posts\/223221","targetHints":{"allow":["GET"]}}],"collection":[{"href":"https:\/\/www.europesays.com\/pt\/wp-json\/wp\/v2\/posts"}],"about":[{"href":"https:\/\/www.europesays.com\/pt\/wp-json\/wp\/v2\/types\/post"}],"author":[{"embeddable":true,"href":"https:\/\/www.europesays.com\/pt\/wp-json\/wp\/v2\/users\/2"}],"replies":[{"embeddable":true,"href":"https:\/\/www.europesays.com\/pt\/wp-json\/wp\/v2\/comments?post=223221"}],"version-history":[{"count":0,"href":"https:\/\/www.europesays.com\/pt\/wp-json\/wp\/v2\/posts\/223221\/revisions"}],"wp:featuredmedia":[{"embeddable":true,"href":"https:\/\/www.europesays.com\/pt\/wp-json\/wp\/v2\/media\/223222"}],"wp:attachment":[{"href":"https:\/\/www.europesays.com\/pt\/wp-json\/wp\/v2\/media?parent=223221"}],"wp:term":[{"taxonomy":"category","embeddable":true,"href":"https:\/\/www.europesays.com\/pt\/wp-json\/wp\/v2\/categories?post=223221"},{"taxonomy":"post_tag","embeddable":true,"href":"https:\/\/www.europesays.com\/pt\/wp-json\/wp\/v2\/tags?post=223221"}],"curies":[{"name":"wp","href":"https:\/\/api.w.org\/{rel}","templated":true}]}}