{"id":223267,"date":"2026-01-10T08:38:06","date_gmt":"2026-01-10T08:38:06","guid":{"rendered":"https:\/\/www.europesays.com\/pt\/223267\/"},"modified":"2026-01-10T08:38:06","modified_gmt":"2026-01-10T08:38:06","slug":"bad-bunny-e-processado-em-us-16-milhoes-por-gravacao-de-voz-usada-em-duas-musicas","status":"publish","type":"post","link":"https:\/\/www.europesays.com\/pt\/223267\/","title":{"rendered":"Bad Bunny \u00e9 processado em US$ 16 milh\u00f5es por grava\u00e7\u00e3o de voz usada em duas m\u00fasicas"},"content":{"rendered":"\n<p class=\" content-text__container theme-color-primary-first-letter\" data-track-category=\"Link no Texto\" data-track-links=\"\"> O artista porto-riquenho <a class=\"\" href=\"https:\/\/oglobo.globo.com\/tudo-sobre\/personalidade\/bad-bunny\/\" rel=\"nofollow noopener\" target=\"_blank\">Bad Bunny<\/a> enfrenta um novo processo judicial em Porto Rico, no valor de US$ 16 milh\u00f5es. Nele \u00e9 apontado o uso n\u00e3o autorizado da voz de uma mulher em duas de suas produ\u00e7\u00f5es musicais mais conhecidas. O processo, que tamb\u00e9m tem como alvo o produtor do artista e a gravadora, foi apresentado na \u00faltima segunda-feira (5) em seu pa\u00eds. <\/p>\n<ul class=\"content-unordered-list\">\n<li><strong>Mais ouvidos:<\/strong> <a class=\"\" href=\"https:\/\/oglobo.globo.com\/cultura\/noticia\/2025\/12\/03\/bad-bunny-lidera-ranking-global-no-spotify-em-2025-e-lady-gaga-tem-marca-unica-no-top-10-brasil.ghtml\" rel=\"nofollow noopener\" target=\"_blank\">Bad Bunny lidera ranking global no Spotify em 2025 e Lady Gaga tem marca \u00fanica no top 10 Brasil<\/a><\/li>\n<li><strong>Retrospectiva 2025:<\/strong> <a class=\"\" href=\"https:\/\/oglobo.globo.com\/cultura\/musica\/noticia\/2025\/11\/30\/retrospectiva-2025-ano-da-musica-teve-lady-gaga-no-rio-joao-gomes-pelo-brasil-e-bad-bunny-no-mundo-todo.ghtml\" rel=\"nofollow noopener\" target=\"_blank\">Ano da m\u00fasica teve Lady Gaga no Rio, Jo\u00e3o Gomes pelo Brasil e Bad Bunny no mundo todo<\/a><\/li>\n<\/ul>\n<p class=\" content-text__container \" data-track-category=\"Link no Texto\" data-track-links=\"\"> Tainaly Y. Serrano Rivera alega no documento de 32 p\u00e1ginas que sua voz aparece de forma clara na faixa &#8220;Solo de Mi&#8221;, do \u00e1lbum X 100pre, lan\u00e7ado em 2018, e em &#8220;EoO&#8221;, do trabalho Deb\u00ed Tirar M\u00e1s Fotos, de 2025. <\/p>\n<p class=\" content-text__container \" data-track-category=\"Link no Texto\" data-track-links=\"\"> De acordo com ela, em ambas as m\u00fasicas \u00e9 dela a voz que canta o verso &#8220;Mira, pu\u00f1eta, no me quiten el perreo&#8221; (&#8220;Olha, droga, n\u00e3o tirem meu perreo&#8221;, em tradu\u00e7\u00e3o livre, que faz refer\u00eancia a um estilo de dan\u00e7a similar ao reggaeton). <\/p>\n<p class=\" content-text__container \" data-track-category=\"Link no Texto\" data-track-links=\"\"> Segundo o documento judicial, a voz ouvida dizendo esta frase pertence a Serrano e foi gravada a pedido do produtor Roberto Rosado, colaborador frequente de Bad Bunny. Segundo o processo obtido pela Billboard e pela Rolling Stone, a mulher afirma que nunca foi informada sobre a finalidade da grava\u00e7\u00e3o ou que ela seria usada para fins comerciais ou publicit\u00e1rios, al\u00e9m de n\u00e3o ter havido negocia\u00e7\u00e3o de um contrato, licen\u00e7a ou autoriza\u00e7\u00e3o por escrito para uso nas can\u00e7\u00f5es. <\/p>\n<ul class=\"content-unordered-list\">\n<li><strong>Papa Le\u00e3o, Bad Bunny, Labubu e pessoas que n\u00e3o existem:<\/strong> <a class=\"\" href=\"https:\/\/oglobo.globo.com\/ela\/noticia\/2025\/12\/09\/papa-leao-bad-bunny-labubu-e-pessoas-que-nao-existem-ny-times-divulga-lista-de-mais-estilosos-de-2025.ghtml\" rel=\"nofollow noopener\" target=\"_blank\">New York Times divulga lista de mais &#8216;estilosos&#8217; de 2025<\/a><\/li>\n<\/ul>\n<p class=\" content-text__container \" data-track-category=\"Link no Texto\" data-track-links=\"\"> Al\u00e9m de a frase constar nas m\u00fasicas, ainda se tornou um bord\u00e3o conhecido do artista, que a utiliza para vender camisetas e outros produtos, destacou a revista Rolling Stone. <\/p>\n<p class=\" content-text__container \" data-track-category=\"Link no Texto\" data-track-links=\"\"> Em decorr\u00eancia desses eventos, Serrano est\u00e1 processando Bad Bunny, Roberto Rosado e a Rimas Entertainment por supostas viola\u00e7\u00f5es de seu direito \u00e0 privacidade e ao uso de sua imagem. At\u00e9 o momento, nem o artista nem sua equipe jur\u00eddica emitiram um comunicado oficial sobre essa nova a\u00e7\u00e3o judicial. <\/p>\n<p class=\" content-text__container \" data-track-category=\"Link no Texto\" data-track-links=\"\"> Esse novo caso apresenta semelhan\u00e7as com um processo anterior, movido em 2023 por Carliz De La Cruz Hern\u00e1ndez, ex-companheira do cantor, que tamb\u00e9m o acusou de usar sua voz sem autoriza\u00e7\u00e3o em can\u00e7\u00f5es de sucesso, lembrou o El Tiempo. Esse caso ainda n\u00e3o teve uma decis\u00e3o final. <\/p>\n","protected":false},"excerpt":{"rendered":"O artista porto-riquenho Bad Bunny enfrenta um novo processo judicial em Porto Rico, no valor de US$ 16&hellip;\n","protected":false},"author":2,"featured_media":223268,"comment_status":"","ping_status":"","sticky":false,"template":"","format":"standard","meta":{"footnotes":""},"categories":[145],"tags":[18582,211,210,114,115,319,32,33,318],"class_list":{"0":"post-223267","1":"post","2":"type-post","3":"status-publish","4":"format-standard","5":"has-post-thumbnail","7":"category-celebridades","8":"tag-bad-bunny","9":"tag-celebridades","10":"tag-celebrities","11":"tag-entertainment","12":"tag-entretenimento","13":"tag-hard-news","14":"tag-portugal","15":"tag-pt","16":"tag-radar"},"share_on_mastodon":{"url":"https:\/\/pubeurope.com\/@pt\/115869902810751173","error":""},"_links":{"self":[{"href":"https:\/\/www.europesays.com\/pt\/wp-json\/wp\/v2\/posts\/223267","targetHints":{"allow":["GET"]}}],"collection":[{"href":"https:\/\/www.europesays.com\/pt\/wp-json\/wp\/v2\/posts"}],"about":[{"href":"https:\/\/www.europesays.com\/pt\/wp-json\/wp\/v2\/types\/post"}],"author":[{"embeddable":true,"href":"https:\/\/www.europesays.com\/pt\/wp-json\/wp\/v2\/users\/2"}],"replies":[{"embeddable":true,"href":"https:\/\/www.europesays.com\/pt\/wp-json\/wp\/v2\/comments?post=223267"}],"version-history":[{"count":0,"href":"https:\/\/www.europesays.com\/pt\/wp-json\/wp\/v2\/posts\/223267\/revisions"}],"wp:featuredmedia":[{"embeddable":true,"href":"https:\/\/www.europesays.com\/pt\/wp-json\/wp\/v2\/media\/223268"}],"wp:attachment":[{"href":"https:\/\/www.europesays.com\/pt\/wp-json\/wp\/v2\/media?parent=223267"}],"wp:term":[{"taxonomy":"category","embeddable":true,"href":"https:\/\/www.europesays.com\/pt\/wp-json\/wp\/v2\/categories?post=223267"},{"taxonomy":"post_tag","embeddable":true,"href":"https:\/\/www.europesays.com\/pt\/wp-json\/wp\/v2\/tags?post=223267"}],"curies":[{"name":"wp","href":"https:\/\/api.w.org\/{rel}","templated":true}]}}