{"id":223269,"date":"2026-01-10T08:39:09","date_gmt":"2026-01-10T08:39:09","guid":{"rendered":"https:\/\/www.europesays.com\/pt\/223269\/"},"modified":"2026-01-10T08:39:09","modified_gmt":"2026-01-10T08:39:09","slug":"pintura-anonima-em-leilao-revela-duas-obras-de-peter-paul-rubens","status":"publish","type":"post","link":"https:\/\/www.europesays.com\/pt\/223269\/","title":{"rendered":"Pintura an\u00f4nima em leil\u00e3o revela duas obras de Peter Paul Rubens"},"content":{"rendered":"<p>Imagina comprar uma <a href=\"https:\/\/aventurasnahistoria.com.br\/noticias\/reportagem\/a-obra-de-arte-invisivel-que-foi-vendida-por-us-18-mil.phtml\" rel=\"nofollow noopener\" target=\"_blank\">obra<\/a> de arte an\u00f4nima em um leil\u00e3o na internet e, ao observar com aten\u00e7\u00e3o, perceber que a figura de um senhor idoso, careca, com uma barba espessa, de ponta-cabe\u00e7a, se transforma na de uma jovem simp\u00e1tica, com longos cabelos e uma coroa de tran\u00e7as.<\/p>\n<p data-start=\"108\" data-end=\"462\">Mas esse n\u00e3o \u00e9 o ponto mais impressionante da obra, que re\u00fane uma engenhosa ilus\u00e3o de \u00f3tica. Ela foi pintada por <strong>Peter Paul Rubens<\/strong>, mestre barroco flamengo, e adquirida h\u00e1 tr\u00eas anos pelo negociante de arte belga <strong>Klaas Mulle<\/strong>r. Ele n\u00e3o comprou apenas um, mas duas obras do artista em uma \u00fanica pintura, pagando menos de 100.000 euros em um leil\u00e3o online.<\/p>\n<p> Do leil\u00e3o \u00e0 certeza de um mestre <\/p>\n<p data-start=\"170\" data-end=\"568\">De acordo com o jornal The Guardian, o leiloeiro, que <strong>Muller<\/strong> descreveu apenas como uma \u201ccasa de leil\u00f5es pouco conhecida no norte da Europa\u201d para n\u00e3o atrair concorr\u00eancia, apresentou a obra como um estudo em papel sem data, atribu\u00eddo a um artista an\u00f4nimo da escola flamenga. Nos \u00faltimos anos, pinturas de <strong>Rubens<\/strong> t\u00eam sido vendidas por valores entre 500 mil e 1 milh\u00e3o de libras esterlinas ou mais.<\/p>\n<blockquote>\n<p>Eu n\u00e3o tinha certeza se era um <strong>Rubens<\/strong>, s\u00f3 sabia que era muito parecido com o estilo dele, ent\u00e3o ainda era uma aposta\u201d, disse <strong>Muller<\/strong>, que se descreve como um admirador apaixonado pelo artista e diplomata nascido em 1577. \u201cTenho uma biblioteca de livros sobre ele em casa e os consulto quase todas as noites\u201d, disse ele ao Guardian. \u201c\u00c9 quase um v\u00edcio.\u201d<\/p>\n<\/blockquote>\n<p data-start=\"184\" data-end=\"380\"><strong>Muller<\/strong> se sentiu mais seguro quando a pintura chegou \u00e0 sua casa. Estava muito suja, mas o verniz havia protegido a obra, e ele p\u00f4de perceber que se tratava de um trabalho de alt\u00edssima qualidade.<\/p>\n<p data-start=\"382\" data-end=\"613\">No entanto, foi apenas depois de v\u00e1rios meses de <a href=\"https:\/\/aventurasnahistoria.com.br\/noticias\/historia-hoje\/estudo-desvenda-quem-vive-mais-de-100-anos.phtml\" rel=\"nofollow noopener\" target=\"_blank\">estudo<\/a>, no ano passado, pelo historiador de arte <strong>Ben van Beneden<\/strong>, ex-diretor da Casa de Rubens, que <strong>Muller<\/strong> come\u00e7ou a ter certeza de que havia adquirido um verdadeiro mestre antigo.<\/p>\n<p> O velho que se repete nas obras <\/p>\n<p data-start=\"834\" data-end=\"1031\">O velho retratado na pintura tamb\u00e9m aparece em outras obras conhecidas de <strong>Rubens<\/strong>, mostrando como o artista reutilizava modelos em diferentes contextos.<\/p>\n<p data-start=\"834\" data-end=\"1031\">Em \u201cA Eleva\u00e7\u00e3o da Cruz\u201d, na Catedral de Antu\u00e9rpia, ele \u00e9 Santo Amandus; em \u201cA Adora\u00e7\u00e3o dos Magos\u201d, no Museu do Prado, em Madrid, representa o Rei Melquior, vestido de vermelho; e em \u201cO Tributo\u201d, no Museu da Legi\u00e3o de Honra, em S\u00e3o Francisco, surge como o fariseu que observa Jesus por tr\u00e1s.<\/p>\n<p data-start=\"158\" data-end=\"767\"><strong>Rubens<\/strong>, influenciado por pintores italianos, reunia diferentes tipos de rostos para usar em pinturas maiores, e <strong>Muller<\/strong> pode ter encontrado um prot\u00f3tipo perdido da cabe\u00e7a do velho. Al\u00e9m disso, a figura feminina dentro da barba foi pintada primeiro, provavelmente reaproveitando um papel antigo.<\/p>\n<p data-start=\"158\" data-end=\"767\">Recentemente, outra obra do mestre flamengo, \u201cCristo na Cruz\u201d (1614-1615), foi descoberta em <a href=\"https:\/\/aventurasnahistoria.com.br\/noticias\/reportagem\/ha-200-anos-turistas-visitavam-paris-para-verem-cadaveres-em-decomposicao.phtml\" rel=\"nofollow noopener\" target=\"_blank\">Paris<\/a> e vendida por 2,3 milh\u00f5es de euros. Hoje, a pintura adquirida por <strong>Muller<\/strong> est\u00e1 em sua casa e ser\u00e1 exibida na feira Brafa, em Bruxelas, em 25 de janeiro, com possibilidade de empr\u00e9stimo a museus.<\/p>\n","protected":false},"excerpt":{"rendered":"Imagina comprar uma obra de arte an\u00f4nima em um leil\u00e3o na internet e, ao observar com aten\u00e7\u00e3o, perceber&hellip;\n","protected":false},"author":2,"featured_media":223270,"comment_status":"","ping_status":"","sticky":false,"template":"","format":"standard","meta":{"footnotes":""},"categories":[144],"tags":[207,43092,205,206,203,201,202,3471,204,114,115,43093,3646,13,43094,43091,32,33],"class_list":{"0":"post-223269","1":"post","2":"type-post","3":"status-publish","4":"format-standard","5":"has-post-thumbnail","7":"category-arte-e-design","8":"tag-arte","9":"tag-arte-barroca","10":"tag-arte-e-design","11":"tag-artedesign","12":"tag-arts","13":"tag-arts-and-design","14":"tag-artsanddesign","15":"tag-curiosidades","16":"tag-design","17":"tag-entertainment","18":"tag-entretenimento","19":"tag-ilusao-de-otica","20":"tag-leilao","21":"tag-noticias","22":"tag-obra-perdida","23":"tag-peter-paul-rubens","24":"tag-portugal","25":"tag-pt"},"share_on_mastodon":{"url":"https:\/\/pubeurope.com\/@pt\/115869906528345268","error":""},"_links":{"self":[{"href":"https:\/\/www.europesays.com\/pt\/wp-json\/wp\/v2\/posts\/223269","targetHints":{"allow":["GET"]}}],"collection":[{"href":"https:\/\/www.europesays.com\/pt\/wp-json\/wp\/v2\/posts"}],"about":[{"href":"https:\/\/www.europesays.com\/pt\/wp-json\/wp\/v2\/types\/post"}],"author":[{"embeddable":true,"href":"https:\/\/www.europesays.com\/pt\/wp-json\/wp\/v2\/users\/2"}],"replies":[{"embeddable":true,"href":"https:\/\/www.europesays.com\/pt\/wp-json\/wp\/v2\/comments?post=223269"}],"version-history":[{"count":0,"href":"https:\/\/www.europesays.com\/pt\/wp-json\/wp\/v2\/posts\/223269\/revisions"}],"wp:featuredmedia":[{"embeddable":true,"href":"https:\/\/www.europesays.com\/pt\/wp-json\/wp\/v2\/media\/223270"}],"wp:attachment":[{"href":"https:\/\/www.europesays.com\/pt\/wp-json\/wp\/v2\/media?parent=223269"}],"wp:term":[{"taxonomy":"category","embeddable":true,"href":"https:\/\/www.europesays.com\/pt\/wp-json\/wp\/v2\/categories?post=223269"},{"taxonomy":"post_tag","embeddable":true,"href":"https:\/\/www.europesays.com\/pt\/wp-json\/wp\/v2\/tags?post=223269"}],"curies":[{"name":"wp","href":"https:\/\/api.w.org\/{rel}","templated":true}]}}