{"id":223274,"date":"2026-01-10T08:45:05","date_gmt":"2026-01-10T08:45:05","guid":{"rendered":"https:\/\/www.europesays.com\/pt\/223274\/"},"modified":"2026-01-10T08:45:05","modified_gmt":"2026-01-10T08:45:05","slug":"novo-remedio-contra-alzheimer-desacelera-a-doenca-mas-nao-e-cura","status":"publish","type":"post","link":"https:\/\/www.europesays.com\/pt\/223274\/","title":{"rendered":"Novo rem\u00e9dio contra Alzheimer desacelera a doen\u00e7a, mas n\u00e3o \u00e9 cura;"},"content":{"rendered":"\n<p class=\" content-text__container \" data-track-category=\"Link no Texto\" data-track-links=\"\"> Para Renato Anghinah, neurologista e professor livre-docente da Faculdade de Medicina da Universidade de S\u00e3o Paulo (FMUSP),<strong> o avan\u00e7o abre caminho para o desenvolvimento de novos medicamentos, com potencial de alcan\u00e7ar uma efic\u00e1cia ainda maior<\/strong>. \u201cA cada degrau, a gente vai avan\u00e7ando, ainda que de forma lenta, mas sempre trazendo mais esperan\u00e7a para o futuro. \u00c9 um medicamento de custo alto e que ainda n\u00e3o entrega tudo o que se espera, mas j\u00e1 \u00e9 muito melhor do que o que t\u00ednhamos at\u00e9 agora\u201d, destaca. <\/p>\n","protected":false},"excerpt":{"rendered":"Para Renato Anghinah, neurologista e professor livre-docente da Faculdade de Medicina da Universidade de S\u00e3o Paulo (FMUSP), o&hellip;\n","protected":false},"author":2,"featured_media":223275,"comment_status":"","ping_status":"","sticky":false,"template":"","format":"standard","meta":{"footnotes":""},"categories":[86],"tags":[116,32,33,117],"class_list":{"0":"post-223274","1":"post","2":"type-post","3":"status-publish","4":"format-standard","5":"has-post-thumbnail","7":"category-saude","8":"tag-health","9":"tag-portugal","10":"tag-pt","11":"tag-saude"},"share_on_mastodon":{"url":"https:\/\/pubeurope.com\/@pt\/115869930199266300","error":""},"_links":{"self":[{"href":"https:\/\/www.europesays.com\/pt\/wp-json\/wp\/v2\/posts\/223274","targetHints":{"allow":["GET"]}}],"collection":[{"href":"https:\/\/www.europesays.com\/pt\/wp-json\/wp\/v2\/posts"}],"about":[{"href":"https:\/\/www.europesays.com\/pt\/wp-json\/wp\/v2\/types\/post"}],"author":[{"embeddable":true,"href":"https:\/\/www.europesays.com\/pt\/wp-json\/wp\/v2\/users\/2"}],"replies":[{"embeddable":true,"href":"https:\/\/www.europesays.com\/pt\/wp-json\/wp\/v2\/comments?post=223274"}],"version-history":[{"count":0,"href":"https:\/\/www.europesays.com\/pt\/wp-json\/wp\/v2\/posts\/223274\/revisions"}],"wp:featuredmedia":[{"embeddable":true,"href":"https:\/\/www.europesays.com\/pt\/wp-json\/wp\/v2\/media\/223275"}],"wp:attachment":[{"href":"https:\/\/www.europesays.com\/pt\/wp-json\/wp\/v2\/media?parent=223274"}],"wp:term":[{"taxonomy":"category","embeddable":true,"href":"https:\/\/www.europesays.com\/pt\/wp-json\/wp\/v2\/categories?post=223274"},{"taxonomy":"post_tag","embeddable":true,"href":"https:\/\/www.europesays.com\/pt\/wp-json\/wp\/v2\/tags?post=223274"}],"curies":[{"name":"wp","href":"https:\/\/api.w.org\/{rel}","templated":true}]}}