{"id":223297,"date":"2026-01-10T09:07:15","date_gmt":"2026-01-10T09:07:15","guid":{"rendered":"https:\/\/www.europesays.com\/pt\/223297\/"},"modified":"2026-01-10T09:07:15","modified_gmt":"2026-01-10T09:07:15","slug":"cabanas-das-fadas-maden-group","status":"publish","type":"post","link":"https:\/\/www.europesays.com\/pt\/223297\/","title":{"rendered":"Cabanas das Fadas \/ Maden Group"},"content":{"rendered":"<p><a class=\"js-image-size__link \" href=\"https:\/\/www.archdaily.com.br\/br\/1037536\/cabanas-das-fadas-maden-group\/6958038574d734000136daa0-kasollet-e-zanave-maden-group-photo\" rel=\"attachment nofollow noopener\" style=\"width: 100%; height: 100%;\" target=\"_blank\"><img decoding=\"async\" alt=\"Cabanas das Fadas \/ Maden Group - Imagem 1 de 25\" data-nr-picture-id=\"6958038574d734000136daa0\" fetchpriority=\"high\" height=\"389\" itemprop=\"image\" loading=\"eager\" longdesc=\"https:\/\/www.archdaily.com.br\/br\/1037536\/cabanas-das-fadas-maden-group\/6958038574d734000136daa0-kasollet-e-zanave-maden-group-photo\" src=\"https:\/\/www.europesays.com\/pt\/wp-content\/uploads\/2026\/01\/1768036032_674_1.jpg\" style=\"min-height: var(--featured-height, auto); aspect-ratio: auto 640 \/ 389\" width=\"640\"\/><\/a>\u00a9 Leonit Ibrahimi, Moviola Studio.<\/p>\n<p class=\"thumbs afd-desktop-e clearfix\"><a class=\"thumbs__link\" data-nr-picture-id=\"6958038274d734000136da8f\" href=\"https:\/\/www.archdaily.com.br\/br\/1037536\/cabanas-das-fadas-maden-group\/6958038274d734000136da8f-kasollet-e-zanave-maden-group-photo\" rel=\"attachment nofollow noopener\" target=\"_blank\"><img loading=\"lazy\" decoding=\"async\" alt=\"Cabanas das Fadas \/ Maden Group - Imagem 2 de 25\" class=\"thumbs__img b-lazy\" data-nr-picture-id=\"6958038274d734000136da8f\" data-pin-nopin=\"true\" src=\"https:\/\/www.europesays.com\/pt\/wp-content\/uploads\/2026\/01\/0.1.jpg\" height=\"125\" longdesc=\"https:\/\/www.archdaily.com.br\/br\/1037536\/cabanas-das-fadas-maden-group\/6958038274d734000136da8f-kasollet-e-zanave-maden-group-photo\" title=\"\u00a9 Leonit Ibrahimi, Moviola Studio.\" width=\"125\"\/><\/a><a class=\"thumbs__link\" data-nr-picture-id=\"6958038474d734000136da95\" href=\"https:\/\/www.archdaily.com.br\/br\/1037536\/cabanas-das-fadas-maden-group\/6958038474d734000136da95-kasollet-e-zanave-maden-group-photo\" rel=\"attachment nofollow noopener\" target=\"_blank\"><img loading=\"lazy\" decoding=\"async\" alt=\"Cabanas das Fadas \/ Maden Group - Fotografia de Exterior\" class=\"thumbs__img b-lazy\" data-nr-picture-id=\"6958038474d734000136da95\" data-pin-nopin=\"true\" src=\"https:\/\/www.europesays.com\/pt\/wp-content\/uploads\/2026\/01\/9.jpg\" height=\"125\" longdesc=\"https:\/\/www.archdaily.com.br\/br\/1037536\/cabanas-das-fadas-maden-group\/6958038474d734000136da95-kasollet-e-zanave-maden-group-photo\" title=\"\u00a9 Leonit Ibrahimi, Moviola Studio.\" width=\"125\"\/><\/a><a class=\"thumbs__link\" data-nr-picture-id=\"6958038574d734000136da97\" href=\"https:\/\/www.archdaily.com.br\/br\/1037536\/cabanas-das-fadas-maden-group\/6958038574d734000136da97-kasollet-e-zanave-maden-group-photo\" rel=\"attachment nofollow noopener\" target=\"_blank\"><img loading=\"lazy\" decoding=\"async\" alt=\"Cabanas das Fadas \/ Maden Group - Fotografia de Interiores, Madeira\" class=\"thumbs__img b-lazy\" data-nr-picture-id=\"6958038574d734000136da97\" data-pin-nopin=\"true\" src=\"https:\/\/www.europesays.com\/pt\/wp-content\/uploads\/2026\/01\/13.jpg\" height=\"125\" longdesc=\"https:\/\/www.archdaily.com.br\/br\/1037536\/cabanas-das-fadas-maden-group\/6958038574d734000136da97-kasollet-e-zanave-maden-group-photo\" title=\"\u00a9 Leonit Ibrahimi, Moviola Studio.\" width=\"125\"\/><\/a><a class=\"thumbs__link\" data-nr-picture-id=\"6958038474d734000136da96\" href=\"https:\/\/www.archdaily.com.br\/br\/1037536\/cabanas-das-fadas-maden-group\/6958038474d734000136da96-kasollet-e-zanave-maden-group-photo\" rel=\"attachment nofollow noopener\" target=\"_blank\"><img loading=\"lazy\" decoding=\"async\" alt=\"Cabanas das Fadas \/ Maden Group - Fotografia de Interiores, Sala de Jantar, Cadeira\" class=\"thumbs__img b-lazy\" data-nr-picture-id=\"6958038474d734000136da96\" data-pin-nopin=\"true\" src=\"https:\/\/www.europesays.com\/pt\/wp-content\/uploads\/2026\/01\/10.jpg\" height=\"125\" longdesc=\"https:\/\/www.archdaily.com.br\/br\/1037536\/cabanas-das-fadas-maden-group\/6958038474d734000136da96-kasollet-e-zanave-maden-group-photo\" title=\"\u00a9 Leonit Ibrahimi, Moviola Studio.\" width=\"125\"\/><\/a><a class=\"gallery-link afd-desktop-e\" href=\"https:\/\/www.archdaily.com.br\/br\/1037536\/cabanas-das-fadas-maden-group\/6958038574d734000136daa0-kasollet-e-zanave-maden-group-photo\" rel=\"nofollow noopener\" target=\"_blank\"><img decoding=\"async\" alt=\"Cabanas das Fadas \/ Maden Group - Mais Imagens\" class=\"thumbs__img b-lazy\" src=\"https:\/\/www.europesays.com\/pt\/wp-content\/uploads\/2026\/01\/1768036032_674_1.jpg\" itemprop=\"image\" bad-src=\"data:image\/gif;base64,R0lGODlhAQABAIAAAAUEBAAAACwAAAAAAQABAAACAkQBADs=\"\/>+ 20<\/a><\/p>\n<p>    Compartilhar<\/p>\n<p>Compartilhar<\/p>\n<ul class=\"afd-share__networks clearfix\">\n<li class=\"afd-share__social\"><a aria-label=\"Facebook\" class=\"afd-share__button\" data-insights-category=\"share\" data-insights-label=\"facebook_sharing_options\" data-insights-value=\"1037536\" data-social=\"facebook\" href=\"https:\/\/www.facebook.com\/sharer\/sharer.php?u=https:\/\/www.archdaily.com.br\/br\/1037536\/cabanas-das-fadas-maden-group\" rel=\"nofollow noopener\" target=\"_blank\"><\/a>\n<p>Facebook<\/p>\n<\/li>\n<li class=\"afd-share__social\"><a aria-label=\"Twitter\" class=\"afd-share__button\" data-insights-category=\"share\" data-insights-label=\"twitter_sharing_options\" data-insights-value=\"1037536\" data-social=\"twitter\" href=\"https:\/\/twitter.com\/intent\/tweet?text=Cabanas%20das%20Fadas%20%2F%20Maden%20Group&amp;url=https:\/\/www.archdaily.com.br\/br\/1037536\/cabanas-das-fadas-maden-group&amp;via=archdailybr\" rel=\"nofollow noopener\" target=\"_blank\"><\/a>\n<p>Twitter<\/p>\n<\/li>\n<li class=\"afd-share__social\"><a class=\"afd-share__button\" data-insights-category=\"share\" data-insights-label=\"email_sharing_options\" data-insights-value=\"1037536\" data-social=\"email\" href=\"mailto:?subject=Cabanas das Fadas \/ Maden Group&amp;body=https:\/\/www.archdaily.com.br\/br\/1037536\/cabanas-das-fadas-maden-group\"><\/a>\n<p>Mail<\/p>\n<\/li>\n<li class=\"afd-share__social\"><a aria-label=\"Pinterest\" class=\"afd-share__button\" data-insights-category=\"share\" data-insights-label=\"pinterest_sharing_options\" data-insights-value=\"1037536\" data-social=\"pinterest\" href=\"https:\/\/pinterest.com\/pin\/create\/button\/?url=https%3A%2F%2Fwww.archdaily.com.br%2Fbr%2F1037536%2Fcabanas-das-fadas-maden-group&amp;media=https%3A%2F%2Fimages.adsttc.com%2Fmedia%2Fimages%2F6958%2F0385%2F74d7%2F3400%2F0136%2Fdaa0%2Flarge_jpg%2F1.jpg%3F1767375872&amp;description=Cabanas%20das%20Fadas%20%2F%20Maden%20Group\" rel=\"nofollow noopener\" target=\"_blank\"><\/a>\n<p>Pinterest<\/p>\n<\/li>\n<li class=\"afd-share__social\"><a aria-label=\"Whatsapp\" class=\"afd-share__button\" data-action=\"share\/whatsapp\/share\" data-insights-category=\"share\" data-insights-label=\"whatsapp_sharing_options\" data-insights-value=\"1037536\" data-social=\"whatsapp\" href=\"whatsapp:\/\/send?text=Cabanas+das+Fadas+%2F+Maden+Group+%7C+https%3A%2F%2Fwww.archdaily.com.br%2Fbr%2F1037536%2Fcabanas-das-fadas-maden-group%3Futm_source%3DWhatsapp%26utm_medium%3DIM%26utm_campaign%3Dshare-button\" rel=\"nofollow\"><\/a>\n<p>Whatsapp<\/p>\n<\/li>\n<\/ul>\n<p>Ou<\/p>\n<p>https:\/\/www.archdaily.com.br\/br\/1037536\/cabanas-das-fadas-maden-group<\/p>\n<ul class=\"afd-char-list afd-specs__item-container js-char-list\">\n<li class=\"afd-specs__item\">\n<\/li>\n<li class=\"afd-specs__item\">\n  \u00c1rea<br \/>\n  \u00c1rea deste projeto de arquitetura<\/p>\n<p>\u00c1rea:\u00a0<br \/>\n        <a href=\"https:\/\/www.archdaily.com.br\/search\/br\/projects\/min_area\/104000\/max_area\/156000?ad_name=project-specs&amp;ad_medium=single\" rel=\"nofollow noopener\" target=\"_blank\">130000<\/a> m\u00b2<\/li>\n<li class=\"afd-specs__item\">\n<p>  Ano<br \/>\n  Ano de conclus\u00e3o deste projeto de arquitetura<\/p>\n<p>            Ano:\u00a0<\/p>\n<p>                    <a href=\"https:\/\/www.archdaily.com.br\/search\/br\/projects\/year\/2025?ad_name=project-specs&amp;ad_medium=single\" rel=\"nofollow noopener\" target=\"_blank\"><br \/>\n          2025<br \/>\n        <\/a><\/p>\n<\/li>\n<li class=\"afd-specs__item\">\n<p>  Fot\u00f3grafo<\/p>\n<\/li>\n<li class=\"afd-specs__item\">\n<p>  Fabricantes<br \/>\n  Marcas com produtos usados neste projeto de arquitetura<\/p>\n<p>Fabricantes: \u00a0Orendi<\/p>\n<\/li>\n<\/ul>\n<p><a class=\"js-image-size__link lazy-anchor\" href=\"https:\/\/www.archdaily.com.br\/br\/1037536\/cabanas-das-fadas-maden-group\/6958038274d734000136da8f-kasollet-e-zanave-maden-group-photo\" rel=\"nofollow noopener\" target=\"_blank\"><img decoding=\"async\" alt=\"Cabanas das Fadas \/ Maden Group - Imagem 2 de 25\" data-nr-picture-id=\"6958038274d734000136da8f\" height=\"427\" itemprop=\"image\" loading=\"lazy\" longdesc=\"https:\/\/www.archdaily.com.br\/br\/1037536\/cabanas-das-fadas-maden-group\/6958038274d734000136da8f-kasollet-e-zanave-maden-group-photo\" src=\"https:\/\/www.europesays.com\/pt\/wp-content\/uploads\/2026\/01\/1768036033_423_0.1.jpg\" width=\"640\"\/>\u00a9 Leonit Ibrahimi, Moviola Studio.<\/a><a class=\"js-image-size__link lazy-anchor\" href=\"https:\/\/www.archdaily.com.br\/br\/1037536\/cabanas-das-fadas-maden-group\/6958038574d734000136da9c-kasollet-e-zanave-maden-group-photo\" rel=\"nofollow noopener\" target=\"_blank\"><img decoding=\"async\" alt=\"Cabanas das Fadas \/ Maden Group - Imagem 6 de 25\" data-nr-picture-id=\"6958038574d734000136da9c\" height=\"427\" itemprop=\"image\" loading=\"lazy\" longdesc=\"https:\/\/www.archdaily.com.br\/br\/1037536\/cabanas-das-fadas-maden-group\/6958038574d734000136da9c-kasollet-e-zanave-maden-group-photo\" src=\"https:\/\/www.europesays.com\/pt\/wp-content\/uploads\/2026\/01\/25.jpg\" width=\"640\"\/>\u00a9 Leonit Ibrahimi, Moviola Studio.<\/a><\/p>\n<p>Descri\u00e7\u00e3o enviada pela equipe de projeto. Na paisagem silenciosa de Prapashtic\u00eb, Kasollet e Zanave \u2014 literalmente \u201cCabanas das Fadas\u201d \u2014 se insere em um territ\u00f3rio onde pessoas, animais e natureza compartilham o mesmo espa\u00e7o, e gestos arquitet\u00f4nicos simples se constroem delicadamente a partir das estruturas agr\u00edcolas existentes. A abordagem de projeto desenvolvida pelo Maden Group est\u00e1 enraizada no conceito de interconex\u00e3o ambiental; a arquitetura atua como mediadora entre pessoas, natureza e tradi\u00e7\u00e3o. Em vez de substituir o que j\u00e1 existia, o projeto se apoia nessas preexist\u00eancias, utilizando materiais naturais e estrat\u00e9gias espaciais que enfatizam continuidade e autenticidade.<\/p>\n<p><a class=\"js-image-size__link lazy-anchor\" href=\"https:\/\/www.archdaily.com.br\/br\/1037536\/cabanas-das-fadas-maden-group\/6958038574d734000136daa6-kasollet-e-zanave-maden-group-plan-ground-floor\" rel=\"nofollow noopener\" target=\"_blank\"><img decoding=\"async\" alt=\"Cabanas das Fadas \/ Maden Group - Imagem 17 de 25\" data-nr-picture-id=\"6958038574d734000136daa6\" height=\"427\" itemprop=\"image\" loading=\"lazy\" longdesc=\"https:\/\/www.archdaily.com.br\/br\/1037536\/cabanas-das-fadas-maden-group\/6958038574d734000136daa6-kasollet-e-zanave-maden-group-plan-ground-floor\" src=\"https:\/\/www.europesays.com\/pt\/wp-content\/uploads\/2026\/01\/05._The_Ground_Floor_AG.jpg\" width=\"640\"\/>Planta &#8211; T\u00e9rreo<\/a><\/p>\n<p>Localizado em uma \u00e1rea aberta, o projeto \u00e9 definido por estruturas tradicionais e por uma forte rela\u00e7\u00e3o com a natureza. A proposta foi transformar um complexo agr\u00edcola existente em um ambiente de hospitalidade multifuncional, capaz de respeitar sua identidade rural ao mesmo tempo em que introduz novos programas e confortos contempor\u00e2neos. Um dos principais desafios foi a reutiliza\u00e7\u00e3o adaptativa de um antigo est\u00e1bulo, que exigiu uma transforma\u00e7\u00e3o sens\u00edvel de uma edifica\u00e7\u00e3o agr\u00edcola em um espa\u00e7o acolhedor. O edif\u00edcio de recep\u00e7\u00e3o foi convertido de antigo est\u00e1bulo em uma estrutura multifuncional, abrigando um mercado no t\u00e9rreo, escrit\u00f3rios no pavimento superior e \u00e1reas de descanso para funcion\u00e1rios. Essa transforma\u00e7\u00e3o foi viabilizada pelo uso de materiais naturais como madeira, tijolos de barro e palha, escolhidos por sua sustentabilidade, desempenho t\u00e9rmico e harmonia visual com o contexto rural.<\/p>\n<p><a class=\"js-image-size__link lazy-anchor\" href=\"https:\/\/www.archdaily.com.br\/br\/1037536\/cabanas-das-fadas-maden-group\/6958038574d734000136da9a-kasollet-e-zanave-maden-group-photo\" rel=\"nofollow noopener\" target=\"_blank\"><img decoding=\"async\" alt=\"Cabanas das Fadas \/ Maden Group - Fotografia de Exterior\" data-nr-picture-id=\"6958038574d734000136da9a\" height=\"427\" itemprop=\"image\" loading=\"lazy\" longdesc=\"https:\/\/www.archdaily.com.br\/br\/1037536\/cabanas-das-fadas-maden-group\/6958038574d734000136da9a-kasollet-e-zanave-maden-group-photo\" src=\"https:\/\/www.europesays.com\/pt\/wp-content\/uploads\/2026\/01\/1768036034_38_23.jpg\" width=\"640\"\/>\u00a9 Leonit Ibrahimi, Moviola Studio.<\/a><\/p>\n<p>O design de interiores refor\u00e7a essa narrativa ao combinar elementos tradicionais com uma linguagem arquitet\u00f4nica contempor\u00e2nea. Entre os destaques decorativos est\u00e3o obras de artistas locais, Jakup Ferri e Adem Kastrati, que conferem ao espa\u00e7o uma identidade art\u00edstica fortemente enraizada no territ\u00f3rio. Objetos tradicionais e materiais naturais \u2014 palha, madeira e pedra \u2014 s\u00e3o reintroduzidos de forma atual, criando ambientes que se mostram ao mesmo tempo familiares e sofisticados. Esse equil\u00edbrio entre tradi\u00e7\u00e3o e modernidade resulta em espa\u00e7os funcionais, acolhedores e profundamente conectados ao lugar.<\/p>\n<p><a class=\"js-image-size__link lazy-anchor\" href=\"https:\/\/www.archdaily.com.br\/br\/1037536\/cabanas-das-fadas-maden-group\/6958038574d734000136daa9-kasollet-e-zanave-maden-group-sections\" rel=\"nofollow noopener\" target=\"_blank\"><img decoding=\"async\" alt=\"Cabanas das Fadas \/ Maden Group - Imagem 19 de 25\" data-nr-picture-id=\"6958038574d734000136daa9\" height=\"427\" itemprop=\"image\" loading=\"lazy\" longdesc=\"https:\/\/www.archdaily.com.br\/br\/1037536\/cabanas-das-fadas-maden-group\/6958038574d734000136daa9-kasollet-e-zanave-maden-group-sections\" src=\"https:\/\/www.europesays.com\/pt\/wp-content\/uploads\/2026\/01\/08._The_Sections_AG.jpg\" width=\"640\"\/>Se\u00e7\u00f5es<\/a><\/p>\n<p>O jardim dos animais representa outro componente fundamental do projeto. Concebido com uma forma circular, o espa\u00e7o estimula a conviv\u00eancia e promove encontros. Originalmente pensado como uma arena central, o desenho foi sutilmente ajustado para preservar uma \u00e1rvore existente, que hoje ocupa o centro da composi\u00e7\u00e3o. Essa decis\u00e3o refor\u00e7a a rela\u00e7\u00e3o entre seres humanos e natureza. A organiza\u00e7\u00e3o espacial permite o uso confort\u00e1vel do ambiente ao longo de todas as esta\u00e7\u00f5es, oferecendo simultaneamente prote\u00e7\u00e3o e abertura. Materiais naturais como pedra e madeira foram escolhidos de forma consciente para intensificar a conex\u00e3o sensorial e visual com a paisagem ao redor.<\/p>\n<p><a class=\"js-image-size__link lazy-anchor\" href=\"https:\/\/www.archdaily.com.br\/br\/1037536\/cabanas-das-fadas-maden-group\/6958038474d734000136da95-kasollet-e-zanave-maden-group-photo\" rel=\"nofollow noopener\" target=\"_blank\"><img decoding=\"async\" alt=\"Cabanas das Fadas \/ Maden Group - Fotografia de Exterior\" data-nr-picture-id=\"6958038474d734000136da95\" height=\"427\" itemprop=\"image\" loading=\"lazy\" longdesc=\"https:\/\/www.archdaily.com.br\/br\/1037536\/cabanas-das-fadas-maden-group\/6958038474d734000136da95-kasollet-e-zanave-maden-group-photo\" src=\"https:\/\/www.europesays.com\/pt\/wp-content\/uploads\/2026\/01\/1768036034_732_9.jpg\" width=\"640\"\/>\u00a9 Leonit Ibrahimi, Moviola Studio.<\/a><a class=\"js-image-size__link lazy-anchor\" href=\"https:\/\/www.archdaily.com.br\/br\/1037536\/cabanas-das-fadas-maden-group\/6958038474d734000136da96-kasollet-e-zanave-maden-group-photo\" rel=\"nofollow noopener\" target=\"_blank\"><img decoding=\"async\" alt=\"Cabanas das Fadas \/ Maden Group - Fotografia de Interiores, Sala de Jantar, Cadeira\" data-nr-picture-id=\"6958038474d734000136da96\" height=\"427\" itemprop=\"image\" loading=\"lazy\" longdesc=\"https:\/\/www.archdaily.com.br\/br\/1037536\/cabanas-das-fadas-maden-group\/6958038474d734000136da96-kasollet-e-zanave-maden-group-photo\" src=\"https:\/\/www.europesays.com\/pt\/wp-content\/uploads\/2026\/01\/1768036035_984_10.jpg\" width=\"640\"\/>\u00a9 Leonit Ibrahimi, Moviola Studio.<\/a><\/p>\n<p>Kasollet e Zanave se apresenta como um exemplo de como uma interven\u00e7\u00e3o arquitet\u00f4nica cuidadosa pode revitalizar estruturas existentes sem comprometer valores ambientais e culturais. Ao integrar materiais naturais, respeitar as condicionantes do s\u00edtio e valorizar a identidade local, o projeto contribui de maneira positiva para a comunidade e para a paisagem em que se insere.<\/p>\n<p><a class=\"js-image-size__link lazy-anchor\" href=\"https:\/\/www.archdaily.com.br\/br\/1037536\/cabanas-das-fadas-maden-group\/6958038574d734000136da9f-kasollet-e-zanave-maden-group-photo\" rel=\"nofollow noopener\" target=\"_blank\"><img decoding=\"async\" alt=\"Cabanas das Fadas \/ Maden Group - Imagem 14 de 25\" data-nr-picture-id=\"6958038574d734000136da9f\" height=\"427\" itemprop=\"image\" loading=\"lazy\" longdesc=\"https:\/\/www.archdaily.com.br\/br\/1037536\/cabanas-das-fadas-maden-group\/6958038574d734000136da9f-kasollet-e-zanave-maden-group-photo\" src=\"https:\/\/www.europesays.com\/pt\/wp-content\/uploads\/2026\/01\/Untitled-2.jpg\" width=\"640\"\/>\u00a9 Leonit Ibrahimi, Moviola Studio.<\/a><script async src=\"https:\/\/platform.twitter.com\/widgets.js\" charset=\"utf-8\"><\/script><\/p>\n","protected":false},"excerpt":{"rendered":"\u00a9 Leonit Ibrahimi, Moviola Studio. + 20 Compartilhar Compartilhar Facebook Twitter Mail Pinterest Whatsapp Ou https:\/\/www.archdaily.com.br\/br\/1037536\/cabanas-das-fadas-maden-group \u00c1rea \u00c1rea&hellip;\n","protected":false},"author":2,"featured_media":223298,"comment_status":"","ping_status":"","sticky":false,"template":"","format":"standard","meta":{"footnotes":""},"categories":[144],"tags":[304,207,205,206,203,201,202,204,114,115,9844,32,43104,33,3204],"class_list":{"0":"post-223297","1":"post","2":"type-post","3":"status-publish","4":"format-standard","5":"has-post-thumbnail","7":"category-arte-e-design","8":"tag-arquitetura","9":"tag-arte","10":"tag-arte-e-design","11":"tag-artedesign","12":"tag-arts","13":"tag-arts-and-design","14":"tag-artsanddesign","15":"tag-design","16":"tag-entertainment","17":"tag-entretenimento","18":"tag-hospitalidade-e-entretenimento","19":"tag-portugal","20":"tag-prapashtice","21":"tag-pt","22":"tag-sustentabilidade"},"share_on_mastodon":{"url":"https:\/\/pubeurope.com\/@pt\/115870016858163056","error":""},"_links":{"self":[{"href":"https:\/\/www.europesays.com\/pt\/wp-json\/wp\/v2\/posts\/223297","targetHints":{"allow":["GET"]}}],"collection":[{"href":"https:\/\/www.europesays.com\/pt\/wp-json\/wp\/v2\/posts"}],"about":[{"href":"https:\/\/www.europesays.com\/pt\/wp-json\/wp\/v2\/types\/post"}],"author":[{"embeddable":true,"href":"https:\/\/www.europesays.com\/pt\/wp-json\/wp\/v2\/users\/2"}],"replies":[{"embeddable":true,"href":"https:\/\/www.europesays.com\/pt\/wp-json\/wp\/v2\/comments?post=223297"}],"version-history":[{"count":0,"href":"https:\/\/www.europesays.com\/pt\/wp-json\/wp\/v2\/posts\/223297\/revisions"}],"wp:featuredmedia":[{"embeddable":true,"href":"https:\/\/www.europesays.com\/pt\/wp-json\/wp\/v2\/media\/223298"}],"wp:attachment":[{"href":"https:\/\/www.europesays.com\/pt\/wp-json\/wp\/v2\/media?parent=223297"}],"wp:term":[{"taxonomy":"category","embeddable":true,"href":"https:\/\/www.europesays.com\/pt\/wp-json\/wp\/v2\/categories?post=223297"},{"taxonomy":"post_tag","embeddable":true,"href":"https:\/\/www.europesays.com\/pt\/wp-json\/wp\/v2\/tags?post=223297"}],"curies":[{"name":"wp","href":"https:\/\/api.w.org\/{rel}","templated":true}]}}