{"id":223317,"date":"2026-01-10T09:25:14","date_gmt":"2026-01-10T09:25:14","guid":{"rendered":"https:\/\/www.europesays.com\/pt\/223317\/"},"modified":"2026-01-10T09:25:14","modified_gmt":"2026-01-10T09:25:14","slug":"disney-define-protagonistas-do-live-action-de-enrolados-compare-os-atores-com-o-desenho","status":"publish","type":"post","link":"https:\/\/www.europesays.com\/pt\/223317\/","title":{"rendered":"Disney define protagonistas do live-action de Enrolados: Compare os atores com o desenho"},"content":{"rendered":"<p>A adapta\u00e7\u00e3o de Rapunzel contar\u00e1 com dois rostos famosos em seu elenco principal. Filme ser\u00e1 dirigido por Michael Gracey.<\/p>\n<p class=\"bo-p\">Ap\u00f3s um per\u00edodo de indefini\u00e7\u00e3o nos bastidores, a Disney voltou a sua aten\u00e7\u00e3o para o live-action de <a href=\"https:\/\/www.adorocinema.com\/filmes\/filme-135523\/\" class=\"bo-link\" rel=\"nofollow noopener\" target=\"_blank\">Enrolados<\/a>. A adapta\u00e7\u00e3o de Rapunzel foi anunciada pela primeira vez em dezembro de 2024, mas o est\u00fadio pausou o projeto em abril de 2025 por conta de alguns problemas internos. Esta semana, foram revelados os atores que dar\u00e3o vida aos protagonistas da trama.<\/p>\n<p class=\"bo-p\">Ficou definido que <a href=\"https:\/\/www.adorocinema.com\/personalidades\/personalidade-743821\/\" class=\"bo-link\" rel=\"nofollow noopener\" target=\"_blank\">Teagan Croft<\/a> ser\u00e1 a nossa querida jovem de cabelos longos, enquanto <a href=\"https:\/\/www.adorocinema.com\/personalidades\/personalidade-809979\/\" class=\"bo-link\" rel=\"nofollow noopener\" target=\"_blank\">Milo Manheim<\/a> interpretar\u00e1 o carism\u00e1tico Flynn Rider. Para quem n\u00e3o os conhece, Croft \u00e9 famosa pelo papel de Ravena na s\u00e9rie da DC Comics, <a href=\"https:\/\/www.adorocinema.com\/series\/serie-18615\/\" class=\"bo-link\" rel=\"nofollow noopener\" target=\"_blank\">Titans<\/a>; e Rider \u00e9 estrela de longa data da Disney, onde viveu por anos o personagem Zed na franquia <a href=\"https:\/\/www.adorocinema.com\/filmes\/filme-261699\/\" class=\"bo-link\" rel=\"nofollow noopener\" target=\"_blank\">Z-O-M-B-I-E-S<\/a>.<\/p>\n<p class=\"bo-p\">Abaixo, compare os atores com os \u00edcones da anima\u00e7\u00e3o:<\/p>\n<p>            Teagan Croft\/Rapunzel<\/p>\n<p>        <img decoding=\"async\" class=\"article-figure-img\" src=\"https:\/\/www.europesays.com\/pt\/wp-content\/uploads\/2026\/01\/5e1ff4048a783f93581a28bf872217ab.jpg\" loading=\"lazy\" width=\"640\" height=\"320\"\/><\/p>\n<p>                Walt Disney Studios Motion Pictures<\/p>\n<p>            Milo Manheim\/Flynn Rider<\/p>\n<p>        <img decoding=\"async\" class=\"article-figure-img\" src=\"https:\/\/www.europesays.com\/pt\/wp-content\/uploads\/2026\/01\/e9ee1bf05e0638ea56d4d1f03e0125b0.jpg\" loading=\"lazy\" width=\"640\" height=\"320\"\/><\/p>\n<p>                Walt Disney Studios Motion Pictures<\/p>\n","protected":false},"excerpt":{"rendered":"A adapta\u00e7\u00e3o de Rapunzel contar\u00e1 com dois rostos famosos em seu elenco principal. Filme ser\u00e1 dirigido por Michael&hellip;\n","protected":false},"author":2,"featured_media":223318,"comment_status":"","ping_status":"","sticky":false,"template":"","format":"standard","meta":{"footnotes":""},"categories":[140],"tags":[114,115,147,148,146,32,33],"class_list":{"0":"post-223317","1":"post","2":"type-post","3":"status-publish","4":"format-standard","5":"has-post-thumbnail","7":"category-filmes","8":"tag-entertainment","9":"tag-entretenimento","10":"tag-film","11":"tag-filmes","12":"tag-movies","13":"tag-portugal","14":"tag-pt"},"share_on_mastodon":{"url":"https:\/\/pubeurope.com\/@pt\/115870087635396645","error":""},"_links":{"self":[{"href":"https:\/\/www.europesays.com\/pt\/wp-json\/wp\/v2\/posts\/223317","targetHints":{"allow":["GET"]}}],"collection":[{"href":"https:\/\/www.europesays.com\/pt\/wp-json\/wp\/v2\/posts"}],"about":[{"href":"https:\/\/www.europesays.com\/pt\/wp-json\/wp\/v2\/types\/post"}],"author":[{"embeddable":true,"href":"https:\/\/www.europesays.com\/pt\/wp-json\/wp\/v2\/users\/2"}],"replies":[{"embeddable":true,"href":"https:\/\/www.europesays.com\/pt\/wp-json\/wp\/v2\/comments?post=223317"}],"version-history":[{"count":0,"href":"https:\/\/www.europesays.com\/pt\/wp-json\/wp\/v2\/posts\/223317\/revisions"}],"wp:featuredmedia":[{"embeddable":true,"href":"https:\/\/www.europesays.com\/pt\/wp-json\/wp\/v2\/media\/223318"}],"wp:attachment":[{"href":"https:\/\/www.europesays.com\/pt\/wp-json\/wp\/v2\/media?parent=223317"}],"wp:term":[{"taxonomy":"category","embeddable":true,"href":"https:\/\/www.europesays.com\/pt\/wp-json\/wp\/v2\/categories?post=223317"},{"taxonomy":"post_tag","embeddable":true,"href":"https:\/\/www.europesays.com\/pt\/wp-json\/wp\/v2\/tags?post=223317"}],"curies":[{"name":"wp","href":"https:\/\/api.w.org\/{rel}","templated":true}]}}