{"id":223321,"date":"2026-01-10T09:31:08","date_gmt":"2026-01-10T09:31:08","guid":{"rendered":"https:\/\/www.europesays.com\/pt\/223321\/"},"modified":"2026-01-10T09:31:08","modified_gmt":"2026-01-10T09:31:08","slug":"diplomatas-dos-eua-avaliam-reabertura-da-embaixada-em-caracas","status":"publish","type":"post","link":"https:\/\/www.europesays.com\/pt\/223321\/","title":{"rendered":"Diplomatas dos EUA avaliam reabertura da embaixada em Caracas"},"content":{"rendered":"<p>&#13;<br \/>\nO chefe da embaixada dos EUA na Col\u00f4mbia, John McNamara, e outros diplomatas &#8220;foram a Caracas para realizar uma avalia\u00e7\u00e3o inicial para uma retoma gradual das opera\u00e7\u00f5es diplom\u00e1ticas americanas&#8221; na Venezuela, disse um porta-voz do Departamento de Estado norte-americano, citado pela Reuters.&#13;\n<\/p>\n<p>&#13;<br \/>\n<b>Entretanto, o Governo venezuelano anunciou esta sexta-feira que iniciou conversa\u00e7\u00f5es \u201cpreparat\u00f3rias\u201d com os Estados Unidos com o objetivo de restabelecer a presen\u00e7a diplom\u00e1tica em ambos os pa\u00edses.\u00a0<\/b>Esta \u00e9 a primeira vez que uma equipa do Departamento de Estado dos EUA viaja para a Venezuela desde a captura do presidente Nicol\u00e1s Maduro, a 3 de janeiro.&#13;\n<\/p>\n<p>\nA visita ocorre numa altura em que os EUA procuram reabrir a Embaixada em Caracas e refor\u00e7a o desejo do governo de restabelecer uma presen\u00e7a diplom\u00e1tica no pa\u00eds que, segundo o presidente Donald Trump, os EUA ir\u00e3o &#8220;governar&#8221;.<br \/>\n<b><br \/>&#13;<br \/>\nOs Estados Unidos retiraram os seus diplomatas e suspenderam as opera\u00e7\u00f5es na Embaixada em Caracas em 2019, justificando a decis\u00e3o com a \u201cdeteriora\u00e7\u00e3o da situa\u00e7\u00e3o na Venezuela\u201d, referindo\u2011se ao agravamento da crise pol\u00edtica, econ\u00f3mica e de seguran\u00e7a sob o regime de Nicol\u00e1s Maduro.<\/b><\/p>\n<p>Desde ent\u00e3o, a Unidade de Assuntos da Venezuela tem operado com uma equipa de diplomatas norte-americanos na Embaixada em Bogot\u00e1, na Col\u00f4mbia.<\/p>\n<p>Tamb\u00e9m esta sexta-feira, o presidente norte-americano tem uma reuni\u00e3o agendada com v\u00e1rios executivos de empresas petrol\u00edferas na Casa Branca para discutir investimentos na Venezuela.<\/p>\n<p>Enquanto isso, o Governo norte-americano continua a manter o firme bloqueio \u00e0s exporta\u00e7\u00f5es de petr\u00f3leo venezuelano. Na manh\u00e3 desta sexta-feira, os EUA anunciaram a apreens\u00e3o, em \u00e1guas internacionais, de mais um petroleiro que partia da Venezuela, o quinto apreendido por Washington nas \u00faltimas semanas.&#13;\n            <\/p>\n","protected":false},"excerpt":{"rendered":"&#13; O chefe da embaixada dos EUA na Col\u00f4mbia, John McNamara, e outros diplomatas &#8220;foram a Caracas para&hellip;\n","protected":false},"author":2,"featured_media":223322,"comment_status":"","ping_status":"","sticky":false,"template":"","format":"standard","meta":{"footnotes":""},"categories":[50],"tags":[27,28,16217,18100,413,15,16,14,25,26,21,22,62,12,13,19,20,23,24,17,18,29,30,31,3023,63,64,65],"class_list":{"0":"post-223321","1":"post","2":"type-post","3":"status-publish","4":"format-standard","5":"has-post-thumbnail","7":"category-mundo","8":"tag-breaking-news","9":"tag-breakingnews","10":"tag-caracas","11":"tag-embaixada","12":"tag-eua","13":"tag-featured-news","14":"tag-featurednews","15":"tag-headlines","16":"tag-latest-news","17":"tag-latestnews","18":"tag-main-news","19":"tag-mainnews","20":"tag-mundo","21":"tag-news","22":"tag-noticias","23":"tag-noticias-principais","24":"tag-noticiasprincipais","25":"tag-principais-noticias","26":"tag-principaisnoticias","27":"tag-top-stories","28":"tag-topstories","29":"tag-ultimas","30":"tag-ultimas-noticias","31":"tag-ultimasnoticias","32":"tag-venezuela","33":"tag-world","34":"tag-world-news","35":"tag-worldnews"},"share_on_mastodon":{"url":"https:\/\/pubeurope.com\/@pt\/115870111153698781","error":""},"_links":{"self":[{"href":"https:\/\/www.europesays.com\/pt\/wp-json\/wp\/v2\/posts\/223321","targetHints":{"allow":["GET"]}}],"collection":[{"href":"https:\/\/www.europesays.com\/pt\/wp-json\/wp\/v2\/posts"}],"about":[{"href":"https:\/\/www.europesays.com\/pt\/wp-json\/wp\/v2\/types\/post"}],"author":[{"embeddable":true,"href":"https:\/\/www.europesays.com\/pt\/wp-json\/wp\/v2\/users\/2"}],"replies":[{"embeddable":true,"href":"https:\/\/www.europesays.com\/pt\/wp-json\/wp\/v2\/comments?post=223321"}],"version-history":[{"count":0,"href":"https:\/\/www.europesays.com\/pt\/wp-json\/wp\/v2\/posts\/223321\/revisions"}],"wp:featuredmedia":[{"embeddable":true,"href":"https:\/\/www.europesays.com\/pt\/wp-json\/wp\/v2\/media\/223322"}],"wp:attachment":[{"href":"https:\/\/www.europesays.com\/pt\/wp-json\/wp\/v2\/media?parent=223321"}],"wp:term":[{"taxonomy":"category","embeddable":true,"href":"https:\/\/www.europesays.com\/pt\/wp-json\/wp\/v2\/categories?post=223321"},{"taxonomy":"post_tag","embeddable":true,"href":"https:\/\/www.europesays.com\/pt\/wp-json\/wp\/v2\/tags?post=223321"}],"curies":[{"name":"wp","href":"https:\/\/api.w.org\/{rel}","templated":true}]}}