{"id":223331,"date":"2026-01-10T09:40:13","date_gmt":"2026-01-10T09:40:13","guid":{"rendered":"https:\/\/www.europesays.com\/pt\/223331\/"},"modified":"2026-01-10T09:40:13","modified_gmt":"2026-01-10T09:40:13","slug":"video-abdul-ghareeb-recusa-pedido-de-jj-e-a-reacao-e-um-classico","status":"publish","type":"post","link":"https:\/\/www.europesays.com\/pt\/223331\/","title":{"rendered":"V\u00cdDEO: Abdul Ghareeb recusa pedido de JJ e a rea\u00e7\u00e3o&#8230; \u00e9 um cl\u00e1ssico"},"content":{"rendered":"<p>Jorge Jesus protagonizou um momento \u00ab\u00e0 JJ\u00bb no final do jogo entre Al Nassr e Al Qadisiya, que <a href=\"https:\/\/maisfutebol.iol.pt\/internacional\/cristiano-ronaldo\/video-ronaldo-marca-mas-al-nassr-sofre-nova-derrota-na-liga\" target=\"_blank\" rel=\"nofollow noopener\">terminou com nova derrota<\/a> da equipa de Cristiano Ronaldo e Jo\u00e3o F\u00e9lix para a Liga Saudita.<\/p>\n<p>Tudo aconteceu ap\u00f3s o apito final do \u00e1rbitro e envolveu Abdul Ghareeb. Ora, o t\u00e9cnico portugu\u00eas pediu ao jogador para ir agradecer aos adeptos da casa, mas este virou-lhe as costas e a rea\u00e7\u00e3o foi a esperada&#8230; um olhar matador durante breves segundos, antes de Jorge Jesus seguir em frente e cumprimentar os restantes jogadores do Al Nassr.<\/p>\n<p><strong>Assista aqui ao momento:<\/strong>\u00a0<\/p>\n","protected":false},"excerpt":{"rendered":"Jorge Jesus protagonizou um momento \u00ab\u00e0 JJ\u00bb no final do jogo entre Al Nassr e Al Qadisiya, que&hellip;\n","protected":false},"author":2,"featured_media":223332,"comment_status":"","ping_status":"","sticky":false,"template":"","format":"standard","meta":{"footnotes":""},"categories":[87],"tags":[43114,685,43113,1145,135,1147,46,32,33,47,134],"class_list":{"0":"post-223331","1":"post","2":"type-post","3":"status-publish","4":"format-standard","5":"has-post-thumbnail","7":"category-desporto","8":"tag-abdul-ghareeb","9":"tag-al-nassr","10":"tag-al-quadisiya","11":"tag-arabia-saudita","12":"tag-desporto","13":"tag-jorge-jesus","14":"tag-maisfutebol","15":"tag-portugal","16":"tag-pt","17":"tag-pura-paixao","18":"tag-sports"},"share_on_mastodon":{"url":"https:\/\/pubeurope.com\/@pt\/115870146487667891","error":""},"_links":{"self":[{"href":"https:\/\/www.europesays.com\/pt\/wp-json\/wp\/v2\/posts\/223331","targetHints":{"allow":["GET"]}}],"collection":[{"href":"https:\/\/www.europesays.com\/pt\/wp-json\/wp\/v2\/posts"}],"about":[{"href":"https:\/\/www.europesays.com\/pt\/wp-json\/wp\/v2\/types\/post"}],"author":[{"embeddable":true,"href":"https:\/\/www.europesays.com\/pt\/wp-json\/wp\/v2\/users\/2"}],"replies":[{"embeddable":true,"href":"https:\/\/www.europesays.com\/pt\/wp-json\/wp\/v2\/comments?post=223331"}],"version-history":[{"count":0,"href":"https:\/\/www.europesays.com\/pt\/wp-json\/wp\/v2\/posts\/223331\/revisions"}],"wp:featuredmedia":[{"embeddable":true,"href":"https:\/\/www.europesays.com\/pt\/wp-json\/wp\/v2\/media\/223332"}],"wp:attachment":[{"href":"https:\/\/www.europesays.com\/pt\/wp-json\/wp\/v2\/media?parent=223331"}],"wp:term":[{"taxonomy":"category","embeddable":true,"href":"https:\/\/www.europesays.com\/pt\/wp-json\/wp\/v2\/categories?post=223331"},{"taxonomy":"post_tag","embeddable":true,"href":"https:\/\/www.europesays.com\/pt\/wp-json\/wp\/v2\/tags?post=223331"}],"curies":[{"name":"wp","href":"https:\/\/api.w.org\/{rel}","templated":true}]}}