{"id":223366,"date":"2026-01-10T10:19:11","date_gmt":"2026-01-10T10:19:11","guid":{"rendered":"https:\/\/www.europesays.com\/pt\/223366\/"},"modified":"2026-01-10T10:19:11","modified_gmt":"2026-01-10T10:19:11","slug":"filho-de-david-beckham-posa-com-namorada-brasileira-9-anos-mais-velha","status":"publish","type":"post","link":"https:\/\/www.europesays.com\/pt\/223366\/","title":{"rendered":"Filho de David Beckham posa com namorada brasileira 9 anos mais velha"},"content":{"rendered":"<p class=\"my-5 break-words group-[.isActiveSource]:text-xl\"><strong class=\"group-[.isActiveSource]:text-xl group-[.isActiveSource]:font-bold\">Cruz Beckham<\/strong>, 20, filho de <strong class=\"group-[.isActiveSource]:text-xl group-[.isActiveSource]:font-bold\">Victoria<\/strong>, 51, e <strong class=\"group-[.isActiveSource]:text-xl group-[.isActiveSource]:font-bold\">David Beckham<\/strong>, 50, posou aos beijos ao lado da namorada, a brasileira <strong class=\"group-[.isActiveSource]:text-xl group-[.isActiveSource]:font-bold\">Jackie Apostel<\/strong>, 29.<\/p>\n<p class=\"my-5 break-words group-[.isActiveSource]:text-xl\">O clique em preto e branco foi publicado por Jackie, nesta sexta-feira (29), no Instagram.<\/p>\n<p class=\"my-5 break-words group-[.isActiveSource]:text-xl\">De 2024 para 2025, o casal passou o R\u00e9veillon no Rio de Janeiro. Frequentemente, Cruz mostra o carinho que tem pelo Brasil nas redes sociais.<\/p>\n<p class=\"my-5 break-words group-[.isActiveSource]:text-xl my-5 break-words group-[.isActiveSource]:text-xl\">Cruz e <a class=\"text-red-600 underline hover:text-red-500 font-medium break-words group-[.isActiveSource]:text-xl\" href=\"https:\/\/www.cnnbrasil.com.br\/entretenimento\/conheca-jackie-apostel-brasileira-que-namora-flho-de-victoria-beckham\/\" target=\"_blank\" rel=\"noopener noreferrer nofollow\"><strong class=\"group-[.isActiveSource]:text-xl group-[.isActiveSource]:font-bold group-[.isActiveSource]:text-xl group-[.isActiveSource]:font-bold\">Jackie <\/strong><\/a>assumiram o relacionamento durante a\u00a0<strong class=\"group-[.isActiveSource]:text-xl group-[.isActiveSource]:font-bold group-[.isActiveSource]:text-xl group-[.isActiveSource]:font-bold\">Semana de Moda de Paris<\/strong>\u00a0deste ano. Ela prestigiou o desfile da grife da sogra com um vestido branco criado pela marca de Victoria Beckham.<\/p>\n<p class=\"my-5 break-words group-[.isActiveSource]:text-xl my-5 break-words group-[.isActiveSource]:text-xl\">Jackie \u00e9 filha de m\u00e3e brasileira com pai alem\u00e3o, possui dupla-cidadania e j\u00e1 morou nos dois pa\u00edses.<\/p>\n<p class=\"my-5 break-words group-[.isActiveSource]:text-xl my-5 break-words group-[.isActiveSource]:text-xl\">Al\u00e9m de Cruz, Victoria e David Beckham tamb\u00e9m\u00a0<a class=\"text-red-600 underline hover:text-red-500 font-medium break-words group-[.isActiveSource]:text-xl\" href=\"https:\/\/www.cnnbrasil.com.br\/entretenimento\/conheca-os-filhos-de-victoria-e-david-beckham-casal-faz-25-anos-de-casamento\/#:~:text=Dos%20votos%20matrimoniais%2C%20vieram%20quatro,%2C%20e%20Harper%20Beckham%2C%2012.\" target=\"_blank\" rel=\"noopener noreferrer nofollow\">tiveram outros tr\u00eas filhos<\/a>: Brooklyn, 25, Romeo, 22, e Harper, 13.<\/p>\n","protected":false},"excerpt":{"rendered":"Cruz Beckham, 20, filho de Victoria, 51, e David Beckham, 50, posou aos beijos ao lado da namorada,&hellip;\n","protected":false},"author":2,"featured_media":223367,"comment_status":"","ping_status":"","sticky":false,"template":"","format":"standard","meta":{"footnotes":""},"categories":[145],"tags":[211,210,114,115,32,33],"class_list":{"0":"post-223366","1":"post","2":"type-post","3":"status-publish","4":"format-standard","5":"has-post-thumbnail","7":"category-celebridades","8":"tag-celebridades","9":"tag-celebrities","10":"tag-entertainment","11":"tag-entretenimento","12":"tag-portugal","13":"tag-pt"},"share_on_mastodon":{"url":"https:\/\/pubeurope.com\/@pt\/115870299741995571","error":""},"_links":{"self":[{"href":"https:\/\/www.europesays.com\/pt\/wp-json\/wp\/v2\/posts\/223366","targetHints":{"allow":["GET"]}}],"collection":[{"href":"https:\/\/www.europesays.com\/pt\/wp-json\/wp\/v2\/posts"}],"about":[{"href":"https:\/\/www.europesays.com\/pt\/wp-json\/wp\/v2\/types\/post"}],"author":[{"embeddable":true,"href":"https:\/\/www.europesays.com\/pt\/wp-json\/wp\/v2\/users\/2"}],"replies":[{"embeddable":true,"href":"https:\/\/www.europesays.com\/pt\/wp-json\/wp\/v2\/comments?post=223366"}],"version-history":[{"count":0,"href":"https:\/\/www.europesays.com\/pt\/wp-json\/wp\/v2\/posts\/223366\/revisions"}],"wp:featuredmedia":[{"embeddable":true,"href":"https:\/\/www.europesays.com\/pt\/wp-json\/wp\/v2\/media\/223367"}],"wp:attachment":[{"href":"https:\/\/www.europesays.com\/pt\/wp-json\/wp\/v2\/media?parent=223366"}],"wp:term":[{"taxonomy":"category","embeddable":true,"href":"https:\/\/www.europesays.com\/pt\/wp-json\/wp\/v2\/categories?post=223366"},{"taxonomy":"post_tag","embeddable":true,"href":"https:\/\/www.europesays.com\/pt\/wp-json\/wp\/v2\/tags?post=223366"}],"curies":[{"name":"wp","href":"https:\/\/api.w.org\/{rel}","templated":true}]}}