{"id":223436,"date":"2026-01-10T11:44:12","date_gmt":"2026-01-10T11:44:12","guid":{"rendered":"https:\/\/www.europesays.com\/pt\/223436\/"},"modified":"2026-01-10T11:44:12","modified_gmt":"2026-01-10T11:44:12","slug":"papa-aos-cardeais-conto-com-voces-queremos-ser-uma-igreja-que-nao-olha-so-para-si","status":"publish","type":"post","link":"https:\/\/www.europesays.com\/pt\/223436\/","title":{"rendered":"Papa aos cardeais: conto com voc\u00eas, queremos ser uma Igreja que n\u00e3o olha s\u00f3 para si"},"content":{"rendered":"<p>Le\u00e3o XIV encerrou na quarta-feira a primeira sess\u00e3o do encontro com os cardeais com um discurso improvisado, ap\u00f3s os trabalhos dos grupos lingu\u00edsticos na Sala Paulo VI. O Pont\u00edfice expressou sua gratid\u00e3o pelos dois temas, sinodalidade e miss\u00e3o \u00e0 luz da Evangelii Gaudium, escolhidos por vota\u00e7\u00e3o a partir de uma lista de quatro. &#8220;Agrade\u00e7o a escolha; os outros temas n\u00e3o devem ser negligenciados. H\u00e1 quest\u00f5es muito concretas e espec\u00edficas que ainda precisamos abordar.&#8221;<\/p>\n<p><b>Salvatore Cernuzio &#8211; Cidade do Vaticano<\/b><\/p>\n<p>&#8220;Sinto, vivencio a necessidade de poder contar com voc\u00eas: foram voc\u00eas que chamaram este servo para esta miss\u00e3o! Assim, gostaria de dizer que considero importante trabalharmos juntos, discernirmos juntos, buscarmos o que o Esp\u00edrito nos pede.&#8221;<\/p>\n<p>Ao t\u00e9rmino do primeiro dia do Consist\u00f3rio Extraordin\u00e1rio convocado no Vaticano, Le\u00e3o XIV voltou a pedir o apoio e a assist\u00eancia dos 170 cardeais presentes. Ap\u00f3s seu discurso de abertura na Sala Sinodal na tarde de quarta-feira, 7 de janeiro, o Pont\u00edfice falou novamente \u00e0 noite, desta vez na Sala Paulo VI, onde os 20 grupos divididos por idioma foram chamados a escolher dois dos quatro temas propostos para reflex\u00e3o e estudo. Sinodalidade e esp\u00edrito mission\u00e1rio \u00e0 luz da Evangelii Gaudium foram os dois temas escolhidos pelos cardeais &#8220;por clara maioria&#8221;, de uma lista que tamb\u00e9m inclu\u00eda a liturgia e a constitui\u00e7\u00e3o apost\u00f3lica Praedicate Evangelium.<\/p>\n<p>O Papa Le\u00e3o XIV n\u00e3o participou diretamente dos grupos, mas apenas da sess\u00e3o plen\u00e1ria, na qual os nove secret\u00e1rios das mesas, compostas por cardeais de pa\u00edses estrangeiros (os da C\u00faria Romana s\u00e3o mais f\u00e1ceis de consultar, explicou Prevost), ilustraram, em no m\u00e1ximo tr\u00eas minutos, seu trabalho e explicaram os motivos da escolha dos dois temas, nos quais concentram as reflex\u00f5es das sess\u00f5es desta manh\u00e3 e da sess\u00e3o no final desta tarde.<\/p>\n<p>     <a href=\"https:\/\/www.vaticannews.va\/pt\/papa\/news\/2026-01\/papa-leao-xiv-discurso-abertura-consistorio-extraordinario.html\" title=\"&quot;Estou aqui para ouvir&quot;: Papa abre Consist\u00f3rio para definir prioridades\" rel=\"nofollow noopener\" target=\"_blank\"><\/p>\n<p>        <img decoding=\"async\" src=\"data:image\/gif;base64,R0lGODlhAQABAIAAAAAAAP\/\/\/yH5BAEAAAAALAAAAAABAAEAAAIBRAA7\" data-original=\"https:\/\/www.vaticannews.va\/content\/dam\/vaticannews\/agenzie\/images\/srv\/2026\/01\/07\/2026-01-07-concistoro-straordinario\/1767799612631.JPG\/_jcr_content\/renditions\/cq5dam.thumbnail.cropped.500.281.jpeg\" alt=\"&quot;Estou aqui para ouvir&quot;: Papa abre Consist\u00f3rio para definir prioridades\"\/><\/p>\n<p>      <\/a><\/p>\n<p>\n      O Col\u00e9gio Cardinal\u00edcio se re\u00fane no Vaticano com Le\u00e3o XIV para definir aten\u00e7\u00f5es e prioridades e orientar a a\u00e7\u00e3o do Santo Padre e da C\u00faria no futuro pr\u00f3ximo. Os temas do encontro s\u00e3o &#8230;\n     <\/p>\n<p>&#8220;Um tema n\u00e3o pode ser separado do outro.&#8221;<br \/>\n\u00a0 <\/p>\n<p>Ao final, o Pont\u00edfice \u2014 ap\u00f3s ouvir e tomar notas \u2014 voltou a expressar sua gratid\u00e3o &#8220;por todo o trabalho j\u00e1 realizado nesta primeira sess\u00e3o&#8221; e pela &#8220;grande maioria&#8221; dos temas escolhidos em todas as discuss\u00f5es, enfatizando &#8220;que um tema n\u00e3o pode ser separado do outro&#8221;. &#8220;H\u00e1 muito que podemos ver juntos&#8221;, enfatizou o Papa Le\u00e3o XIII, &#8220;mas queremos ser uma Igreja que n\u00e3o olha apenas para si mesma, que \u00e9 mission\u00e1ria, que olha al\u00e9m, para os outros.&#8221;<\/p>\n<p>A &#8220;raz\u00e3o de ser&#8221; da Igreja &#8220;n\u00e3o \u00e9 para os cardeais, nem para os bispos, nem para o clero&#8221;, afirmou o Papa, mas sim &#8220;anunciar o Evangelho&#8221;. Neste sentido, Le\u00e3o XIV expressou sua gratid\u00e3o pela escolha de dois temas: S\u00ednodo e Sinodalidade, &#8220;como express\u00e3o da busca de como ser uma Igreja mission\u00e1ria no mundo de hoje&#8221;, e Evangelii Gaudium, &#8220;anunciar o querigma, o Evangelho com Cristo no centro. Esta \u00e9 a nossa miss\u00e3o.&#8221; &#8220;As outras quest\u00f5es n\u00e3o devem ser esquecidas. H\u00e1 quest\u00f5es muito concretas e espec\u00edficas que ainda precisamos abordar&#8221;, assegurou o Papa Le\u00e3o XIV, expressando a sua esperan\u00e7a de que cada um dos cardeais &#8220;se sinta verdadeiramente \u00e0 vontade&#8221; para se comunicar com ele ou com outros neste &#8220;processo de di\u00e1logo e discernimento&#8221;.<\/p>\n<p>    <img decoding=\"async\" src=\"data:image\/gif;base64,R0lGODlhAQABAIAAAAAAAP\/\/\/yH5BAEAAAAALAAAAAABAAEAAAIBRAA7\" data-original=\"https:\/\/www.vaticannews.va\/content\/dam\/vaticannews\/agenzie\/images\/srv\/2026\/01\/07\/2026-01-07-concistoro-straordinario\/1767807100391.JPG\/_jcr_content\/renditions\/cq5dam.thumbnail.cropped.750.422.jpeg\" alt=\"O Papa faz anota\u00e7\u00f5es durante as apresenta\u00e7\u00f5es dos representantes dos grupos lingu\u00edsticos \" title=\"O Papa faz anota\u00e7\u00f5es durante as apresenta\u00e7\u00f5es dos representantes dos grupos lingu\u00edsticos \"\/><\/p>\n<p>\n   O Papa faz anota\u00e7\u00f5es durante as apresenta\u00e7\u00f5es dos representantes dos grupos lingu\u00edsticos \u00a0 (@Vatican Media)\n  <\/p>\n<p>O caminho \u00e9 t\u00e3o importante quanto o resultado<br \/>\n\u00a0 <\/p>\n<p>Em sua breve sauda\u00e7\u00e3o, o Papa tamb\u00e9m citou as palavras de um dos secret\u00e1rios, que sugeriu que &#8220;o caminho foi t\u00e3o importante quanto a conclus\u00e3o dos trabalhos \u00e0 mesa&#8221;. \u00c9 essa experi\u00eancia de colegialidade que o Pont\u00edfice espera que seja fruto deste Consist\u00f3rio: ela, disse ele, &#8220;oferece \u00e0 Igreja e ao mundo um certo testemunho da vontade, do desejo, reconhecendo o valor de estar juntos, de fazer o sacrif\u00edcio de uma viagem \u2013 para alguns de voc\u00eas muito longa \u2013 para vir e estarmos juntos e podermos buscar juntos o que o Esp\u00edrito Santo quer para a Igreja hoje e amanh\u00e3&#8221;.<\/p>\n<p>O tempo do encontro \u00e9 &#8220;muito curto&#8221;, mas \u00e9 &#8220;um momento muito importante tamb\u00e9m para mim&#8221;, afirmou Le\u00e3o XIV, reiterando \u2013 como em seu discurso de abertura \u2013 que \u00e9 &#8220;importante que trabalhemos juntos, que discernamos juntos, que busquemos o que o Esp\u00edrito nos pede&#8221;.<\/p>\n<p>     <a href=\"https:\/\/www.vaticannews.va\/pt\/papa\/news\/2026-01\/papa-leao-xiv-homilia-missa-consistorio-extraordinario-cardeais.html\" title=\"Papa: cardeais formam comunidade de f\u00e9, n\u00e3o equipe de especialistas\" rel=\"nofollow noopener\" target=\"_blank\"><\/p>\n<p>        <img decoding=\"async\" src=\"data:image\/gif;base64,R0lGODlhAQABAIAAAAAAAP\/\/\/yH5BAEAAAAALAAAAAABAAEAAAIBRAA7\" data-original=\"https:\/\/www.vaticannews.va\/content\/dam\/vaticannews\/agenzie\/images\/srv\/2026\/01\/08\/2026-01-08-s--messa-con-i-cardinali-partecipanti-al-concistoro-s\/1767857220587.JPG\/_jcr_content\/renditions\/cq5dam.thumbnail.cropped.500.281.jpeg\" alt=\"Papa: cardeais formam comunidade de f\u00e9, n\u00e3o equipe de especialistas\"\/><\/p>\n<p>      <\/a><\/p>\n<p>\n      Por ocasi\u00e3o do Consist\u00f3rio extraordin\u00e1rio, Le\u00e3o XIV celebrou a Santa Missa com os cerca de 170 participantes. Em sua homilia, refor\u00e7ou o conceito de que o Col\u00e9gio Cardinal\u00edcio n\u00e3o &#8230;\n     <\/p>\n<p>&#8220;H\u00e1 vida na nossa Igreja?&#8221;<br \/>\n\u00a0 <\/p>\n<p>Em suas considera\u00e7\u00f5es finais, o Papa voltou a fazer refer\u00eancia a algumas passagens de sua homilia do dia anterior, durante a Missa da Solenidade da Epifania na Bas\u00edlica de S\u00e3o Pedro, ap\u00f3s o fechamento da Porta Santa. Em particular, reiterou a pergunta: &#8220;Perguntemo-nos: h\u00e1 vida em nossa Igreja?&#8221; &#8220;Estou convencido de que sim, certamente&#8221;, assegurou o Bispo de Roma. &#8220;Nestes meses, mesmo que eu n\u00e3o os tivesse vivido antes, certamente tive muitas experi\u00eancias bel\u00edssimas da vida da Igreja. Mas a pergunta permanece: h\u00e1 vida em nossa Igreja? H\u00e1 espa\u00e7o para o que nasce? Amamos e proclamamos um Deus que nos coloca em um novo caminho?&#8221;<\/p>\n<p>H\u00e1, de fato, um caminho a ser percorrido; n\u00e3o podemos nos esconder atr\u00e1s da ideia de que &#8220;tudo j\u00e1 est\u00e1 feito, terminado, fa\u00e7am como sempre fizemos&#8221;. O Consist\u00f3rio serve, portanto, para nos ajudar a caminhar juntos, reiterou Le\u00e3o XIV, repetindo tamb\u00e9m a passagem de sua homilia na qual, citando o Rei Herodes, afirmou que &#8220;o medo cega&#8221;, enquanto o Evangelho &#8220;liberta&#8221;, nos torna &#8220;prudentes&#8221;, sim, mas tamb\u00e9m &#8220;ousados, atentos e criativos; sugere caminhos diferentes dos j\u00e1 percorridos&#8221;.<\/p>\n<p>Assim, o Consist\u00f3rio, para o Papa Le\u00e3o XIV, &#8220;\u00e9 uma das muitas express\u00f5es pelas quais podemos realmente viver uma experi\u00eancia da novidade da Igreja. O Esp\u00edrito Santo est\u00e1 vivo e presente tamb\u00e9m entre n\u00f3s. Como \u00e9 belo estarmos juntos no barco!&#8221;<\/p>\n<p>    <img decoding=\"async\" src=\"data:image\/gif;base64,R0lGODlhAQABAIAAAAAAAP\/\/\/yH5BAEAAAAALAAAAAABAAEAAAIBRAA7\" data-original=\"https:\/\/www.vaticannews.va\/content\/dam\/vaticannews\/agenzie\/images\/srv\/2026\/01\/07\/2026-01-07-concistoro-straordinario\/1767806800098.JPG\/_jcr_content\/renditions\/cq5dam.thumbnail.cropped.750.422.jpeg\" alt=\"Papa Le\u00e3o XIV durante os trabalhos do Consist\u00f3rio Extraordin\u00e1rio\" title=\"Papa Le\u00e3o XIV durante os trabalhos do Consist\u00f3rio Extraordin\u00e1rio\"\/><\/p>\n<p>\n   Papa Le\u00e3o XIV durante os trabalhos do Consist\u00f3rio Extraordin\u00e1rio \u00a0 (@Vatican Media)\n  <\/p>\n","protected":false},"excerpt":{"rendered":"Le\u00e3o XIV encerrou na quarta-feira a primeira sess\u00e3o do encontro com os cardeais com um discurso improvisado, ap\u00f3s&hellip;\n","protected":false},"author":2,"featured_media":223437,"comment_status":"","ping_status":"","sticky":false,"template":"","format":"standard","meta":{"footnotes":""},"categories":[8],"tags":[27,28,19355,42592,42593,15,16,14,545,25,26,21,22,12,13,19,20,811,32,23,24,33,4629,42832,17,18,29,30,31,5598],"class_list":{"0":"post-223436","1":"post","2":"type-post","3":"status-publish","4":"format-standard","5":"has-post-thumbnail","7":"category-principais-noticias","8":"tag-breaking-news","9":"tag-breakingnews","10":"tag-cardeais","11":"tag-consistorio","12":"tag-evangelii-gaudium","13":"tag-featured-news","14":"tag-featurednews","15":"tag-headlines","16":"tag-igreja-catolica","17":"tag-latest-news","18":"tag-latestnews","19":"tag-main-news","20":"tag-mainnews","21":"tag-news","22":"tag-noticias","23":"tag-noticias-principais","24":"tag-noticiasprincipais","25":"tag-papa-leao-xiv","26":"tag-portugal","27":"tag-principais-noticias","28":"tag-principaisnoticias","29":"tag-pt","30":"tag-santa-se","31":"tag-sinodalidade","32":"tag-top-stories","33":"tag-topstories","34":"tag-ultimas","35":"tag-ultimas-noticias","36":"tag-ultimasnoticias","37":"tag-vaticano"},"share_on_mastodon":{"url":"https:\/\/pubeurope.com\/@pt\/115870634181801613","error":""},"_links":{"self":[{"href":"https:\/\/www.europesays.com\/pt\/wp-json\/wp\/v2\/posts\/223436","targetHints":{"allow":["GET"]}}],"collection":[{"href":"https:\/\/www.europesays.com\/pt\/wp-json\/wp\/v2\/posts"}],"about":[{"href":"https:\/\/www.europesays.com\/pt\/wp-json\/wp\/v2\/types\/post"}],"author":[{"embeddable":true,"href":"https:\/\/www.europesays.com\/pt\/wp-json\/wp\/v2\/users\/2"}],"replies":[{"embeddable":true,"href":"https:\/\/www.europesays.com\/pt\/wp-json\/wp\/v2\/comments?post=223436"}],"version-history":[{"count":0,"href":"https:\/\/www.europesays.com\/pt\/wp-json\/wp\/v2\/posts\/223436\/revisions"}],"wp:featuredmedia":[{"embeddable":true,"href":"https:\/\/www.europesays.com\/pt\/wp-json\/wp\/v2\/media\/223437"}],"wp:attachment":[{"href":"https:\/\/www.europesays.com\/pt\/wp-json\/wp\/v2\/media?parent=223436"}],"wp:term":[{"taxonomy":"category","embeddable":true,"href":"https:\/\/www.europesays.com\/pt\/wp-json\/wp\/v2\/categories?post=223436"},{"taxonomy":"post_tag","embeddable":true,"href":"https:\/\/www.europesays.com\/pt\/wp-json\/wp\/v2\/tags?post=223436"}],"curies":[{"name":"wp","href":"https:\/\/api.w.org\/{rel}","templated":true}]}}