{"id":223442,"date":"2026-01-10T11:51:07","date_gmt":"2026-01-10T11:51:07","guid":{"rendered":"https:\/\/www.europesays.com\/pt\/223442\/"},"modified":"2026-01-10T11:51:07","modified_gmt":"2026-01-10T11:51:07","slug":"imprensa-inglesa-avanca-com-interesse-do-liverpool-em-jogador-do-fc-porto","status":"publish","type":"post","link":"https:\/\/www.europesays.com\/pt\/223442\/","title":{"rendered":"Imprensa inglesa avan\u00e7a com interesse do Liverpool em jogador do FC Porto"},"content":{"rendered":"<p>&#8211; Advertisement &#8211;<\/p>\n<p><strong>O Liverpool est\u00e1 de olho em Martim Fernandes, lateral do FC Porto. Reds podem contratar novo lateral direito neste mercado.<\/strong><\/p>\n<p>O Liverpool est\u00e1 no mercado por um novo lateral direito depois da les\u00e3o de Conor Bradley, sofrida no <a href=\"https:\/\/bolanarede.pt\/especial-bola-na-rede\/atualidade\/arsenal-e-liverpool-empatam-em-jogo-que-rende-dinheiro-ao-sporting\/\" target=\"_blank\" rel=\"noreferrer noopener nofollow\">empate diante do Arsenal<\/a>. De acordo com o Anfield Watch, portal especializado nos reds, Martim Fernandes est\u00e1 na lista.<\/p>\n<p>Com a posi\u00e7\u00e3o a necessitar de refor\u00e7os, a mesma fonte d\u00e1 conta de um interesse antigo do Liverpool em Martim Fernandes. Habitual suplente de Alberto Costa \u00e0 direita, o lateral portugu\u00eas tem ainda a mais-valia de poder atuar pelos dois corredores.<\/p>\n<p>Martim Fernandes tem 19 anos e esta temporada soma 18 jogos e uma assist\u00eancia pelo FC Porto. O jogador foi recentemente <a href=\"https:\/\/bolanarede.pt\/especial-bola-na-rede\/atualidade\/geovany-quenda-no-top-de-jogadores-sub-20-mais-valiosos-do-mundo-pelo-cies-ha-8-jogadores-que-atuam-em-portugal-na-lista\/\" target=\"_blank\" rel=\"noreferrer noopener nofollow\">destacado pelo CIES como um dos sub-20 mais valiosos do mundo. <\/a><\/p>\n<blockquote class=\"twitter-tweet\" data-width=\"550\" data-dnt=\"true\">\n<p lang=\"en\" dir=\"ltr\">After Conor Bradley&#8217;s injury Liverpool could enter the market to sign a right-back. <\/p>\n<p>Martim Fernandes is a player they like well \ud83d\udc40 <a href=\"https:\/\/t.co\/EKD7pQhNEm\" rel=\"nofollow\">pic.twitter.com\/EKD7pQhNEm<\/a><\/p>\n<p>\u2014 Anfield Watch (@AnfieldWatch) <a href=\"https:\/\/twitter.com\/AnfieldWatch\/status\/2009629014369935793?ref_src=twsrc%5Etfw\" rel=\"nofollow noopener\" target=\"_blank\">January 9, 2026<\/a><\/p><\/blockquote>\n<p><script async src=\"https:\/\/platform.twitter.com\/widgets.js\" charset=\"utf-8\"><\/script><\/p>\n","protected":false},"excerpt":{"rendered":"&#8211; Advertisement &#8211; O Liverpool est\u00e1 de olho em Martim Fernandes, lateral do FC Porto. Reds podem contratar&hellip;\n","protected":false},"author":2,"featured_media":223443,"comment_status":"","ping_status":"","sticky":false,"template":"","format":"standard","meta":{"footnotes":""},"categories":[87],"tags":[260,135,478,282,960,9053,32,666,33,134],"class_list":{"0":"post-223442","1":"post","2":"type-post","3":"status-publish","4":"format-standard","5":"has-post-thumbnail","7":"category-desporto","8":"tag-atualidade","9":"tag-desporto","10":"tag-destaques-bnr","11":"tag-fc-porto","12":"tag-liverpool","13":"tag-martim-fernandes","14":"tag-portugal","15":"tag-premier-league","16":"tag-pt","17":"tag-sports"},"share_on_mastodon":{"url":"https:\/\/pubeurope.com\/@pt\/115870661518223641","error":""},"_links":{"self":[{"href":"https:\/\/www.europesays.com\/pt\/wp-json\/wp\/v2\/posts\/223442","targetHints":{"allow":["GET"]}}],"collection":[{"href":"https:\/\/www.europesays.com\/pt\/wp-json\/wp\/v2\/posts"}],"about":[{"href":"https:\/\/www.europesays.com\/pt\/wp-json\/wp\/v2\/types\/post"}],"author":[{"embeddable":true,"href":"https:\/\/www.europesays.com\/pt\/wp-json\/wp\/v2\/users\/2"}],"replies":[{"embeddable":true,"href":"https:\/\/www.europesays.com\/pt\/wp-json\/wp\/v2\/comments?post=223442"}],"version-history":[{"count":0,"href":"https:\/\/www.europesays.com\/pt\/wp-json\/wp\/v2\/posts\/223442\/revisions"}],"wp:featuredmedia":[{"embeddable":true,"href":"https:\/\/www.europesays.com\/pt\/wp-json\/wp\/v2\/media\/223443"}],"wp:attachment":[{"href":"https:\/\/www.europesays.com\/pt\/wp-json\/wp\/v2\/media?parent=223442"}],"wp:term":[{"taxonomy":"category","embeddable":true,"href":"https:\/\/www.europesays.com\/pt\/wp-json\/wp\/v2\/categories?post=223442"},{"taxonomy":"post_tag","embeddable":true,"href":"https:\/\/www.europesays.com\/pt\/wp-json\/wp\/v2\/tags?post=223442"}],"curies":[{"name":"wp","href":"https:\/\/api.w.org\/{rel}","templated":true}]}}