{"id":223454,"date":"2026-01-10T12:05:09","date_gmt":"2026-01-10T12:05:09","guid":{"rendered":"https:\/\/www.europesays.com\/pt\/223454\/"},"modified":"2026-01-10T12:05:09","modified_gmt":"2026-01-10T12:05:09","slug":"o-drama-da-a24-tera-compositor-de-homem-aranha-no-aranhaverso","status":"publish","type":"post","link":"https:\/\/www.europesays.com\/pt\/223454\/","title":{"rendered":"O Drama, da A24, ter\u00e1 compositor de Homem-Aranha no Aranhaverso"},"content":{"rendered":"<p class=\"wp-block-yoast-seo-estimated-reading-time yoast-reading-time__wrapper\">Estimated reading time: 2 minutos<\/p>\n<p>De acordo com <strong>Film Music Reporter<\/strong>, a <strong>A24<\/strong> definiu <strong>Daniel Pemberton<\/strong> como compositor da trilha sonora de <a href=\"https:\/\/ovicio.com.br\/tag\/the-drama\" target=\"_blank\" rel=\"noreferrer noopener nofollow\">O Drama<\/a>, e as grava\u00e7\u00f5es come\u00e7aram nesta semana no lend\u00e1rio <strong>Abbey Road Studios<\/strong>, em Londres.<\/p>\n<p>Conhecido por trabalhos como <strong>Homem-Aranha no Aranhaverso<\/strong>, <strong>O Agente da U.N.C.L.E.<\/strong> e <strong>Rei Arthur: A Lenda da Espada<\/strong>, Pemberton volta a colaborar com nomes de peso do cinema autoral contempor\u00e2neo.<\/p>\n<p>Sabemos que a dire\u00e7\u00e3o e roteiro ficam sob responsabilidade de <strong>Kristoffer Borgli<\/strong>, de <strong>O Homem dos Sonhos<\/strong>.<\/p>\n<p>O filme \u00e9 liderado por <strong>Zendaya<\/strong> (Euphoria) e <strong>Robert Pattinson<\/strong> (Batman), e acompanha um casal que tem seu relacionamento colocado \u00e0 prova quando um acontecimento inesperado transforma completamente a semana do casamento, fazendo tudo sair dos trilhos.<\/p>\n<p><strong>Lars Knudsen<\/strong> (O Homem do Norte) e <strong>Ari Aster<\/strong> (Heredit\u00e1rio) recebem cr\u00e9ditos como produtores.<\/p>\n<p>Leia tamb\u00e9m sobre O Drama:<\/p>\n<p><strong>O Drama<\/strong> tem estreia marcada para <strong>3 de abril nos Estados Unidos.<\/strong><\/p>\n<p><strong>Fonte<\/strong>: <a href=\"https:\/\/filmmusicreporter.com\/2026\/01\/09\/daniel-pemberton-scoring-kristoffer-borglis-the-drama\/\" target=\"_blank\" rel=\"noreferrer noopener nofollow\">Film Music Reporter<\/a><\/p>\n","protected":false},"excerpt":{"rendered":"Estimated reading time: 2 minutos De acordo com Film Music Reporter, a A24 definiu Daniel Pemberton como compositor&hellip;\n","protected":false},"author":2,"featured_media":223455,"comment_status":"","ping_status":"","sticky":false,"template":"","format":"standard","meta":{"footnotes":""},"categories":[140],"tags":[114,115,147,148,146,42618,32,33],"class_list":{"0":"post-223454","1":"post","2":"type-post","3":"status-publish","4":"format-standard","5":"has-post-thumbnail","7":"category-filmes","8":"tag-entertainment","9":"tag-entretenimento","10":"tag-film","11":"tag-filmes","12":"tag-movies","13":"tag-o-drama","14":"tag-portugal","15":"tag-pt"},"share_on_mastodon":{"url":"https:\/\/pubeurope.com\/@pt\/115870716732525307","error":""},"_links":{"self":[{"href":"https:\/\/www.europesays.com\/pt\/wp-json\/wp\/v2\/posts\/223454","targetHints":{"allow":["GET"]}}],"collection":[{"href":"https:\/\/www.europesays.com\/pt\/wp-json\/wp\/v2\/posts"}],"about":[{"href":"https:\/\/www.europesays.com\/pt\/wp-json\/wp\/v2\/types\/post"}],"author":[{"embeddable":true,"href":"https:\/\/www.europesays.com\/pt\/wp-json\/wp\/v2\/users\/2"}],"replies":[{"embeddable":true,"href":"https:\/\/www.europesays.com\/pt\/wp-json\/wp\/v2\/comments?post=223454"}],"version-history":[{"count":0,"href":"https:\/\/www.europesays.com\/pt\/wp-json\/wp\/v2\/posts\/223454\/revisions"}],"wp:featuredmedia":[{"embeddable":true,"href":"https:\/\/www.europesays.com\/pt\/wp-json\/wp\/v2\/media\/223455"}],"wp:attachment":[{"href":"https:\/\/www.europesays.com\/pt\/wp-json\/wp\/v2\/media?parent=223454"}],"wp:term":[{"taxonomy":"category","embeddable":true,"href":"https:\/\/www.europesays.com\/pt\/wp-json\/wp\/v2\/categories?post=223454"},{"taxonomy":"post_tag","embeddable":true,"href":"https:\/\/www.europesays.com\/pt\/wp-json\/wp\/v2\/tags?post=223454"}],"curies":[{"name":"wp","href":"https:\/\/api.w.org\/{rel}","templated":true}]}}