{"id":223456,"date":"2026-01-10T12:06:15","date_gmt":"2026-01-10T12:06:15","guid":{"rendered":"https:\/\/www.europesays.com\/pt\/223456\/"},"modified":"2026-01-10T12:06:15","modified_gmt":"2026-01-10T12:06:15","slug":"fc-porto-quer-rafik-guitane-e-tem-concorrencia-pesada-pelo-extremo-do-estoril-praia","status":"publish","type":"post","link":"https:\/\/www.europesays.com\/pt\/223456\/","title":{"rendered":"FC Porto quer Rafik Guitane e tem concorr\u00eancia pesada pelo extremo do Estoril Praia"},"content":{"rendered":"<p>&#8211; Advertisement &#8211;<\/p>\n<p><strong><strong>O FC Porto quer fechar a contrata\u00e7\u00e3o de Rafik Guitane. Al\u00e9m dos drag\u00f5es, tamb\u00e9m o Marselha est\u00e1 de olho no extremo do Estoril Praia.<\/strong><\/strong><\/p>\n<p>O FC Porto est\u00e1 de olho na contrata\u00e7\u00e3o de Rafik Guitane. De acordo com a Sport TV, os drag\u00f5es est\u00e3o interessados na contrata\u00e7\u00e3o do extremo do Estoril Praia j\u00e1 neste mercado de janeiro.<\/p>\n<p>O objetivo dos respons\u00e1veis do FC Porto passa pelo refor\u00e7o das op\u00e7\u00f5es ofensivas do plantel e dos jogadores para os corredores. Ainda assim, um neg\u00f3cio em janeiro n\u00e3o aparenta ter facilidades, j\u00e1 que o Marselha tamb\u00e9m est\u00e1 muito interessado no franco-argelino.<\/p>\n<p>Rafik Guitane tem 26 anos e soma dois golos e cinco assist\u00eancias em 15 jogos pelo Estoril Praia nesta temporada. O jogador <a href=\"https:\/\/bolanarede.pt\/especial-bola-na-rede\/atualidade\/estoril-praia-garante-regresso-de-rafik-guitane\/\" target=\"_blank\" rel=\"noreferrer noopener nofollow\">regressou aos canarinhos em janeiro de 2025. <\/a><\/p>\n<p><img fetchpriority=\"high\" decoding=\"async\" width=\"1024\" height=\"576\" src=\"data:image\/svg+xml,%3Csvg%20xmlns=\" http:=\"\" alt=\"Rafik Guitane Pablo Goz\u00e1lbez\" class=\"wp-image-461980 ewww_webp_lazy_load\" data-lazy- data-lazy- data-lazy-src=\"https:\/\/www.europesays.com\/pt\/wp-content\/uploads\/2026\/01\/Rafik-Guitane-Pablo-Gozalbez-1024x576.jpg\" data-lazy-src-webp=\"https:\/\/www.europesays.com\/pt\/wp-content\/uploads\/2026\/01\/Rafik-Guitane-Pablo-Gozalbez-1024x576.jpg.webp\" data-lazy-srcset-webp=\"https:\/\/www.europesays.com\/pt\/wp-content\/uploads\/2026\/01\/Rafik-Guitane-Pablo-Gozalbez-1024x576.jpg.webp 1024w, https:\/\/binny-bolanarede.b-cdn.net\/wp-content\/uploads\/2025\/12\/Rafik-Guitane-Pablo-Gozalbez-300x169.jpg.webp 300w, https:\/\/binny-bolanarede.b-cdn.net\/wp-content\/uploads\/2025\/12\/Rafik-Guitane-Pablo-Gozalbez-768x432.jpg.webp 768w, https:\/\/binny-bolanarede.b-cdn.net\/wp-content\/uploads\/2025\/12\/Rafik-Guitane-Pablo-Gozalbez-1536x864.jpg.webp 1536w, https:\/\/binny-bolanarede.b-cdn.net\/wp-content\/uploads\/2025\/12\/Rafik-Guitane-Pablo-Gozalbez-150x84.jpg.webp 150w, https:\/\/binny-bolanarede.b-cdn.net\/wp-content\/uploads\/2025\/12\/Rafik-Guitane-Pablo-Gozalbez-696x392.jpg.webp 696w, https:\/\/binny-bolanarede.b-cdn.net\/wp-content\/uploads\/2025\/12\/Rafik-Guitane-Pablo-Gozalbez-1068x601.jpg.webp 1068w, https:\/\/binny-bolanarede.b-cdn.net\/wp-content\/uploads\/2025\/12\/Rafik-Guitane-Pablo-Gozalbez.jpg.webp 1920w\"\/>Fonte: Pedro Barrelas \/ Bola na Rede<\/p>\n","protected":false},"excerpt":{"rendered":"&#8211; Advertisement &#8211; O FC Porto quer fechar a contrata\u00e7\u00e3o de Rafik Guitane. Al\u00e9m dos drag\u00f5es, tamb\u00e9m o&hellip;\n","protected":false},"author":2,"featured_media":223457,"comment_status":"","ping_status":"","sticky":false,"template":"","format":"standard","meta":{"footnotes":""},"categories":[87],"tags":[260,135,478,9173,282,32,479,33,43131,134],"class_list":{"0":"post-223456","1":"post","2":"type-post","3":"status-publish","4":"format-standard","5":"has-post-thumbnail","7":"category-desporto","8":"tag-atualidade","9":"tag-desporto","10":"tag-destaques-bnr","11":"tag-estoril-praia","12":"tag-fc-porto","13":"tag-portugal","14":"tag-primeira-liga","15":"tag-pt","16":"tag-rafik-guitane","17":"tag-sports"},"share_on_mastodon":{"url":"https:\/\/pubeurope.com\/@pt\/115870720480251903","error":""},"_links":{"self":[{"href":"https:\/\/www.europesays.com\/pt\/wp-json\/wp\/v2\/posts\/223456","targetHints":{"allow":["GET"]}}],"collection":[{"href":"https:\/\/www.europesays.com\/pt\/wp-json\/wp\/v2\/posts"}],"about":[{"href":"https:\/\/www.europesays.com\/pt\/wp-json\/wp\/v2\/types\/post"}],"author":[{"embeddable":true,"href":"https:\/\/www.europesays.com\/pt\/wp-json\/wp\/v2\/users\/2"}],"replies":[{"embeddable":true,"href":"https:\/\/www.europesays.com\/pt\/wp-json\/wp\/v2\/comments?post=223456"}],"version-history":[{"count":0,"href":"https:\/\/www.europesays.com\/pt\/wp-json\/wp\/v2\/posts\/223456\/revisions"}],"wp:featuredmedia":[{"embeddable":true,"href":"https:\/\/www.europesays.com\/pt\/wp-json\/wp\/v2\/media\/223457"}],"wp:attachment":[{"href":"https:\/\/www.europesays.com\/pt\/wp-json\/wp\/v2\/media?parent=223456"}],"wp:term":[{"taxonomy":"category","embeddable":true,"href":"https:\/\/www.europesays.com\/pt\/wp-json\/wp\/v2\/categories?post=223456"},{"taxonomy":"post_tag","embeddable":true,"href":"https:\/\/www.europesays.com\/pt\/wp-json\/wp\/v2\/tags?post=223456"}],"curies":[{"name":"wp","href":"https:\/\/api.w.org\/{rel}","templated":true}]}}