{"id":223490,"date":"2026-01-10T12:46:11","date_gmt":"2026-01-10T12:46:11","guid":{"rendered":"https:\/\/www.europesays.com\/pt\/223490\/"},"modified":"2026-01-10T12:46:11","modified_gmt":"2026-01-10T12:46:11","slug":"radio-educadora-90-3-fm-previsao-do-tempo-para-os-proximos-5-dias-em-santa-catarina-124","status":"publish","type":"post","link":"https:\/\/www.europesays.com\/pt\/223490\/","title":{"rendered":"R\u00e1dio Educadora 90.3 FM \u00bb Previs\u00e3o do tempo para os pr\u00f3ximos 5 dias em Santa Catarina"},"content":{"rendered":"<p>                                <a href=\"\" title=\"Previs\u00e3o do tempo para os pr\u00f3ximos 5 dias em Santa Catarina\">&#13;<br \/>\n                                    <img decoding=\"async\" src=\"https:\/\/www.europesays.com\/pt\/wp-content\/uploads\/2026\/01\/1768049167_748_whatsapp-image-2024-07-11-at-17-35-22.jpeg\" title=\"Previs\u00e3o do tempo para os pr\u00f3ximos 5 dias em Santa Catarina\" alt=\"Previs\u00e3o do tempo para os pr\u00f3ximos 5 dias em Santa Catarina\"\/>&#13;<br \/>\n                                <\/a><\/p>\n<p class=\"has-text-align-center\" style=\"text-align: center;\" data-raofz=\"16\"><strong>Elaborado em:<\/strong>\u00a010\/01\/2026 \u00e0s 05:00 \u2013 N\u00b0 010\/2026<\/p>\n<p class=\"has-text-align-center\" style=\"text-align: center;\" data-raofz=\"16\"><strong>Meteorologista:\u00a0<\/strong>J\u00e9ssica Silva<\/p>\n<p class=\"has-text-align-center\" style=\"text-align: center;\" data-raofz=\"16\"><strong>S\u00c1BADO (10)<\/strong><\/p>\n<p data-raofz=\"16\">\u00a0<\/p>\n<p data-raofz=\"16\"><strong>Neste s\u00e1bado (10),<\/strong>\u00a0o tempo fica inst\u00e1vel em toda Santa Catarina, com condi\u00e7\u00f5es para chuva a qualquer hora, devido a atua\u00e7\u00e3o de um Ciclone Extratropical pr\u00f3ximo ao Uruguai e ao Rio Grande do Sul que se desloca em dire\u00e7\u00e3o ao mar. H\u00e1 condi\u00e7\u00f5es para temporais com raios, rajadas de vento, queda de granizo, chuva intensa e condi\u00e7\u00f5es para tempestades severas de maneira localizada, principalmente a partir da tarde.\u00a0<strong>O risco \u00e9 alto para ocorr\u00eancias associadas a alagamentos, enxurradas, danos na rede el\u00e9trica, queda de galhos e \u00e1rvores e destelhamentos.<\/strong>\u00a0As temperaturas m\u00e1ximas, \u00e0 tarde, ultrapassam os 35 \u00b0C no Litoral Sul, variam entre 20 \u00b0C e 28 \u00b0C nos Planaltos e no Alto Vale do Itaja\u00ed e ficam entre 25 \u00b0C e 30 \u00b0C no Grande Oeste.<\/p>\n<p data-raofz=\"16\">\u00a0<\/p>\n<p><img decoding=\"async\" loading=\"lazy\" class=\"wp-image-19163 aligncenter\" src=\"https:\/\/www.europesays.com\/pt\/wp-content\/uploads\/2026\/01\/image-216-1024x695.png\"   alt=\"\" width=\"548\" height=\"372\"\/><\/p>\n<p>\u00a0<\/p>\n<p class=\"has-text-align-center\" style=\"text-align: center;\" data-raofz=\"16\"><strong>DOMINGO (11)<\/strong><\/p>\n<p data-raofz=\"16\">\u00a0<\/p>\n<p data-raofz=\"16\"><strong>No domingo (11),\u00a0<\/strong>o tempo permanece inst\u00e1vel em todas as regi\u00f5es, com condi\u00e7\u00f5es para chuva a qualquer hora. \u00c0 tarde, aumentam as condi\u00e7\u00f5es para temporais com raios, rajadas de vento, chuva intensa e queda de granizo, especialmente na metade leste de Santa Catarina. Nestas \u00e1reas,<strong>\u00a0o risco permanece alto para ocorr\u00eancias associadas a alagamentos, enxurradas, danos na rede el\u00e9trica, queda de galhos e \u00e1rvores e destelhamentos. Nas demais regi\u00f5es, o risco \u00e9 moderado para ocorr\u00eancias associadas.\u00a0<\/strong>As temperaturas chegam aos 33 \u00b0C no Litoral Sul, variam entre 20 \u00b0C e 30 \u00b0C nos Planaltos e no Alto Vale do Itaja\u00ed, e ficam entre 20 \u00b0C e 27 \u00b0C no Grande Oeste.\u00a0<\/p>\n<p data-raofz=\"16\">\u00a0<\/p>\n<p><img decoding=\"async\" loading=\"lazy\" class=\"wp-image-19164 aligncenter\" src=\"https:\/\/www.europesays.com\/pt\/wp-content\/uploads\/2026\/01\/image-217-1024x695.png\"   alt=\"\" width=\"548\" height=\"372\"\/><\/p>\n<p>\u00a0<\/p>\n<p class=\"has-text-align-center\" style=\"text-align: center;\" data-raofz=\"16\"><strong>SEGUNDA-FEIRA (12)<\/strong><\/p>\n<p data-raofz=\"16\">\u00a0<\/p>\n<p data-raofz=\"16\"><strong>Na segunda-feira (12),<\/strong>\u00a0as instabilidades se afastam para alto mar, mas o tempo permanece inst\u00e1vel em SC, com varia\u00e7\u00e3o de nebulosidade e chuva a qualquer momento, especialmente dos Planaltos ao Litoral. \u00c0 tarde, h\u00e1 condi\u00e7\u00f5es para novos temporais com raios, rajadas de vento e eventual queda de granizo na\u00a0<strong>metade leste do estado<\/strong>, onde\u00a0<strong>o risco \u00e9 moderado para ocorr\u00eancias associadas a alagamentos, enxurradas pontuais, queda de galhos e \u00e1rvores e destelhamentos.\u00a0<\/strong>Neste dia, as temperaturas m\u00e1ximas variam entre 27\u00b0C e 30\u00b0C \u00e0 tarde.\u00a0<\/p>\n<p data-raofz=\"16\">\u00a0<\/p>\n<p><img decoding=\"async\" loading=\"lazy\" class=\"wp-image-19165 aligncenter\" src=\"https:\/\/www.europesays.com\/pt\/wp-content\/uploads\/2026\/01\/image-218-1024x695.png\"   alt=\"\" width=\"547\" height=\"371\"\/><\/p>\n<p>\u00a0<\/p>\n<p class=\"has-text-align-center\" style=\"text-align: center;\" data-raofz=\"16\"><strong>TEND\u00caNCIA PARA OS PR\u00d3XIMOS DIAS<\/strong><\/p>\n<p data-raofz=\"16\">\u00a0<\/p>\n<p data-raofz=\"16\">Na\u00a0<strong>ter\u00e7a-feira (13)<\/strong>\u00a0e\u00a0<strong>na quarta-feira (14),\u00a0<\/strong>os dias voltam a ser t\u00edpicos de ver\u00e3o: predom\u00ednio de sol, temperaturas em eleva\u00e7\u00e3o, sensa\u00e7\u00e3o de calor e, \u00e0 tarde, temporais isolados com raios, rajadas de vento, chuva pontualmente intensa e queda de granizo.\u00a0<\/p>\n<p data-raofz=\"16\">\u00a0<\/p>\n<p><img decoding=\"async\" loading=\"lazy\" class=\"wp-image-17691 aligncenter\" src=\"https:\/\/www.europesays.com\/pt\/wp-content\/uploads\/2025\/12\/image-700-1024x221.png\"   alt=\"\" width=\"769\" height=\"166\"\/><\/p>\n<p>                Fonte: Secretaria de Estado de Prote\u00e7\u00e3o e Defesa Civil                <\/p>\n","protected":false},"excerpt":{"rendered":"&#13; &#13; Elaborado em:\u00a010\/01\/2026 \u00e0s 05:00 \u2013 N\u00b0 010\/2026 Meteorologista:\u00a0J\u00e9ssica Silva S\u00c1BADO (10) \u00a0 Neste s\u00e1bado (10),\u00a0o tempo&hellip;\n","protected":false},"author":2,"featured_media":186793,"comment_status":"","ping_status":"","sticky":false,"template":"","format":"standard","meta":{"footnotes":""},"categories":[141],"tags":[114,115,149,150,32,33],"class_list":{"0":"post-223490","1":"post","2":"type-post","3":"status-publish","4":"format-standard","5":"has-post-thumbnail","7":"category-musica","8":"tag-entertainment","9":"tag-entretenimento","10":"tag-music","11":"tag-musica","12":"tag-portugal","13":"tag-pt"},"share_on_mastodon":{"url":"https:\/\/pubeurope.com\/@pt\/115870878018269326","error":""},"_links":{"self":[{"href":"https:\/\/www.europesays.com\/pt\/wp-json\/wp\/v2\/posts\/223490","targetHints":{"allow":["GET"]}}],"collection":[{"href":"https:\/\/www.europesays.com\/pt\/wp-json\/wp\/v2\/posts"}],"about":[{"href":"https:\/\/www.europesays.com\/pt\/wp-json\/wp\/v2\/types\/post"}],"author":[{"embeddable":true,"href":"https:\/\/www.europesays.com\/pt\/wp-json\/wp\/v2\/users\/2"}],"replies":[{"embeddable":true,"href":"https:\/\/www.europesays.com\/pt\/wp-json\/wp\/v2\/comments?post=223490"}],"version-history":[{"count":0,"href":"https:\/\/www.europesays.com\/pt\/wp-json\/wp\/v2\/posts\/223490\/revisions"}],"wp:featuredmedia":[{"embeddable":true,"href":"https:\/\/www.europesays.com\/pt\/wp-json\/wp\/v2\/media\/186793"}],"wp:attachment":[{"href":"https:\/\/www.europesays.com\/pt\/wp-json\/wp\/v2\/media?parent=223490"}],"wp:term":[{"taxonomy":"category","embeddable":true,"href":"https:\/\/www.europesays.com\/pt\/wp-json\/wp\/v2\/categories?post=223490"},{"taxonomy":"post_tag","embeddable":true,"href":"https:\/\/www.europesays.com\/pt\/wp-json\/wp\/v2\/tags?post=223490"}],"curies":[{"name":"wp","href":"https:\/\/api.w.org\/{rel}","templated":true}]}}