{"id":223509,"date":"2026-01-10T13:09:07","date_gmt":"2026-01-10T13:09:07","guid":{"rendered":"https:\/\/www.europesays.com\/pt\/223509\/"},"modified":"2026-01-10T13:09:07","modified_gmt":"2026-01-10T13:09:07","slug":"sporting-e-benfica-em-branco-no-derbi-de-iniciados","status":"publish","type":"post","link":"https:\/\/www.europesays.com\/pt\/223509\/","title":{"rendered":"Sporting e Benfica em branco no d\u00e9rbi de Iniciados"},"content":{"rendered":"<p><a class=\"autolink-enabled\" data-resource-id=\"448\" data-resource-type=\"team\" data-sport=\"football\" href=\"https:\/\/www.abola.pt\/futebol\/sporting-448\" rel=\"nofollow noopener\" target=\"_blank\">Sporting<\/a> e <a class=\"autolink-enabled\" data-resource-id=\"450\" data-resource-type=\"team\" data-sport=\"football\" href=\"https:\/\/www.abola.pt\/futebol\/benfica-450\" rel=\"nofollow noopener\" target=\"_blank\">Benfica<\/a> empataram sem golos em jogo da 17.\u00aa jornada do campeonato de Iniciados, pen\u00faltima ronda da primeira fase.<\/p>\n<p>O Sporting entrou para o jogo com o apuramento para a fase seguinte garantido, e agora assegurou o primeiro lugar, num campeonato em que ainda n\u00e3o sofreu qualquer derrota, acumulando apenas tr\u00eas empates.<\/p>\n<p>Em Alcochete, o l\u00edder Sporting foi mais perigoso e dominador ao longo de todo o jogo. Basta olhar para a estat\u00edstica da primeira parte, com os le\u00f5es a registarem 12 remates e as \u00e0guias apenas um.<\/p>\n<p>Houve ligeira rea\u00e7\u00e3o do Benfica no in\u00edcio da segunda parte, obrigando o guarda-redes Joaquim Cabe\u00e7ana &#8211; que entrara ao intervalo a render Tiago Gimo &#8211; a duas defesas seguidas.<\/p>\n<p>David Makinde e Aladje Cont\u00e9 foram duas constantes setas apontadas \u00e0 baliza de Louren\u00e7o Lu\u00eds, mas este foi conseguindo resolver os problemas colocados. <\/p>\n<p>A segunda parte foi pontuada com v\u00e1rios momentos de substitui\u00e7\u00f5es, sendo que o Benfica perdeu duas unidades por les\u00e3o, Gabriel Paradela e Jos\u00e9 Fonseca. <\/p>\n<p>Com este resultado,\u00a0o\u00a0Sporting chega aos 45 pontos, o Benfica aos 39.<\/p>\n<p><strong>Onze do Sporting<\/strong>: Tiago Gimo, Jo\u00e3o Rodrigues, Bernardo Lavos, Nicolas Apar\u00edcio, Sim\u00e3o Margato, Lu\u00eds Gon\u00e7alves (C), Duarte Gomes, Jacobo Apar\u00edcio, David Terna, David Makinde e Aladje Cont\u00e9<\/p>\n<p><strong>Onze do Benfica:<\/strong> Louren\u00e7o Lu\u00eds; Piers Pinnock, Gabriel Paradela, Leonardo Gori, Jos\u00e9 Fonseca, Gabriel Dias, Tiago Sousa, Eduardo Pisco, Gon\u00e7alo Tavares, Jo\u00e3o Campos e Louren\u00e7o Ramos<\/p>\n<p>J\u00e1 na primeira volta as equipas tinham empatado, mas 1-1. <\/p>\n","protected":false},"excerpt":{"rendered":"Sporting e Benfica empataram sem golos em jogo da 17.\u00aa jornada do campeonato de Iniciados, pen\u00faltima ronda da&hellip;\n","protected":false},"author":2,"featured_media":223510,"comment_status":"","ping_status":"","sticky":false,"template":"","format":"standard","meta":{"footnotes":""},"categories":[8],"tags":[27,28,15,16,14,25,26,21,22,12,13,19,20,32,23,24,33,17,18,29,30,31],"class_list":{"0":"post-223509","1":"post","2":"type-post","3":"status-publish","4":"format-standard","5":"has-post-thumbnail","7":"category-principais-noticias","8":"tag-breaking-news","9":"tag-breakingnews","10":"tag-featured-news","11":"tag-featurednews","12":"tag-headlines","13":"tag-latest-news","14":"tag-latestnews","15":"tag-main-news","16":"tag-mainnews","17":"tag-news","18":"tag-noticias","19":"tag-noticias-principais","20":"tag-noticiasprincipais","21":"tag-portugal","22":"tag-principais-noticias","23":"tag-principaisnoticias","24":"tag-pt","25":"tag-top-stories","26":"tag-topstories","27":"tag-ultimas","28":"tag-ultimas-noticias","29":"tag-ultimasnoticias"},"share_on_mastodon":{"url":"https:\/\/pubeurope.com\/@pt\/115870968265719357","error":""},"_links":{"self":[{"href":"https:\/\/www.europesays.com\/pt\/wp-json\/wp\/v2\/posts\/223509","targetHints":{"allow":["GET"]}}],"collection":[{"href":"https:\/\/www.europesays.com\/pt\/wp-json\/wp\/v2\/posts"}],"about":[{"href":"https:\/\/www.europesays.com\/pt\/wp-json\/wp\/v2\/types\/post"}],"author":[{"embeddable":true,"href":"https:\/\/www.europesays.com\/pt\/wp-json\/wp\/v2\/users\/2"}],"replies":[{"embeddable":true,"href":"https:\/\/www.europesays.com\/pt\/wp-json\/wp\/v2\/comments?post=223509"}],"version-history":[{"count":0,"href":"https:\/\/www.europesays.com\/pt\/wp-json\/wp\/v2\/posts\/223509\/revisions"}],"wp:featuredmedia":[{"embeddable":true,"href":"https:\/\/www.europesays.com\/pt\/wp-json\/wp\/v2\/media\/223510"}],"wp:attachment":[{"href":"https:\/\/www.europesays.com\/pt\/wp-json\/wp\/v2\/media?parent=223509"}],"wp:term":[{"taxonomy":"category","embeddable":true,"href":"https:\/\/www.europesays.com\/pt\/wp-json\/wp\/v2\/categories?post=223509"},{"taxonomy":"post_tag","embeddable":true,"href":"https:\/\/www.europesays.com\/pt\/wp-json\/wp\/v2\/tags?post=223509"}],"curies":[{"name":"wp","href":"https:\/\/api.w.org\/{rel}","templated":true}]}}