{"id":223513,"date":"2026-01-10T13:13:19","date_gmt":"2026-01-10T13:13:19","guid":{"rendered":"https:\/\/www.europesays.com\/pt\/223513\/"},"modified":"2026-01-10T13:13:19","modified_gmt":"2026-01-10T13:13:19","slug":"em-mae-trancada-e-sob-pressao-melek-enfrenta-a-dureza-da-vida-para-proteger-o-irmao-record","status":"publish","type":"post","link":"https:\/\/www.europesays.com\/pt\/223513\/","title":{"rendered":"Em M\u00e3e, trancada e sob press\u00e3o, Melek enfrenta a dureza da vida para proteger o irm\u00e3o \u2013 Record"},"content":{"rendered":"<p><img decoding=\"async\" data-chromatic=\"ignore\" alt=\"\" class=\"c-image\" loading=\"lazy\" src=\"https:\/\/www.europesays.com\/pt\/wp-content\/uploads\/2026\/01\/2424T576FRFTZKV5FCWVLCFMOM.png\"  width=\"677\" height=\"369\"\/>Longe de Zeynep, Melek volta a enfrentar dificuldades Reprodu\u00e7\u00e3o\/RECORD <\/p>\n<p class=\"jarvics:base-text-neutral-high-400 base-text-[calc(theme(fontSize.xs)_*_var(--font-size,_1))] base-font-normal base-font-primary base-text-neutral-low-500 base-text-left\">Nesta sexta-feira (9) \u00e9 dia de novos conflitos e emo\u00e7\u00f5es intensas em <a href=\"https:\/\/record.r7.com\/mae\/\" target=\"_self\" rel=\"nofollow noopener\" title=\"https:\/\/record.r7.com\/mae\/\"><b>M\u00e3e<\/b><\/a>.<b> <\/b>Trancada e sob press\u00e3o, Melek\/Turna (Beren G\u00f6ky\u0131ld\u0131z) tenta impedir que o irm\u00e3o se machuque, mostrando maturidade al\u00e9m da idade. <\/p>\n<p class=\"jarvics:base-text-neutral-high-400 base-text-[calc(theme(fontSize.xs)_*_var(--font-size,_1))] base-font-normal base-font-primary base-text-neutral-low-500 base-text-left\">Para garantir algum sustento, ela pega seus bonecos improvisados e vai \u00e0s ruas vender o pouco que tem, enfrentando a dureza da realidade com coragem e determina\u00e7\u00e3o. <\/p>\n<p class=\"jarvics:base-text-neutral-high-400 base-text-[calc(theme(fontSize.xs)_*_var(--font-size,_1))] base-font-normal base-font-primary base-text-neutral-low-500 base-text-left\">Enquanto isso, decidida a manter o segredo, Cahide (G\u00fclenay Kalkan) procura G\u00f6n\u00fcl (Vahide Per\u00e7in) para impedir que a verdade sobre a suposta morte de Melek\/Turna venha \u00e0 tona. <\/p>\n<p class=\"jarvics:base-text-neutral-high-400 base-text-[calc(theme(fontSize.xs)_*_var(--font-size,_1))] base-font-normal base-font-primary base-text-neutral-low-500 base-text-left\">Ainda assim, o destino provoca encontros perigosamente pr\u00f3ximos: Zeynep (Cansu Dere) sai para fotografar e, sem perceber, cruza o caminho da filha adotiva. Melek\/Turna reconhece a \u201cm\u00e3e\u201d, mas escolhe o sil\u00eancio, evitando chamar aten\u00e7\u00e3o. <\/p>\n<p class=\"jarvics:base-text-neutral-high-400 base-text-[calc(theme(fontSize.xs)_*_var(--font-size,_1))] base-font-normal base-font-primary base-text-neutral-low-500 base-text-left\">Em casa, Duru (Ahsen Ero\u011flu) desperta animada com a chegada de seu anivers\u00e1rio, enquanto \u015eule (Gonca Vuslateri) discute com Cengiz (Berkay Ates) por ele exigir que ela viva apenas para o trabalho. <\/p>\n<p class=\"jarvics:base-text-neutral-high-400 base-text-[calc(theme(fontSize.xs)_*_var(--font-size,_1))] base-font-normal base-font-primary base-text-neutral-low-500 base-text-left\">A rotina segue tensa, e a preocupa\u00e7\u00e3o de Melek\/Turna com o irm\u00e3o a leva at\u00e9 o posto de sa\u00fade para vacin\u00e1-lo, revelando mais uma vez seu instinto protetor. <\/p>\n<p class=\"jarvics:base-text-neutral-high-400 base-text-[calc(theme(fontSize.xs)_*_var(--font-size,_1))] base-font-normal base-font-primary base-text-neutral-low-500 base-text-left\">No local, a curiosidade fala mais alto e, ao ver funcion\u00e1rias usando uma rede social, Melek\/Turna decide pesquisar o nome de Zeynep G\u00fcne\u015f e descobre que a fot\u00f3grafa se casou h\u00e1 poucos meses, em Istambul. <\/p>\n<p class=\"jarvics:base-text-neutral-high-400 base-text-[calc(theme(fontSize.xs)_*_var(--font-size,_1))] base-font-normal base-font-primary base-text-neutral-low-500 base-text-left\">Pouco depois, G\u00f6n\u00fcl consegue avistar Melek\/Turna de longe e se emociona. Sem se revelar, a Senhora Pateta deixa uma caixa de comida na porta da casa de \u015eule \u2014 gesto que enche Melek\/Turna de alegria ao conseguir alimentar o irm\u00e3o. <\/p>\n<p class=\"jarvics:base-text-neutral-high-400 base-text-[calc(theme(fontSize.xs)_*_var(--font-size,_1))] base-font-normal base-font-primary base-text-neutral-low-500 base-text-left\">A novela <a href=\"https:\/\/record.r7.com\/mae\/\" target=\"_self\" rel=\"nofollow noopener\" title=\"https:\/\/record.r7.com\/mae\/\"><b>M\u00e3e<\/b><\/a> \u00e9 exibida de segunda a sexta-feira, a partir das 21h, na tela da <a href=\"https:\/\/record.r7.com\/\" target=\"_self\" rel=\"nofollow noopener\" title=\"https:\/\/record.r7.com\/\"><b>RECORD<\/b><\/a>. Acesse o <a href=\"https:\/\/descubra.recordplus.com\/\" rel=\"nofollow noopener\" title=\"https:\/\/descubra.recordplus.com\/\" target=\"_blank\"><b>RecordPlus<\/b><\/a> para rever os cap\u00edtulos.<\/p>\n<p>Acidente, gravidez e vil\u00e3o baleado: confira o resum\u00e3o da novela M\u00e3e<\/p>\n<p class=\"jarvics:base-text-neutral-high-400 base-text-[calc(theme(fontSize.xxs)_*_var(--font-size,_1))] base-font-semibold base-font-primary base-text-neutral-low-500 base-text-left\">Se voc\u00ea curtiu as festas de fim de ano e n\u00e3o acompanhou a novela M\u00e3e todos os dias, chega mais que tem um resum\u00e3o daqueles! Afinal, \u00e9 aquilo, se piscar, tem uma reviravolta. Teve sequestro, vil\u00e3o baleado, fim de namoro, acidente grave e protagonista perdendo o movimento das pernas. Se liga em tudo! <\/p>\n","protected":false},"excerpt":{"rendered":"Longe de Zeynep, Melek volta a enfrentar dificuldades Reprodu\u00e7\u00e3o\/RECORD Nesta sexta-feira (9) \u00e9 dia de novos conflitos e&hellip;\n","protected":false},"author":2,"featured_media":223514,"comment_status":"","ping_status":"","sticky":false,"template":"","format":"standard","meta":{"footnotes":""},"categories":[142],"tags":[114,115,29441,32,33,2428,151],"class_list":{"0":"post-223513","1":"post","2":"type-post","3":"status-publish","4":"format-standard","5":"has-post-thumbnail","7":"category-tv","8":"tag-entertainment","9":"tag-entretenimento","10":"tag-novela-mae","11":"tag-portugal","12":"tag-pt","13":"tag-turquia","14":"tag-tv"},"share_on_mastodon":{"url":"https:\/\/pubeurope.com\/@pt\/115870984013009090","error":""},"_links":{"self":[{"href":"https:\/\/www.europesays.com\/pt\/wp-json\/wp\/v2\/posts\/223513","targetHints":{"allow":["GET"]}}],"collection":[{"href":"https:\/\/www.europesays.com\/pt\/wp-json\/wp\/v2\/posts"}],"about":[{"href":"https:\/\/www.europesays.com\/pt\/wp-json\/wp\/v2\/types\/post"}],"author":[{"embeddable":true,"href":"https:\/\/www.europesays.com\/pt\/wp-json\/wp\/v2\/users\/2"}],"replies":[{"embeddable":true,"href":"https:\/\/www.europesays.com\/pt\/wp-json\/wp\/v2\/comments?post=223513"}],"version-history":[{"count":0,"href":"https:\/\/www.europesays.com\/pt\/wp-json\/wp\/v2\/posts\/223513\/revisions"}],"wp:featuredmedia":[{"embeddable":true,"href":"https:\/\/www.europesays.com\/pt\/wp-json\/wp\/v2\/media\/223514"}],"wp:attachment":[{"href":"https:\/\/www.europesays.com\/pt\/wp-json\/wp\/v2\/media?parent=223513"}],"wp:term":[{"taxonomy":"category","embeddable":true,"href":"https:\/\/www.europesays.com\/pt\/wp-json\/wp\/v2\/categories?post=223513"},{"taxonomy":"post_tag","embeddable":true,"href":"https:\/\/www.europesays.com\/pt\/wp-json\/wp\/v2\/tags?post=223513"}],"curies":[{"name":"wp","href":"https:\/\/api.w.org\/{rel}","templated":true}]}}