{"id":223519,"date":"2026-01-10T13:21:15","date_gmt":"2026-01-10T13:21:15","guid":{"rendered":"https:\/\/www.europesays.com\/pt\/223519\/"},"modified":"2026-01-10T13:21:15","modified_gmt":"2026-01-10T13:21:15","slug":"ha-uma-nuvem-de-plastico-oculta-a-pairar-sobre-as-cidades","status":"publish","type":"post","link":"https:\/\/www.europesays.com\/pt\/223519\/","title":{"rendered":"H\u00e1 uma nuvem de pl\u00e1stico oculta a pairar sobre as cidades"},"content":{"rendered":"<p class=\"wp-caption-text top\"><a href=\"https:\/\/www.pexels.com\/photo\/sunlight-with-white-clouds-296234\/\" rel=\"nofollow external noopener noreferrer\" data-wpel-link=\"external\" target=\"_blank\" class=\"ext-link\">Lukas \/ Pexels<\/a><\/p>\n<p><img decoding=\"async\" loading=\"lazy\" class=\"wp-image-527301 size-kopa-image-size-3\" src=\"https:\/\/www.europesays.com\/pt\/wp-content\/uploads\/2026\/01\/73e6ea27170210aad175b94175eb1367-783x450.jpg\" alt=\"\" width=\"700\" height=\"402\"  \/><\/p>\n<p><strong>Uma nova pesquisa concluiu que a presen\u00e7a de micropl\u00e1sticos no ar pode ser duas a seis vezes maior do que se pensava.<\/strong><\/p>\n<p>O ar em redor das cidades pode conter <strong>n\u00edveis de polui\u00e7\u00e3o pl\u00e1stica microsc\u00f3pica<\/strong> muito mais elevados do que os cientistas acreditavam anteriormente, de acordo com uma nova investiga\u00e7\u00e3o <a href=\"https:\/\/www.science.org\/doi\/10.1126\/sciadv.adz7779\" data-wpel-link=\"external\" target=\"_blank\" rel=\"nofollow external noopener noreferrer\" class=\"ext-link\">publicada<\/a> na revista Science Advances.<\/p>\n<p>Utilizando um m\u00e9todo de dete\u00e7\u00e3o inovador, os investigadores encontraram concentra\u00e7\u00f5es de part\u00edculas pl\u00e1sticas em suspens\u00e3o no ar ordens de grandeza <strong>superiores \u00e0s estimativas anteriores<\/strong>, o que levanta novas preocupa\u00e7\u00f5es sobre o papel dos pl\u00e1sticos no clima, nos ecossistemas e na sa\u00fade humana.<\/p>\n<p>Nas \u00faltimas duas d\u00e9cadas, os cientistas identificaram os micropl\u00e1sticos \u2014 part\u00edculas com menos de 5 mil\u00edmetros \u2014 e os nanopl\u00e1sticos, ainda mais pequenos, como um poluente global emergente. Estas part\u00edculas j\u00e1 foram detetadas em todo o sistema terrestre, desde os oceanos e solos at\u00e9 aos organismos vivos.<\/p>\n<p>No entanto, a atmosfera continua a ser a componente menos compreendida do ciclo global do pl\u00e1stico, principalmente porque as ferramentas existentes t\u00eam dificuldade em detetar part\u00edculas em tamanhos microsc\u00f3picos e nanom\u00e9tricos de forma fi\u00e1vel.<\/p>\n<p>Para colmatar esta lacuna, uma equipa de investiga\u00e7\u00e3o do Instituto do Ambiente Terrestre da Academia Chinesa de Ci\u00eancias desenvolveu uma nova abordagem anal\u00edtica semiautomatizada para <strong>medir part\u00edculas de pl\u00e1stico no ar<\/strong>. O m\u00e9todo rastreia os pl\u00e1sticos em m\u00faltiplas vias atmosf\u00e9ricas, incluindo part\u00edculas em suspens\u00e3o no ar, poeira, chuva, neve e ressuspens\u00e3o de poeira.<\/p>\n<p>Os investigadores testaram o seu sistema em duas grandes cidades chinesas, Cant\u00e3o e Xi\u2019an. A sua abordagem utiliza microscopia eletr\u00f3nica de varrimento controlada por computador, <strong>reduzindo significativamente a subjetividade humana<\/strong> em compara\u00e7\u00e3o com as t\u00e9cnicas tradicionais de identifica\u00e7\u00e3o visual. Isto permitiu \u00e0 equipa detetar part\u00edculas de pl\u00e1stico de forma mais consistente e em tamanhos muito mais pequenos do que os m\u00e9todos anteriores.<\/p>\n<p>Os resultados foram impressionantes. As concentra\u00e7\u00f5es de pl\u00e1stico medidas nas part\u00edculas totais em suspens\u00e3o e no p\u00f3 depositado foram <strong>duas a seis ordens de grandeza superiores<\/strong> aos n\u00edveis reportados em estudos anteriores que se baseavam em m\u00e9todos de an\u00e1lise manual, como a espectroscopia \u03bc-FTIR ou \u03bc-Raman. As descobertas sugerem que a polui\u00e7\u00e3o atmosf\u00e9rica por pl\u00e1stico tem sido drasticamente subestimada, refere o <a href=\"https:\/\/scitechdaily.com\/scientists-find-a-hidden-plastic-cloud-hanging-over-cities\/\" data-wpel-link=\"external\" target=\"_blank\" rel=\"nofollow external noopener noreferrer\" class=\"ext-link\">SciTech Daily<\/a>.<\/p>\n<p>O estudo mostrou ainda que o movimento e a distribui\u00e7\u00e3o de micropl\u00e1sticos e nanopl\u00e1sticos variaram amplamente ao longo das trajet\u00f3rias atmosf\u00e9ricas, abrangendo diferen\u00e7as de duas a cinco ordens de grandeza. Grande parte desta varia\u00e7\u00e3o esteve<strong> associada ao p\u00f3 das ruas ser lan\u00e7ado de volta para o ar<\/strong> e a processos de deposi\u00e7\u00e3o h\u00famida, como a chuva e a neve. \u00c0 medida que os pl\u00e1sticos viajavam pela atmosfera, as part\u00edculas tendiam a aglomerar-se, levando a misturas mais diversas nas amostras depositadas do que nos aeross\u00f3is em suspens\u00e3o.<\/p>\n<p>Notavelmente, a investiga\u00e7\u00e3o marca a primeira vez que nanopl\u00e1sticos com apenas Ao esclarecer como os pl\u00e1sticos se movem, se transformam e, eventualmente, se depositam na atmosfera, o estudo oferece informa\u00e7\u00f5es cruciais sobre os seus potenciais impactos nos sistemas clim\u00e1ticos, nos ecossistemas e na sa\u00fade humana.<\/p>\n<p>    <a href=\"https:\/\/zap.aeiou.pt\/subscrever-newsletter\" data-wpel-link=\"internal\" rel=\"nofollow noopener\" target=\"_blank\">&#13;<br \/>\n        <img loading=\"lazy\" decoding=\"async\" class=\"aligncenter size-full wp-image-575475\" src=\"https:\/\/www.europesays.com\/pt\/wp-content\/uploads\/2025\/12\/1765389371_545_2d51fe4a0ba54894421ead1809309ed9-1-450x140.jpg\" alt=\"Subscreva a Newsletter ZAP\" width=\"450\" height=\"140\"\/>&#13;<br \/>\n    <\/a><\/p>\n<p>                <a href=\"https:\/\/whatsapp.com\/channel\/0029VaIC4EE2f3EJZPPSbR34\" data-wpel-link=\"external\" target=\"_blank\" rel=\"nofollow external noopener noreferrer\" class=\"ext-link\">&#13;<br \/>\n                    <img loading=\"lazy\" decoding=\"async\" class=\"aligncenter size-full wp-image-575475\" src=\"https:\/\/www.europesays.com\/pt\/wp-content\/uploads\/2025\/12\/1765389371_770_c68c559d956d4ca20f435ed74a6e71e6.png\" alt=\"Siga-nos no WhatsApp\" width=\"175\" height=\"64\"\/>&#13;<br \/>\n                <\/a><\/p>\n<p>                <a href=\"https:\/\/news.google.com\/publications\/CAAiEHRwZondIV71PDjWNoqMduEqFAgKIhB0cGaJ3SFe9Tw41jaKjHbh?hl=en-US&amp;gl=US&amp;ceid=US%3Aen\" data-wpel-link=\"external\" target=\"_blank\" rel=\"nofollow external noopener noreferrer\" class=\"ext-link\">&#13;<br \/>\n                    <img loading=\"lazy\" decoding=\"async\" class=\"aligncenter size-full wp-image-575475\" src=\"https:\/\/www.europesays.com\/pt\/wp-content\/uploads\/2025\/12\/1765389372_556_5123dd8b087b644fdb8f8603acd1bad4.png\" alt=\"Siga-nos no Google News\" width=\"176\" height=\"64\"\/>&#13;<br \/>\n                <\/a><\/p>\n","protected":false},"excerpt":{"rendered":"Lukas \/ Pexels Uma nova pesquisa concluiu que a presen\u00e7a de micropl\u00e1sticos no ar pode ser duas a&hellip;\n","protected":false},"author":2,"featured_media":223520,"comment_status":"","ping_status":"","sticky":false,"template":"","format":"standard","meta":{"footnotes":""},"categories":[50],"tags":[964,27,28,15,16,14,25,26,21,22,62,12,13,19,20,23,24,117,17,18,29,30,31,63,64,65],"class_list":{"0":"post-223519","1":"post","2":"type-post","3":"status-publish","4":"format-standard","5":"has-post-thumbnail","7":"category-mundo","8":"tag-ambiente","9":"tag-breaking-news","10":"tag-breakingnews","11":"tag-featured-news","12":"tag-featurednews","13":"tag-headlines","14":"tag-latest-news","15":"tag-latestnews","16":"tag-main-news","17":"tag-mainnews","18":"tag-mundo","19":"tag-news","20":"tag-noticias","21":"tag-noticias-principais","22":"tag-noticiasprincipais","23":"tag-principais-noticias","24":"tag-principaisnoticias","25":"tag-saude","26":"tag-top-stories","27":"tag-topstories","28":"tag-ultimas","29":"tag-ultimas-noticias","30":"tag-ultimasnoticias","31":"tag-world","32":"tag-world-news","33":"tag-worldnews"},"share_on_mastodon":{"url":"https:\/\/pubeurope.com\/@pt\/115871015467854239","error":""},"_links":{"self":[{"href":"https:\/\/www.europesays.com\/pt\/wp-json\/wp\/v2\/posts\/223519","targetHints":{"allow":["GET"]}}],"collection":[{"href":"https:\/\/www.europesays.com\/pt\/wp-json\/wp\/v2\/posts"}],"about":[{"href":"https:\/\/www.europesays.com\/pt\/wp-json\/wp\/v2\/types\/post"}],"author":[{"embeddable":true,"href":"https:\/\/www.europesays.com\/pt\/wp-json\/wp\/v2\/users\/2"}],"replies":[{"embeddable":true,"href":"https:\/\/www.europesays.com\/pt\/wp-json\/wp\/v2\/comments?post=223519"}],"version-history":[{"count":0,"href":"https:\/\/www.europesays.com\/pt\/wp-json\/wp\/v2\/posts\/223519\/revisions"}],"wp:featuredmedia":[{"embeddable":true,"href":"https:\/\/www.europesays.com\/pt\/wp-json\/wp\/v2\/media\/223520"}],"wp:attachment":[{"href":"https:\/\/www.europesays.com\/pt\/wp-json\/wp\/v2\/media?parent=223519"}],"wp:term":[{"taxonomy":"category","embeddable":true,"href":"https:\/\/www.europesays.com\/pt\/wp-json\/wp\/v2\/categories?post=223519"},{"taxonomy":"post_tag","embeddable":true,"href":"https:\/\/www.europesays.com\/pt\/wp-json\/wp\/v2\/tags?post=223519"}],"curies":[{"name":"wp","href":"https:\/\/api.w.org\/{rel}","templated":true}]}}