{"id":223521,"date":"2026-01-10T13:23:15","date_gmt":"2026-01-10T13:23:15","guid":{"rendered":"https:\/\/www.europesays.com\/pt\/223521\/"},"modified":"2026-01-10T13:23:15","modified_gmt":"2026-01-10T13:23:15","slug":"reza-pahlavi-pede-a-trump-acao-no-irao-observador","status":"publish","type":"post","link":"https:\/\/www.europesays.com\/pt\/223521\/","title":{"rendered":"Reza Pahlavi pede a Trump &#8220;a\u00e7\u00e3o&#8221; no Ir\u00e3o \u2013 Observador"},"content":{"rendered":"<p>O autoproclamado pr\u00edncipe herdeiro do Ir\u00e3o, Reza Pahlavi, dirigiu-se diretamente a Donald Trump pela segunda vez em pouco tempo atrav\u00e9s de publica\u00e7\u00f5es nas redes sociais. Depois de ter pedido aos \u201cl\u00edderes europeus\u201d para seguirem o exemplo do Presidente dos EUA e \u201cdo mundo livre\u201d, agora, voltou a apelar \u00e0 interven\u00e7\u00e3o da Casa Branca nos protestos.<\/p>\n<p>\u201c<strong>Presidente [Trump], isto \u00e9 um apelo imediato e urgente para a sua a\u00e7\u00e3o, aten\u00e7\u00e3o e apoio.<\/strong> Na \u00faltima noite, viu os milh\u00f5es de iranianos corajosos que enfrentaram balas nas ruas. Hoje, enfrentam um apag\u00e3o total das comunica\u00e7\u00f5es, em vez das balas\u201d.<\/p>\n<p>O Filho do \u00faltimo x\u00e1 do Ir\u00e3o refor\u00e7ou que Ali Khamenei \u201camea\u00e7ou as pessoas nas ruas\u201d por \u201cter medo do fim do seu regime criminoso \u00e0s m\u00e3os das pessoas\u201d. Para Reza, esta intensifica\u00e7\u00e3o da a\u00e7\u00e3o do regime iraniano tamb\u00e9m aconteceu por Trump ter falado sobre os protestos \u2014 \u201ca sua cr\u00edtica ao regime criminoso tamb\u00e9m manteve os criminosos do regime \u00e0 dist\u00e2ncia\u201d.<\/p>\n<p>\u201cChamei as pessoas para as ruas para lutarem pela sua liberdade. <strong>Pe\u00e7o a sua ajuda. J\u00e1 provou, e eu sei, ser um homem de paz e um homem de palavra.<\/strong> Por favor, esteja pronto a intervir para ajudar os iranianos\u201d, rematou, atrav\u00e9s de uma publica\u00e7\u00e3o no X.<\/p>\n<blockquote class=\"twitter-tweet\" data-width=\"500\" data-dnt=\"true\">\n<p lang=\"en\" dir=\"ltr\">Mr. President, this is an urgent and immediate call for your attention, support, and action. Last night you saw the millions of brave Iranians in the streets facing down live bullets. Today, they are facing not just bullets but a total communications blackout. No Internet. No\u2026<\/p>\n<p>\u2014 Reza Pahlavi (@PahlaviReza) <a href=\"https:\/\/twitter.com\/PahlaviReza\/status\/2009644016036450493?ref_src=twsrc%5Etfw\" rel=\"nofollow noopener\" target=\"_blank\">January 9, 2026<\/a><\/p>\n<\/blockquote>\n<p>Antes desta publica\u00e7\u00e3o, Reza Pahlavi agradeceu a Trump por reiterar a \u201csua promoessa de responsabilizar o regime\u201d iraniano. Aos l\u00edderes europeus, pediu que\u00a0usem todos os \u201crecursos t\u00e9cnicos, financeiros e diplom\u00e1ticos dispon\u00edveis para restaurar a comunica\u00e7\u00e3o ao povo iraniano para que a sua voz e vontade seja ouvida e vista\u201d.<\/p>\n<p>Na quinta-feira, o Presidente dos EUA recusou um encontro com o autoproclamado pr\u00edncipe herdeiro do Ir\u00e3o, sugerindo que Washington n\u00e3o est\u00e1 preparado para apoiar um sucessor do regime iraniano, caso este entre em colapso. \u201cAcho que devemos deixar todos concorrer e ver quem se destaca\u201d, disse ao podcast The Hugh Hewitt Show. \u201cN\u00e3o tenho a certeza se isso seria a coisa certa a fazer\u201d, acrescentou, citado pela Al Jazeera, quando questionado sobre se considera encontrar-se com Reza Pahlavi \u2014 que est\u00e1, h\u00e1 d\u00e9cadas, exilado nos EUA.<\/p>\n<p>            <script async src=\"https:\/\/platform.twitter.com\/widgets.js\" charset=\"utf-8\"><\/script><\/p>\n","protected":false},"excerpt":{"rendered":"O autoproclamado pr\u00edncipe herdeiro do Ir\u00e3o, Reza Pahlavi, dirigiu-se diretamente a Donald Trump pela segunda vez em pouco&hellip;\n","protected":false},"author":2,"featured_media":223522,"comment_status":"","ping_status":"","sticky":false,"template":"","format":"standard","meta":{"footnotes":""},"categories":[8],"tags":[624,27,28,623,15,16,14,11208,25,26,21,22,310,62,12,13,19,20,32,4497,23,24,33,17,18,29,30,31],"class_list":{"0":"post-223521","1":"post","2":"type-post","3":"status-publish","4":"format-standard","5":"has-post-thumbnail","7":"category-principais-noticias","8":"tag-amu00e9rica","9":"tag-breaking-news","10":"tag-breakingnews","11":"tag-estados-unidos-da-amu00e9rica","12":"tag-featured-news","13":"tag-featurednews","14":"tag-headlines","15":"tag-iru00e3o","16":"tag-latest-news","17":"tag-latestnews","18":"tag-main-news","19":"tag-mainnews","20":"tag-mu00e9dio-oriente","21":"tag-mundo","22":"tag-news","23":"tag-noticias","24":"tag-noticias-principais","25":"tag-noticiasprincipais","26":"tag-portugal","27":"tag-presidente-trump","28":"tag-principais-noticias","29":"tag-principaisnoticias","30":"tag-pt","31":"tag-top-stories","32":"tag-topstories","33":"tag-ultimas","34":"tag-ultimas-noticias","35":"tag-ultimasnoticias"},"share_on_mastodon":{"url":"https:\/\/pubeurope.com\/@pt\/115871023556795057","error":""},"_links":{"self":[{"href":"https:\/\/www.europesays.com\/pt\/wp-json\/wp\/v2\/posts\/223521","targetHints":{"allow":["GET"]}}],"collection":[{"href":"https:\/\/www.europesays.com\/pt\/wp-json\/wp\/v2\/posts"}],"about":[{"href":"https:\/\/www.europesays.com\/pt\/wp-json\/wp\/v2\/types\/post"}],"author":[{"embeddable":true,"href":"https:\/\/www.europesays.com\/pt\/wp-json\/wp\/v2\/users\/2"}],"replies":[{"embeddable":true,"href":"https:\/\/www.europesays.com\/pt\/wp-json\/wp\/v2\/comments?post=223521"}],"version-history":[{"count":0,"href":"https:\/\/www.europesays.com\/pt\/wp-json\/wp\/v2\/posts\/223521\/revisions"}],"wp:featuredmedia":[{"embeddable":true,"href":"https:\/\/www.europesays.com\/pt\/wp-json\/wp\/v2\/media\/223522"}],"wp:attachment":[{"href":"https:\/\/www.europesays.com\/pt\/wp-json\/wp\/v2\/media?parent=223521"}],"wp:term":[{"taxonomy":"category","embeddable":true,"href":"https:\/\/www.europesays.com\/pt\/wp-json\/wp\/v2\/categories?post=223521"},{"taxonomy":"post_tag","embeddable":true,"href":"https:\/\/www.europesays.com\/pt\/wp-json\/wp\/v2\/tags?post=223521"}],"curies":[{"name":"wp","href":"https:\/\/api.w.org\/{rel}","templated":true}]}}