{"id":223631,"date":"2026-01-10T15:35:07","date_gmt":"2026-01-10T15:35:07","guid":{"rendered":"https:\/\/www.europesays.com\/pt\/223631\/"},"modified":"2026-01-10T15:35:07","modified_gmt":"2026-01-10T15:35:07","slug":"golden-disc-awards-2026-veja-os-vencedores-da-premiacao","status":"publish","type":"post","link":"https:\/\/www.europesays.com\/pt\/223631\/","title":{"rendered":"Golden Disc Awards 2026: veja os vencedores da premia\u00e7\u00e3o"},"content":{"rendered":"<p>  <img loading=\"lazy\" width=\"1024\" height=\"538\" src=\"data:image\/svg+xml,%3Csvg%20xmlns=\" http:=\"\" class=\"attachment-large size-large wp-post-image\" alt=\"Golden Disc Awards\" style=\"height:auto;width:100%;\" decoding=\"async\" data-lazy- data-lazy- title=\"Golden Disc Awards 2026: veja os vencedores da premia\u00e7\u00e3o 1\" data-lazy-src=\"https:\/\/www.europesays.com\/pt\/wp-content\/uploads\/2026\/01\/golden-disc-1024x538.jpg\"\/><\/p>\n<p class=\"wp-caption-text\" style=\"font-size: 10px;color: #666666;margin-top: 6px;border-bottom: 1px solid #e3e3e3;padding-bottom: 6px;\">Golden Disc Awards (Divulga\u00e7\u00e3o)<\/p>\n<p class=\"p1\">O<strong> Golden Disc Awards 2026<\/strong> homenageou os melhores do ano no <a href=\"https:\/\/billboard.com.br\/generos\/kpop\/\" rel=\"nofollow noopener\" target=\"_blank\">K-pop<\/a> neste s\u00e1bado (10). A premia\u00e7\u00e3o, que aconteceu em Taiwan, contou com performances in\u00e9ditas e a presen\u00e7a de v\u00e1rios grupos e solistas.<\/p>\n<p class=\"p1\"><strong>ATEEZ<\/strong>, <strong>IVE<\/strong>, <strong>ENHYPEN<\/strong>, <strong>Jennie<\/strong>, <strong>CORTIS<\/strong>, <strong>TWS<\/strong>, <strong>Stray<\/strong> <strong>Kids<\/strong>, entre outros artistas, participaram do evento.<\/p>\n<p>Ao receber um pr\u00eamio em nome do <a href=\"https:\/\/billboard.com.br\/artistas\/blackpink\/\" data-internallinksmanager029f6b8e52c=\"12\" title=\"BLACKPINK\" rel=\"nofollow noopener\" target=\"_blank\">BLACKPINK<\/a>, Jennie agradeceu o carinho dos f\u00e3s. Ela tamb\u00e9m levou o Daesang (pr\u00eamio principal) como artista do ano.<\/p>\n<p>\u201c<a href=\"https:\/\/billboard.com.br\/artistas\/blackpink\/\" data-internallinksmanager029f6b8e52c=\"12\" title=\"BLACKPINK\" rel=\"nofollow noopener\" target=\"_blank\">BLACKPINK<\/a> ganhou um pr\u00eamio, ser\u00e1 que nossas integrantes est\u00e3o assistindo? Estou t\u00e3o feliz em receber tanto amor pela nossa m\u00fasica. N\u00e3o posso falar agora porque as integrantes n\u00e3o est\u00e3o aqui, mas acho que Jisoo, Ros\u00e9 e Lisa ficar\u00e3o muito felizes. Vou aceitar este pr\u00eamio em nome delas. Obrigada, Teddy, e amo voc\u00eas todos\u201d, disse a cantora.<\/p>\n<p class=\"p1\">\ud83d\udcf2 <b>K-POP NO WHATSAPP: <a href=\"https:\/\/www.whatsapp.com\/channel\/0029ValKuvo4dTnMRyrLrD0W\" target=\"_blank\" rel=\"noopener nofollow\">Participe do canal da Billboard Brasil para not\u00edcias e entrevistas exclusivas!<\/a><\/b><\/p>\n<p>Veja os vencedores do Golden Disc Awards 2026<\/p>\n<ul>\n<li class=\"p1\">Artista do ano (Daesang): Jennie<\/li>\n<li class=\"p1\">M\u00fasica do ano (Daesang): \u201cHOME SWEET HOME\u201d \u2013 G-DRAGON<\/li>\n<li>\u00c1lbum do ano (Daesang): \u201cKARMA\u201d \u2013 <a href=\"https:\/\/billboard.com.br\/artistas\/stray-kids\/\" data-internallinksmanager029f6b8e52c=\"219\" title=\"Stray Kids\" rel=\"nofollow noopener\" target=\"_blank\">Stray Kids<\/a><\/li>\n<li class=\"p1\">Artista Cosmopolita: IVE<\/li>\n<li class=\"p1\">Nova Gera\u00e7\u00e3o: KiiiKiii<\/li>\n<li class=\"p1\">Escolha Golden: Close Your Eyes, ARrC<\/li>\n<li class=\"p1\">Digital Bonsang: Ros\u00e9, ALLDAY PROJECT, LE SSERAFIM, BOYNEXTDOOR, Jennie, <a href=\"https:\/\/billboard.com.br\/artistas\/blackpink\/\" data-internallinksmanager029f6b8e52c=\"12\" title=\"BLACKPINK\" rel=\"nofollow noopener\" target=\"_blank\">BLACKPINK<\/a>, aespa, IVE, G-DRAGON<\/li>\n<li class=\"p1\">\u00c1lbum Bonsang: ATEEZ, NCT WISH, IVE, RIIZE, <a href=\"https:\/\/billboard.com.br\/artistas\/stray-kids\/\" data-internallinksmanager029f6b8e52c=\"219\" title=\"Stray Kids\" rel=\"nofollow noopener\" target=\"_blank\">Stray Kids<\/a>, G-DRAGON, ZEROBASEONE, TXT, SEVENTEEN, ENHYPEN<\/li>\n<li class=\"p1\">Rookie do Ano: CORTIS, ALLDAY PROJECT<\/li>\n<li class=\"p1\">Impacto Global: Jennie<\/li>\n<li class=\"p1\">Melhor Performance: izna, TWS<\/li>\n<li class=\"p1\">Escolha Naver AI: BOYNEXTDOOR<\/li>\n<li class=\"p1\">Artista mais popular: Jin, Hearts2Hearts<\/li>\n<li class=\"p1\">Melhor grupo: MONSTA X<\/li>\n<\/ul>\n<p>Veja v\u00eddeos das performances do Golden Disc Awards 2026<\/p>\n<blockquote class=\"twitter-tweet\" data-media-max-width=\"560\">\n<p dir=\"ltr\" lang=\"en\">260110 <a href=\"https:\/\/twitter.com\/hashtag\/JENNIE?src=hash&amp;ref_src=twsrc%5Etfw\" target=\"_blank\" rel=\"noopener nofollow\">#JENNIE<\/a> performs \u201cFilter + Damn Right + like JENNIE\u201d at the 40th Golden Disc Awards. <a href=\"https:\/\/t.co\/S8EbwRqFP4\" rel=\"nofollow\">pic.twitter.com\/S8EbwRqFP4<\/a><\/p>\n<p>\u2014 DC \uc81c\ub2c8 \uac24\ub7ec\ub9ac (@JennieDCGallery) <a href=\"https:\/\/twitter.com\/JennieDCGallery\/status\/2010003449958842646?ref_src=twsrc%5Etfw\" target=\"_blank\" rel=\"noopener nofollow\">January 10, 2026<\/a><\/p>\n<\/blockquote>\n<blockquote class=\"twitter-tweet\" data-media-max-width=\"560\">\n<p dir=\"ltr\" lang=\"ko\">260110 \uace8\ub4e0\ub514\uc2a4\ud06c \uc5b4\uc6cc\uc988 <a href=\"https:\/\/twitter.com\/hashtag\/%EC%8A%A4%ED%8A%B8%EB%A0%88%EC%9D%B4%ED%82%A4%EC%A6%88?src=hash&amp;ref_src=twsrc%5Etfw\" target=\"_blank\" rel=\"noopener nofollow\">#\uc2a4\ud2b8\ub808\uc774\ud0a4\uc988<\/a> \ubb34\ub300 Full<\/p>\n<p>\uc2e0\uc120\ub180\uc74c + Do It (Turbo ver.) + CEREMONY (KARMA ver.) <a href=\"https:\/\/t.co\/LBlw7VU61o\" rel=\"nofollow\">pic.twitter.com\/LBlw7VU61o<\/a><\/p>\n<p>\u2014 \ud574\ub2c8 (@IN2128J) <a href=\"https:\/\/twitter.com\/IN2128J\/status\/2009998536763683090?ref_src=twsrc%5Etfw\" target=\"_blank\" rel=\"noopener nofollow\">January 10, 2026<\/a><\/p>\n<\/blockquote>\n<blockquote class=\"twitter-tweet\" data-media-max-width=\"560\">\n<p dir=\"ltr\" lang=\"zxx\"><a href=\"https:\/\/t.co\/oI9nanwJpM\" rel=\"nofollow\">pic.twitter.com\/oI9nanwJpM<\/a><\/p>\n<p>\u2014 \u00b0 (@xoxozl00) <a href=\"https:\/\/twitter.com\/xoxozl00\/status\/2009937673423634539?ref_src=twsrc%5Etfw\" target=\"_blank\" rel=\"noopener nofollow\">January 10, 2026<\/a><\/p>\n<\/blockquote>\n<blockquote class=\"twitter-tweet\" data-media-max-width=\"560\">\n<p dir=\"ltr\" lang=\"en\"><a href=\"https:\/\/twitter.com\/hashtag\/LE_SSERAFIM?src=hash&amp;ref_src=twsrc%5Etfw\" target=\"_blank\" rel=\"noopener nofollow\">#LE_SSERAFIM<\/a> performing rearranged \u201cSPAGHETTI\u201d + \u201cHOT (HUH YUNJIN ver.)\u201d at the 40th Golden Disc Awards<\/p>\n<p><a href=\"https:\/\/t.co\/ryW9gRieoN\" rel=\"nofollow\">pic.twitter.com\/ryW9gRieoN<\/a><\/p>\n<p>\u2014 LESSERAFIM CHARTS (@lpopchartmaster) <a href=\"https:\/\/twitter.com\/lpopchartmaster\/status\/2009970819594891438?ref_src=twsrc%5Etfw\" target=\"_blank\" rel=\"noopener nofollow\">January 10, 2026<\/a><\/p>\n<\/blockquote>\n<p>                            <script async src=\"https:\/\/platform.twitter.com\/widgets.js\" charset=\"utf-8\"><\/script><\/p>\n","protected":false},"excerpt":{"rendered":"Golden Disc Awards (Divulga\u00e7\u00e3o) O Golden Disc Awards 2026 homenageou os melhores do ano no K-pop neste s\u00e1bado&hellip;\n","protected":false},"author":2,"featured_media":223632,"comment_status":"","ping_status":"","sticky":false,"template":"","format":"standard","meta":{"footnotes":""},"categories":[141],"tags":[114,115,149,150,32,33],"class_list":{"0":"post-223631","1":"post","2":"type-post","3":"status-publish","4":"format-standard","5":"has-post-thumbnail","7":"category-musica","8":"tag-entertainment","9":"tag-entretenimento","10":"tag-music","11":"tag-musica","12":"tag-portugal","13":"tag-pt"},"share_on_mastodon":{"url":"https:\/\/pubeurope.com\/@pt\/115871542401952144","error":""},"_links":{"self":[{"href":"https:\/\/www.europesays.com\/pt\/wp-json\/wp\/v2\/posts\/223631","targetHints":{"allow":["GET"]}}],"collection":[{"href":"https:\/\/www.europesays.com\/pt\/wp-json\/wp\/v2\/posts"}],"about":[{"href":"https:\/\/www.europesays.com\/pt\/wp-json\/wp\/v2\/types\/post"}],"author":[{"embeddable":true,"href":"https:\/\/www.europesays.com\/pt\/wp-json\/wp\/v2\/users\/2"}],"replies":[{"embeddable":true,"href":"https:\/\/www.europesays.com\/pt\/wp-json\/wp\/v2\/comments?post=223631"}],"version-history":[{"count":0,"href":"https:\/\/www.europesays.com\/pt\/wp-json\/wp\/v2\/posts\/223631\/revisions"}],"wp:featuredmedia":[{"embeddable":true,"href":"https:\/\/www.europesays.com\/pt\/wp-json\/wp\/v2\/media\/223632"}],"wp:attachment":[{"href":"https:\/\/www.europesays.com\/pt\/wp-json\/wp\/v2\/media?parent=223631"}],"wp:term":[{"taxonomy":"category","embeddable":true,"href":"https:\/\/www.europesays.com\/pt\/wp-json\/wp\/v2\/categories?post=223631"},{"taxonomy":"post_tag","embeddable":true,"href":"https:\/\/www.europesays.com\/pt\/wp-json\/wp\/v2\/tags?post=223631"}],"curies":[{"name":"wp","href":"https:\/\/api.w.org\/{rel}","templated":true}]}}