{"id":223639,"date":"2026-01-10T15:43:21","date_gmt":"2026-01-10T15:43:21","guid":{"rendered":"https:\/\/www.europesays.com\/pt\/223639\/"},"modified":"2026-01-10T15:43:21","modified_gmt":"2026-01-10T15:43:21","slug":"e-inaceitavel-o-que-se-passa-na-saude-seguro-diz-que-e-capaz-de-dar-varios-murros-na-mesa-mendes-defende-mudancas-de-gestao-expresso","status":"publish","type":"post","link":"https:\/\/www.europesays.com\/pt\/223639\/","title":{"rendered":"\u00c9 &quot;inaceit\u00e1vel&quot; o que se passa na Sa\u00fade: Seguro diz que \u00e9 capaz de dar &quot;v\u00e1rios murros na mesa&quot;, Mendes defende mudan\u00e7as de gest\u00e3o &#8211; Expresso"},"content":{"rendered":"<ol>\n<li><a href=\"https:\/\/news.google.com\/rss\/articles\/CBMisAFBVV95cUxQRXJzOW9PQl85VnZvbDRWZlFPVU04MThfSGVqRXVpbDBJUHB0MDNTUGdWMGNFUGNBLWQ2UTFXYWtwdngtcUtqZ0pPUG53ZnhOaEdrQlBaUkZpdFF4ckRmc0xTVzZuU3hUbHR4bDZIUmtabV9mZklHeWs5VVNobnA5NGgySTVQYVgycWpNVWZ0NkF6TjZWc0dHelRjTWZ3VV8teHdoLWxMbE5CMU5wc1lCag?oc=5\" target=\"_blank\" rel=\"nofollow noopener\">\u00c9 &#8220;inaceit\u00e1vel&#8221; o que se passa na Sa\u00fade: Seguro diz que \u00e9 capaz de dar &#8220;v\u00e1rios murros na mesa&#8221;, Mendes defende mudan\u00e7as de gest\u00e3o<\/a>&nbsp;&nbsp;Expresso<\/li>\n<li><a href=\"https:\/\/news.google.com\/rss\/articles\/CBMixAFBVV95cUxQdDVIS3lVUzZoUVZZV1l1aDFEWTJIdWlSWW4yT0piT2t5cUlPR2xhRTRUdlotSVJwdjZYcXRvd2h5NWlCTHJvLW1QSXZLdktGSFBOcktkUFJTMjJpWGZ2S0RjTkFCV0d0WC1haHhhWUFBQWkyTm9OdGFLNFZzZzI2U0JjR25mNnFJNGwxUldrTGg3cEZPUlBiRjFBQmFPUTh0SURHVDJZTnJYQWFGSHFRcEVFSE1MN2lWc2JFREotbkdQYkhM?oc=5\" target=\"_blank\" rel=\"nofollow noopener\">Seguro pede &#8220;coragem pol\u00edtica&#8221; nas prioridades para n\u00e3o faltar dinheiro \u00e0 sa\u00fade<\/a>&nbsp;&nbsp;Jornal de Neg\u00f3cios<\/li>\n<li><a href=\"https:\/\/news.google.com\/rss\/articles\/CBMivgFBVV95cUxOZ2gzbWZKRmVNeUNJNjR0QXUxbUZWV3o3Zy1DTXpjdzVQenp2TVdhT2p4WXdYOWlOTHBmZzFhcjNzVmV5NExWblRPN2RQbENBTG9NM2dVS2xLZ0ZkR3lIYndieVNUNkswcUtkU3FSb0NyOFNrcXhDT3BKQ0lOY0Y1bnNFdVNVZmhOcHczem9jQjVNQjZ6MzNGU3BoZHFhNUJDY2hoWFF6OTVnRy1zeTI5LWV0Rmlfc05zUG11VzNn?oc=5\" target=\"_blank\" rel=\"nofollow noopener\">&#8220;\u00c9 inaceit\u00e1vel vivermos num pa\u00eds, no ano de 2026, em que morrem pessoas por falta de socorro&#8221;, diz Seguro<\/a>&nbsp;&nbsp;Di\u00e1rio de Not\u00edcias<\/li>\n<li><a href=\"https:\/\/news.google.com\/rss\/articles\/CBMitAFBVV95cUxPQmo4akVqbU9XUV9iZ01TX1FWaGZUaWVIeUNqZFVmMDh2OXlpZ3JYeGp4VFVhZFc3MVpLSjh0LVUxZ1ZmVklOZ19RVzJzSVBnQnQ2ZFhqeTNydjItOU82MC1lcGlzMTBhc0tVM1o3UU9RNWR2OEdjVHBxSXRjNFpXUXBHTUE0c2VtOXlRalBoZzQtVjlOWGFhb0phNGs1OTVPSG5ndzlFWFljeGc1Z1dPWlJrZGc?oc=5\" target=\"_blank\" rel=\"nofollow noopener\">Ant\u00f3nio Filipe acusa Montenegro de &#8220;falta de no\u00e7\u00e3o&#8221;<\/a>&nbsp;&nbsp;RTP<\/li>\n<li><a href=\"https:\/\/news.google.com\/rss\/articles\/CBMi5wFBVV95cUxOWFRGakZ0dmtoUHViU1d3V1NVUzA0TDNCRTc4QnEwampEeFpoUmpkU21ETUpLZTJtMlV1VWpmTTZEMW1pNXBBam4xdWtQSHg1cDhqajlZdEFyS0VyM1pCalpVVjJNbm5vVEFteTVyb0Q3cE9jaUlUbEtmY2VXMG1RM01BeUZBbXBuTGR2OVhleHNJSHNvZlB6N3FqcXFpbkFDMEx1WWx3MzFhcWhtc2tNd0R5cUlIMEdsT3FTM2lpbWdCT0FaYlAxV1dWaUluVlAzLU1wT1drYnZrbVlnUzhOVDB6UFYxcXc?oc=5\" target=\"_blank\" rel=\"nofollow noopener\">Seguro recupera slogan de Soares e critica estado da sa\u00fade em Portugal<\/a>&nbsp;&nbsp;SIC Not\u00edcias<\/li>\n<\/ol>\n","protected":false},"excerpt":{"rendered":"\u00c9 &#8220;inaceit\u00e1vel&#8221; o que se passa na Sa\u00fade: Seguro diz que \u00e9 capaz de dar &#8220;v\u00e1rios murros na&hellip;\n","protected":false},"author":2,"featured_media":223640,"comment_status":"","ping_status":"","sticky":false,"template":"","format":"standard","meta":{"footnotes":""},"categories":[10],"tags":[27,28,15,16,14,25,26,21,22,12,13,19,20,32,23,24,33,17,18,29,30,31],"class_list":{"0":"post-223639","1":"post","2":"type-post","3":"status-publish","4":"format-standard","5":"has-post-thumbnail","7":"category-portugal","8":"tag-breaking-news","9":"tag-breakingnews","10":"tag-featured-news","11":"tag-featurednews","12":"tag-headlines","13":"tag-latest-news","14":"tag-latestnews","15":"tag-main-news","16":"tag-mainnews","17":"tag-news","18":"tag-noticias","19":"tag-noticias-principais","20":"tag-noticiasprincipais","21":"tag-portugal","22":"tag-principais-noticias","23":"tag-principaisnoticias","24":"tag-pt","25":"tag-top-stories","26":"tag-topstories","27":"tag-ultimas","28":"tag-ultimas-noticias","29":"tag-ultimasnoticias"},"share_on_mastodon":{"url":"https:\/\/pubeurope.com\/@pt\/115871573878405370","error":""},"_links":{"self":[{"href":"https:\/\/www.europesays.com\/pt\/wp-json\/wp\/v2\/posts\/223639","targetHints":{"allow":["GET"]}}],"collection":[{"href":"https:\/\/www.europesays.com\/pt\/wp-json\/wp\/v2\/posts"}],"about":[{"href":"https:\/\/www.europesays.com\/pt\/wp-json\/wp\/v2\/types\/post"}],"author":[{"embeddable":true,"href":"https:\/\/www.europesays.com\/pt\/wp-json\/wp\/v2\/users\/2"}],"replies":[{"embeddable":true,"href":"https:\/\/www.europesays.com\/pt\/wp-json\/wp\/v2\/comments?post=223639"}],"version-history":[{"count":0,"href":"https:\/\/www.europesays.com\/pt\/wp-json\/wp\/v2\/posts\/223639\/revisions"}],"wp:featuredmedia":[{"embeddable":true,"href":"https:\/\/www.europesays.com\/pt\/wp-json\/wp\/v2\/media\/223640"}],"wp:attachment":[{"href":"https:\/\/www.europesays.com\/pt\/wp-json\/wp\/v2\/media?parent=223639"}],"wp:term":[{"taxonomy":"category","embeddable":true,"href":"https:\/\/www.europesays.com\/pt\/wp-json\/wp\/v2\/categories?post=223639"},{"taxonomy":"post_tag","embeddable":true,"href":"https:\/\/www.europesays.com\/pt\/wp-json\/wp\/v2\/tags?post=223639"}],"curies":[{"name":"wp","href":"https:\/\/api.w.org\/{rel}","templated":true}]}}