{"id":223661,"date":"2026-01-10T15:59:07","date_gmt":"2026-01-10T15:59:07","guid":{"rendered":"https:\/\/www.europesays.com\/pt\/223661\/"},"modified":"2026-01-10T15:59:07","modified_gmt":"2026-01-10T15:59:07","slug":"cristina-ferreira-e-joao-monteiro-estao-no-quenia-veja-as-fotos-deslumbrantes-das-ferias-da-apresentadora-celebridades","status":"publish","type":"post","link":"https:\/\/www.europesays.com\/pt\/223661\/","title":{"rendered":"Cristina Ferreira e Jo\u00e3o Monteiro est\u00e3o no Qu\u00e9nia. Veja as fotos deslumbrantes das f\u00e9rias da apresentadora &#8211; Celebridades"},"content":{"rendered":"<p data-start=\"0\" data-end=\"322\">Cristina Ferreira j\u00e1 est\u00e1 a desfrutar das f\u00e9rias no Qu\u00e9nia e n\u00e3o tardou a partilhar os primeiros registos da viagem nas redes sociais. Depois de longas horas de voo, a apresentadora chegou a Nair\u00f3bi, onde se encontra a descansar na companhia do namorado, Jo\u00e3o Monteiro, e come\u00e7ou a estadia com uma experi\u00eancia pouco comum.<\/p>\n<p data-start=\"324\" data-end=\"695\">\u201c<strong>Primeiro dia de viagem e j\u00e1 com uma mem\u00f3ria para a vida: alimentar girafas.<\/strong> Espertas e de l\u00edngua comprida s\u00e3o amig\u00e1veis e lindas. \u00c1frica tem sempre um impacto gigante em quem chega. Pelo modo de vida, pelas cores, pelos sorrisos\u201d, escreveu Cristina Ferreira na legenda das imagens divulgadas na manh\u00e3 desta sexta-feira, 9 de janeiro, nas quais surge a viver de perto esta experi\u00eancia.<\/p>\n<p data-start=\"697\" data-end=\"1032\"><strong>A empres\u00e1ria est\u00e1 alojada na suite presidencial de um hotel de luxo da Hemingways Collection, em Nair\u00f3bi, cujo valor ronda os dois mil euros por noite.<\/strong> \u201cA noite foi passada num dos mais emblem\u00e1ticos hot\u00e9is da cidade (\u2026). Gentilmente deram-nos a suite presidencial para a estadia\u201d, revelou tamb\u00e9m numa publica\u00e7\u00e3o feita nas redes sociais.<\/p>\n<p data-start=\"1034\" data-end=\"1274\">Nas redes sociais, a tamb\u00e9m diretora de Entretenimento e Fic\u00e7\u00e3o da TVI tem aproveitado para partilhar v\u00e1rios registos daquilo que o casal anda a experienciar. Entre animais, paisagens deslumbrantes e alguns perip\u00e9cias (o facto de ter de dormir com uma buzina, por exemplo), Cristina Ferreira tem levado os seguidores consigo.<\/p>\n<p>Espreite a galeria                        <\/p>\n","protected":false},"excerpt":{"rendered":"Cristina Ferreira j\u00e1 est\u00e1 a desfrutar das f\u00e9rias no Qu\u00e9nia e n\u00e3o tardou a partilhar os primeiros registos&hellip;\n","protected":false},"author":2,"featured_media":223662,"comment_status":"","ping_status":"","sticky":false,"template":"","format":"standard","meta":{"footnotes":""},"categories":[145],"tags":[211,210,114,115,32,33],"class_list":{"0":"post-223661","1":"post","2":"type-post","3":"status-publish","4":"format-standard","5":"has-post-thumbnail","7":"category-celebridades","8":"tag-celebridades","9":"tag-celebrities","10":"tag-entertainment","11":"tag-entretenimento","12":"tag-portugal","13":"tag-pt"},"share_on_mastodon":{"url":"https:\/\/pubeurope.com\/@pt\/115871636701803647","error":""},"_links":{"self":[{"href":"https:\/\/www.europesays.com\/pt\/wp-json\/wp\/v2\/posts\/223661","targetHints":{"allow":["GET"]}}],"collection":[{"href":"https:\/\/www.europesays.com\/pt\/wp-json\/wp\/v2\/posts"}],"about":[{"href":"https:\/\/www.europesays.com\/pt\/wp-json\/wp\/v2\/types\/post"}],"author":[{"embeddable":true,"href":"https:\/\/www.europesays.com\/pt\/wp-json\/wp\/v2\/users\/2"}],"replies":[{"embeddable":true,"href":"https:\/\/www.europesays.com\/pt\/wp-json\/wp\/v2\/comments?post=223661"}],"version-history":[{"count":0,"href":"https:\/\/www.europesays.com\/pt\/wp-json\/wp\/v2\/posts\/223661\/revisions"}],"wp:featuredmedia":[{"embeddable":true,"href":"https:\/\/www.europesays.com\/pt\/wp-json\/wp\/v2\/media\/223662"}],"wp:attachment":[{"href":"https:\/\/www.europesays.com\/pt\/wp-json\/wp\/v2\/media?parent=223661"}],"wp:term":[{"taxonomy":"category","embeddable":true,"href":"https:\/\/www.europesays.com\/pt\/wp-json\/wp\/v2\/categories?post=223661"},{"taxonomy":"post_tag","embeddable":true,"href":"https:\/\/www.europesays.com\/pt\/wp-json\/wp\/v2\/tags?post=223661"}],"curies":[{"name":"wp","href":"https:\/\/api.w.org\/{rel}","templated":true}]}}