{"id":223667,"date":"2026-01-10T16:04:11","date_gmt":"2026-01-10T16:04:11","guid":{"rendered":"https:\/\/www.europesays.com\/pt\/223667\/"},"modified":"2026-01-10T16:04:11","modified_gmt":"2026-01-10T16:04:11","slug":"doce-vinganca-brian-de-palma-fara-seu-novo-filme-este-ano","status":"publish","type":"post","link":"https:\/\/www.europesays.com\/pt\/223667\/","title":{"rendered":"Doce Vingan\u00e7a | Brian De Palma far\u00e1 seu novo filme este ano"},"content":{"rendered":"<p>  <img decoding=\"async\" src=\"https:\/\/cdn.ome.lt\/static\/omelete\/img\/loading.svg\" alt=\"\"\/><\/p>\n<p>  <img decoding=\"async\" class=\"article__cover__image\" data-lazy-src-mob=\"\/\/cdn.ome.lt\/Vm388szRilXDBTAjAHxxye1RY8w=\/570x0\/smart\/filters:format(webp)\/uploads\/conteudo\/fotos\/OMELETE_CAPA_-_2026-01-09T123522.220.webp\" data-lazy-src=\"https:\/\/cdn.ome.lt\/3K7lXrt5rAnNkr5tWCmUUDjF2S4=\/987x0\/smart\/filters:format(webp)\/uploads\/conteudo\/fotos\/OMELETE_CAPA_-_2026-01-09T123522.220.webp\" src=\"data:image\/png;base64,iVBORw0KGgoAAAANSUhEUgAAAAEAAAABCAQAAAC1HAwCAAAAC0lEQVR42mNkYAAAAAYAAjCB0C8AAAAASUVORK5CYII=\" alt=\"Doce Vingan\u00e7a | Brian De Palma far\u00e1 seu novo filme este ano\" title=\"Reprodu\u00e7\u00e3o \/ YouTube\" width=\"987\" height=\"555\" fetchpriority=\"high\"\/><\/p>\n<p class=\"article__cover__credits\">\n  Cr\u00e9ditos da imagem:<br \/>\n  Reprodu\u00e7\u00e3o \/ YouTube\n<\/p>\n<p>O lend\u00e1rio cineasta\u00a0<strong>Brian De Palma\u00a0<\/strong>come\u00e7ar\u00e1 a filmar <strong>Doce Vingan\u00e7a<\/strong>,\u00a0seu novo filme, este ano, durante o ver\u00e3o do hemisf\u00e9rio norte.<\/p>\n<p>A not\u00edcia foi confirmada pelo\u00a0<a href=\"https:\/\/thefilmstage.com\/brian-de-palma-will-direct-sweet-vengeance-this-summer\/\" rel=\"nofollow noopener\" target=\"_blank\">The Film Stage<\/a>, que afirma que as filmagens acontecer\u00e3o no terceiro trimestre do ano. O filme ser\u00e1 filmado em Portugal. O projeto foi anunciado originalmente em 2018, e \u00e9 inspirado em duas hist\u00f3rias reais de assassinato.<\/p>\n<p>            Continua depois da Publicidade<\/p>\n<p>Na \u00e9poca do an\u00fancio, De Palma falou que estava interessado no universo do true crime: &#8220;Estou interessado em como eles contam a hist\u00f3ria do crime, ent\u00e3o farei do jeito que [eles] fazem na televis\u00e3o&#8221;. At\u00e9 o momento, entretanto, n\u00e3o h\u00e1 informa\u00e7\u00f5es sobre o elenco ou a sinopse oficial do filme.<\/p>\n<p>Considerando as filmagens ainda em 2026, \u00e9 prov\u00e1vel que\u00a0Doce Vingan\u00e7a\u00a0seja lan\u00e7ado em 2027. O \u00faltimo filme de De Palma foi <strong>Domino<\/strong>, thriller policial estrelado por <strong>Nikolaj Coster-Waldau <\/strong>e<strong> Guy Pearce<\/strong>, lan\u00e7ado em 2019.<\/p>\n<p>Fique ligado no\u00a0<strong>Omelete\u00a0<\/strong>para mais novidades sobre\u00a0Doce Vingan\u00e7a.\u00a0<\/p>\n","protected":false},"excerpt":{"rendered":"Cr\u00e9ditos da imagem: Reprodu\u00e7\u00e3o \/ YouTube O lend\u00e1rio cineasta\u00a0Brian De Palma\u00a0come\u00e7ar\u00e1 a filmar Doce Vingan\u00e7a,\u00a0seu novo filme, este&hellip;\n","protected":false},"author":2,"featured_media":223668,"comment_status":"","ping_status":"","sticky":false,"template":"","format":"standard","meta":{"footnotes":""},"categories":[140],"tags":[114,115,147,148,146,32,33],"class_list":{"0":"post-223667","1":"post","2":"type-post","3":"status-publish","4":"format-standard","5":"has-post-thumbnail","7":"category-filmes","8":"tag-entertainment","9":"tag-entretenimento","10":"tag-film","11":"tag-filmes","12":"tag-movies","13":"tag-portugal","14":"tag-pt"},"share_on_mastodon":{"url":"https:\/\/pubeurope.com\/@pt\/115871656846820855","error":""},"_links":{"self":[{"href":"https:\/\/www.europesays.com\/pt\/wp-json\/wp\/v2\/posts\/223667","targetHints":{"allow":["GET"]}}],"collection":[{"href":"https:\/\/www.europesays.com\/pt\/wp-json\/wp\/v2\/posts"}],"about":[{"href":"https:\/\/www.europesays.com\/pt\/wp-json\/wp\/v2\/types\/post"}],"author":[{"embeddable":true,"href":"https:\/\/www.europesays.com\/pt\/wp-json\/wp\/v2\/users\/2"}],"replies":[{"embeddable":true,"href":"https:\/\/www.europesays.com\/pt\/wp-json\/wp\/v2\/comments?post=223667"}],"version-history":[{"count":0,"href":"https:\/\/www.europesays.com\/pt\/wp-json\/wp\/v2\/posts\/223667\/revisions"}],"wp:featuredmedia":[{"embeddable":true,"href":"https:\/\/www.europesays.com\/pt\/wp-json\/wp\/v2\/media\/223668"}],"wp:attachment":[{"href":"https:\/\/www.europesays.com\/pt\/wp-json\/wp\/v2\/media?parent=223667"}],"wp:term":[{"taxonomy":"category","embeddable":true,"href":"https:\/\/www.europesays.com\/pt\/wp-json\/wp\/v2\/categories?post=223667"},{"taxonomy":"post_tag","embeddable":true,"href":"https:\/\/www.europesays.com\/pt\/wp-json\/wp\/v2\/tags?post=223667"}],"curies":[{"name":"wp","href":"https:\/\/api.w.org\/{rel}","templated":true}]}}